{"id":142480,"date":"2025-09-27T15:26:10","date_gmt":"2025-09-27T15:26:10","guid":{"rendered":"https:\/\/www.europesays.com\/es\/142480\/"},"modified":"2025-09-27T15:26:10","modified_gmt":"2025-09-27T15:26:10","slug":"el-112-cv-decreta-preemergencia-nivel-naranja-por-precipitaciones-y-tormentas-para-el-lunes-29-de-septiembre","status":"publish","type":"post","link":"https:\/\/www.europesays.com\/es\/142480\/","title":{"rendered":"El 112 CV decreta preemergencia nivel naranja por precipitaciones y tormentas para el lunes 29 de septiembre"},"content":{"rendered":"<p style=\"text-align: center;\"><img decoding=\"async\" src=\"https:\/\/www.europesays.com\/es\/wp-content\/uploads\/2025\/09\/precipitaciones-alerta-naranja.jpg\" alt=\"\" width=\"850\" height=\"712.5531914893618\"\/><\/p>\n<p style=\"text-align: justify;\">El 112 Comunitat Valenciana ha decretado la preemergencia nivel naranja en Sagunto y en toda la provincia de Valencia para el lunes 29 de septiembre ante el aviso naranja de la AEMET por riesgo importante de precipitaciones y tormentas.<\/p>\n<p style=\"text-align: justify;\">Se esperan lluvias generalizadas en toda la provincia de Valencia con valores acumulados en 12 horas que podr\u00edan alcanzar los 140 mm y de hasta 40 mm en una hora. Se recomienda a la poblaci\u00f3n mantenerse informada a trav\u00e9s de fuentes oficiales como el propio <a rel=\"noopener nofollow\" href=\"https:\/\/www.112cv.gva.es\/es\/inicio\" target=\"_blank\"><strong>112 CV<\/strong><\/a> o la propia <a rel=\"noopener nofollow\" href=\"https:\/\/www.aemet.es\/es\/eltiempo\/prediccion\/avisos\" target=\"_blank\"><strong>AEMET<\/strong><\/a>.<\/p>\n<p style=\"text-align: justify;\">Con motivo de la alerta por precipitaciones, el Consistorio activa el dispositivo para prevenir escenarios de fuertes lluvias coordinando a diferentes \u00e1reas como Aig\u00fces de Sagunt, Polic\u00eda Local, Guardia Rural, Mantenimiento, Protecci\u00f3n Civil y SAG, cuyo personal estar\u00e1 movilizado y preparado para intervenir en caso de aver\u00edas o incidencias urgentes. Tambi\u00e9n se cortar\u00e1 preventivamente la circulaci\u00f3n en zonas inundables y\/o propensas a acumulaci\u00f3n de agua.<\/p>\n<p style=\"text-align: justify;\">Desde el Ayuntamiento de Sagunto se recuerda a la ciudadan\u00eda algunas de las recomendaciones que, por una mayor seguridad, cabe seguir en estas situaciones de alerta por precipitaciones intensas, como son extremar las precauciones e informarse en tiempo real de los avisos oficiales del Ayuntamiento de Sagunto, <a rel=\"noopener nofollow\" href=\"https:\/\/www.aemet.es\/es\/eltiempo\/prediccion\/avisos\" target=\"_blank\"><strong>AEMET<\/strong><\/a> y el <a rel=\"noopener nofollow\" href=\"https:\/\/www.112cv.gva.es\/es\/inicio\" target=\"_blank\"><strong>112 CV<\/strong><\/a>.<\/p>\n<p style=\"text-align: justify;\">Adem\u00e1s, se aconseja abstenerse de utilizar el veh\u00edculo si no es estrictamente necesario. De hacerlo, en carretera se recomienda circular preferentemente por rutas principales y autopistas, moderando la velocidad y aumentando la distancia de seguridad. En caso de problemas de visibilidad, es mejor detener el veh\u00edculo.<\/p>\n<p style=\"text-align: justify;\">Tambi\u00e9n se debe evitar cruzar y permanecer cerca de barrancos, cauces de r\u00edos u otros lugares en los que pueda acumularse agua y, por supuesto, no estacionar en estas ubicaciones.<\/p>\n<p style=\"text-align: justify;\">Igualmente, es importante asegurar elementos como toldos y persianas, evitar obstrucciones de los desag\u00fces, as\u00ed como retirar cualquier objeto que pueda ser arrastrado por el agua o por vientos potentes.<\/p>\n","protected":false},"excerpt":{"rendered":"El 112 Comunitat Valenciana ha decretado la preemergencia nivel naranja en Sagunto y en toda la provincia de&hellip;\n","protected":false},"author":2,"featured_media":142481,"comment_status":"","ping_status":"","sticky":false,"template":"","format":"standard","meta":{"footnotes":""},"categories":[5],"tags":[17,18,25,24,13,14,11,19,20,9,10,15,16,23,12,21,22],"class_list":{"0":"post-142480","1":"post","2":"type-post","3":"status-publish","4":"format-standard","5":"has-post-thumbnail","7":"category-titulares","8":"tag-breaking-news","9":"tag-breakingnews","10":"tag-es","11":"tag-espana","12":"tag-featured-news","13":"tag-featurednews","14":"tag-headlines","15":"tag-latest-news","16":"tag-latestnews","17":"tag-news","18":"tag-noticias","19":"tag-noticias-destacadas","20":"tag-noticiasdestacadas","21":"tag-spain","22":"tag-titulares","23":"tag-ultimas-noticias","24":"tag-ultimasnoticias"},"share_on_mastodon":{"url":"","error":""},"_links":{"self":[{"href":"https:\/\/www.europesays.com\/es\/wp-json\/wp\/v2\/posts\/142480","targetHints":{"allow":["GET"]}}],"collection":[{"href":"https:\/\/www.europesays.com\/es\/wp-json\/wp\/v2\/posts"}],"about":[{"href":"https:\/\/www.europesays.com\/es\/wp-json\/wp\/v2\/types\/post"}],"author":[{"embeddable":true,"href":"https:\/\/www.europesays.com\/es\/wp-json\/wp\/v2\/users\/2"}],"replies":[{"embeddable":true,"href":"https:\/\/www.europesays.com\/es\/wp-json\/wp\/v2\/comments?post=142480"}],"version-history":[{"count":0,"href":"https:\/\/www.europesays.com\/es\/wp-json\/wp\/v2\/posts\/142480\/revisions"}],"wp:featuredmedia":[{"embeddable":true,"href":"https:\/\/www.europesays.com\/es\/wp-json\/wp\/v2\/media\/142481"}],"wp:attachment":[{"href":"https:\/\/www.europesays.com\/es\/wp-json\/wp\/v2\/media?parent=142480"}],"wp:term":[{"taxonomy":"category","embeddable":true,"href":"https:\/\/www.europesays.com\/es\/wp-json\/wp\/v2\/categories?post=142480"},{"taxonomy":"post_tag","embeddable":true,"href":"https:\/\/www.europesays.com\/es\/wp-json\/wp\/v2\/tags?post=142480"}],"curies":[{"name":"wp","href":"https:\/\/api.w.org\/{rel}","templated":true}]}}