{"id":142484,"date":"2025-09-27T15:28:15","date_gmt":"2025-09-27T15:28:15","guid":{"rendered":"https:\/\/www.europesays.com\/es\/142484\/"},"modified":"2025-09-27T15:28:15","modified_gmt":"2025-09-27T15:28:15","slug":"sanchez-araujo-cornada-de-10-cm-en-muslo-izquierdo-y-traumatismo-costal","status":"publish","type":"post","link":"https:\/\/www.europesays.com\/es\/142484\/","title":{"rendered":"S\u00e1nchez Araujo, cornada de 10 cm en muslo izquierdo y traumatismo costal"},"content":{"rendered":"<p>El banderillero <strong>Francisco Javier S\u00e1nchez Araujo<\/strong>, de la cuadrilla de <strong>Pablo Aguado<\/strong>, ha sido trasladado al hospital <strong>Viamed Santa \u00c1ngela de la Cruz <\/strong>tras ser intervenido en la enfermer\u00eda de la<strong> Real Maestranza de Sevilla <\/strong>de una<strong> \u00abcornada de 10 cent\u00edmetros en el muslo izquierdo\u00bb <\/strong>despu\u00e9s de\u00a0 ser cogido aparatosamente por el sexto toro de <strong>Victoriano del R\u00edo<\/strong> en la primera corrida de la <strong>Feria de San Miguel<\/strong>.<\/p>\n<p>El subalterno tambi\u00e9n sufri\u00f3 un<strong> \u00abtraumatismo costal derecho sin signos cl\u00ednicos de fractura, pendiente de estudio radiol\u00f3gico. y otro m\u00e1s en regi\u00f3n mastoidea con hematoma no complicado\u00bb,<\/strong> seg\u00fan indica el parte m\u00e9dico que firma el doctor <strong>Octavio Mulet<\/strong>.<\/p>\n<p><strong>S\u00e1nchez Araujo<\/strong> fue prendido a la salida de un par de banderillas, momento en que el toro le hizo hilo, perdiendo pie el subalterno cayendo al suelo, donde lo volte\u00f3. Cuando llegaron los capotes en forma de quite de los compa\u00f1eros, pareci\u00f3 zafarse quedando inm\u00f3vil en el suelo, protegi\u00e9ndose con las manos, pero en ese momento de auxilio para tratar de llevarse al toro de sus compa\u00f1eros, el astado volvi\u00f3 a encelarse con el banderillero. Pasado esos instantes de peligro, se puso en pie visiblemente dolorido refugi\u00e1ndose en el callej\u00f3n, donde fue llevado hacia la enfermer\u00eda.<\/p>\n<p><strong>PARTE M\u00c9DICO DE FCO. JAVIER S\u00c1NCHEZ ARAUJO<\/strong>: \u00abCornada de 10 cent\u00edmetros en el borde medial cara interna del muslo izquierdo con trayectoria ascendente, dislacerando musculatura del vasto interno sin lesiones asociadas de vasos. Se realiza exploraci\u00f3n quir\u00fargica, hemostasia, lavado y cierre por planos previo drenaje. Traumatismo costal derecho sin signos cl\u00ednicos de fractura, pendiente de estudio radiol\u00f3gico. Traumatismo en regi\u00f3n mastoidea con hematoma no complicado. No focalidad neurol\u00f3gica. Pulsos presentes a todos los niveles. Se traslada al Hospital Viamed Santa \u00c1ngela de la Cruz para ingreso. Pron\u00f3stico menos grave. Firmado: doctor Octavio Mulet\u00bb.<\/p>\n","protected":false},"excerpt":{"rendered":"El banderillero Francisco Javier S\u00e1nchez Araujo, de la cuadrilla de Pablo Aguado, ha sido trasladado al hospital Viamed&hellip;\n","protected":false},"author":2,"featured_media":142485,"comment_status":"","ping_status":"","sticky":false,"template":"","format":"standard","meta":{"footnotes":""},"categories":[277],"tags":[45,373,168,25,24,40815,1226,1227,44193,1171,23,167,625,374],"class_list":{"0":"post-142484","1":"post","2":"type-post","3":"status-publish","4":"format-standard","5":"has-post-thumbnail","7":"category-toreo","8":"tag-45","9":"tag-bullfighting","10":"tag-deportes","11":"tag-es","12":"tag-espana","13":"tag-feria-de-san-miguel","14":"tag-noticias-de-toros","15":"tag-noticias-taurinas","16":"tag-sanchez-araujo","17":"tag-sevilla","18":"tag-spain","19":"tag-sports","20":"tag-tauromaquia","21":"tag-toreo"},"share_on_mastodon":{"url":"","error":""},"_links":{"self":[{"href":"https:\/\/www.europesays.com\/es\/wp-json\/wp\/v2\/posts\/142484","targetHints":{"allow":["GET"]}}],"collection":[{"href":"https:\/\/www.europesays.com\/es\/wp-json\/wp\/v2\/posts"}],"about":[{"href":"https:\/\/www.europesays.com\/es\/wp-json\/wp\/v2\/types\/post"}],"author":[{"embeddable":true,"href":"https:\/\/www.europesays.com\/es\/wp-json\/wp\/v2\/users\/2"}],"replies":[{"embeddable":true,"href":"https:\/\/www.europesays.com\/es\/wp-json\/wp\/v2\/comments?post=142484"}],"version-history":[{"count":0,"href":"https:\/\/www.europesays.com\/es\/wp-json\/wp\/v2\/posts\/142484\/revisions"}],"wp:featuredmedia":[{"embeddable":true,"href":"https:\/\/www.europesays.com\/es\/wp-json\/wp\/v2\/media\/142485"}],"wp:attachment":[{"href":"https:\/\/www.europesays.com\/es\/wp-json\/wp\/v2\/media?parent=142484"}],"wp:term":[{"taxonomy":"category","embeddable":true,"href":"https:\/\/www.europesays.com\/es\/wp-json\/wp\/v2\/categories?post=142484"},{"taxonomy":"post_tag","embeddable":true,"href":"https:\/\/www.europesays.com\/es\/wp-json\/wp\/v2\/tags?post=142484"}],"curies":[{"name":"wp","href":"https:\/\/api.w.org\/{rel}","templated":true}]}}