{"id":142492,"date":"2025-09-27T15:34:14","date_gmt":"2025-09-27T15:34:14","guid":{"rendered":"https:\/\/www.europesays.com\/es\/142492\/"},"modified":"2025-09-27T15:34:14","modified_gmt":"2025-09-27T15:34:14","slug":"entrevista-antes-del-primer-partido-de-su-historia-en-casa-2","status":"publish","type":"post","link":"https:\/\/www.europesays.com\/es\/142492\/","title":{"rendered":"entrevista antes del primer partido de su historia en casa"},"content":{"rendered":"<p>Algo se mueve en Toledo, y tiene buena pinta. Un nuevo proyecto ha surgido este verano, con muchas ganas de arraigar en un territorio que tradicionalmente no ha sido una de las plazas de baloncesto en el mapa de nuestro pa\u00eds, pero que cuenta con elementos suficientes para convertirse en una de ellas. Y con ese objetivo ha nacido este verano el Baloncesto Toledo, un nuevo club surgido en la localidad imperial que aterriza directamente en Segunda FEB, la tercera categor\u00eda del baloncesto espa\u00f1ol, desde donde ya est\u00e1 haciendo ruido.<\/p>\n<p>En la Copa de Espa\u00f1a han ganado sus dos primeros partidos, ante Getafe y C\u00e1ceres, y este s\u00e1bado juegan ante la Spanish Basket Academy el primer partido oficial de su historia en casa, en el Javier Lozano.<\/p>\n<p>Hablamos con su presidente, V\u00edctor del R\u00edo, para conocer de primera mano c\u00f3mo surge este interesante nuevo proyecto en nuestro baloncesto, que cuenta con el aval de un entrenador contrastado como Sergio Vicente \u2018Yeyo\u2019 y una plantilla muy interesante para la categor\u00eda, con nombres experimentados en nuestro basket como V\u00edctor Moreno o Sergio Mendiola y apuestas interesantes como I\u00f1aki \u00c1lvarez.<\/p>\n<p><strong>G: \u00bfC\u00f3mo llega V\u00edctor del R\u00edo a Toledo? \u00bfC\u00f3mo es ese inicio? \u00bfPor qu\u00e9 empieza todo esto?<\/strong><br \/>R: Llegu\u00e9 hace casi cuatro a\u00f1os a la ciudad a trav\u00e9s del festival de m\u00fasica que llevamos organizando desde entonces, el Toledo Beat Festival. Poco a poco me fui encontrando con una ciudad que ten\u00eda todos los ingredientes necesarios para un proyecto bonito como el del Toledo Basket: a nivel empresarial, institucional, de conexiones con Madrid, que es muy importante.<br \/>Adem\u00e1s, soy un gran aficionado al baloncesto y Toledo ten\u00eda una deuda en lo deportivo. Hab\u00eda tenido historia en balonmano en Primera Divisi\u00f3n hace 15 o 20 a\u00f1os, tambi\u00e9n en f\u00fatbol sala, pero el f\u00fatbol lleva m\u00e1s de 15 a\u00f1os en categor\u00edas regionales y el baloncesto nunca hab\u00eda tenido nada profesional. Nos juntamos un grupo de apasionados y pensamos que era el sitio adecuado. La respuesta de la gente fue inmediata: por ejemplo, en marzo del a\u00f1o pasado se agotaron en siete minutos las entradas para un partido de la selecci\u00f3n espa\u00f1ola de f\u00fatbol sala. Eso nos hizo ver que hab\u00eda expectaci\u00f3n y ganas de cosas positivas. En principio el proyecto iba a arrancar el a\u00f1o que viene, pero al hablar con la federaci\u00f3n vimos que habr\u00eda una plaza disponible y todo se adelant\u00f3.<\/p>\n<p><strong>G: \u00bfC\u00f3mo empieza de cero un club o un proyecto en general? \u00bfPor d\u00f3nde se arranca?<\/strong><br \/>R: Lo primero fue tener claro qui\u00e9nes \u00edbamos a sacarlo adelante, sabiendo que el primer a\u00f1o ser\u00eda muy complicado. Ten\u00edamos que empezar casi por el tejado en vez de por los cimientos: no hab\u00eda estructura de club, pero hab\u00eda que dar pasos. El primer logro fue conseguir la plaza, incluso antes de tener el nombre registrado o hablar con las instituciones. Hab\u00eda varias opciones y llegamos a un acuerdo con Godella en junio.Despu\u00e9s presentamos el proyecto a las instituciones, que dieron su visto bueno en instalaciones. Luego formamos la plantilla en apenas una semana o diez d\u00edas, algo que parec\u00eda m\u00e1s complicado en una ciudad sin tradici\u00f3n. Sin embargo, tanto el entrenador como nosotros supimos transmitir a jugadores importantes que era un proyecto atractivo y empezaron a comprometerse uno tras otro. Creo que hemos reunido una plantilla extraordinaria, de las mejores de la categor\u00eda para un inicio.<\/p>\n<p><a href=\"https:\/\/www.europesays.com\/es\/wp-content\/uploads\/2025\/09\/WhatsApp-Image-2025-09-24-at-16.47.07-scaled.jpeg.webp.webp\"><img loading=\"lazy\" decoding=\"async\" class=\"aligncenter size-full wp-image-760345\" src=\"https:\/\/www.europesays.com\/es\/wp-content\/uploads\/2025\/09\/WhatsApp-Image-2025-09-24-at-16.47.07-scaled.jpeg.webp.webp\" alt=\"\" width=\"2560\" height=\"1707\"  \/><\/a><\/p>\n<p><strong>G: Entiendo que al principio costar\u00eda que os tomaran en serio. \u00bfC\u00f3mo fue ese proceso?<\/strong><br \/>R: Mi experiencia en Talavera, de cara al p\u00fablico, no fue positiva. Empec\u00e9 un proyecto con otras personas, nos separamos empresarialmente y a los seis meses tuve que salir. La gente solo vio que no sali\u00f3 bien, as\u00ed que no era una carta a mi favor. En Toledo toc\u00f3 convencer a los jugadores mostr\u00e1ndoles el proyecto, asegurando seriedad y profesionalidad. En estas categor\u00edas, la mayor\u00eda son jugadores veteranos que quieren sentirse profesionales. Eso significa instalaciones, organizaci\u00f3n y estabilidad en el d\u00eda a d\u00eda. Poco a poco fuimos cumpliendo lo prometido. Los jugadores nos dicen que est\u00e1n encantados. Cuidamos detalles como lavarles la ropa a diario, algo que se asocia a clubes ACB, o darles un pabell\u00f3n disponible cada ma\u00f1ana. Adem\u00e1s, en dos semanas ya hab\u00eda casi 500 socios inscritos.<\/p>\n<p><strong>G: En estos primeros meses, \u00bfqu\u00e9 ha sido lo m\u00e1s complicado?<\/strong><br \/>R: La falta de horas. Aunque en verano ten\u00edamos cierta disponibilidad, nos ve\u00edamos desbordados. Hicimos de todo: modificar el vestuario, tramitar inscripciones, licencias, planificar la temporada, contratos\u2026 Hab\u00eda momentos en que me asustaba al pensar en d\u00f3nde me estaba metiendo. Pero ahora, a punto de empezar la liga regular, el club ya funciona casi en piloto autom\u00e1tico y al presidente le llaman solo para lo importante.<\/p>\n<p><strong>G: \u00bfPor qu\u00e9 crees en Toledo nunca hab\u00eda arraigado el baloncesto?<\/strong><br \/>R: A nivel de base me sorprendi\u00f3, porque hay casi 800 ni\u00f1os practicando baloncesto en una ciudad de 90.000 habitantes. Es un porcentaje alt\u00edsimo. Lo que faltaba era el salto profesional. Las limitaciones eran claras: un pabell\u00f3n muy antiguo, de m\u00e1s de 30 a\u00f1os, con deficiencias que hemos tenido que ir cubriendo nosotros mismos, desde canastas hasta adaptar la tarima del pabell\u00f3n.<br \/>La buena noticia es que el proyecto nace ligado a una promesa electoral de construir un nuevo multiusos, que podr\u00eda arrancar el a\u00f1o que viene. Eso ser\u00eda clave para dar un salto y aspirar a estar en Primera FEB en unos a\u00f1os.<\/p>\n<p><a href=\"https:\/\/www.europesays.com\/es\/wp-content\/uploads\/2025\/09\/WhatsApp-Image-2025-09-24-at-16.46.33-1-scaled.jpeg.webp.webp\"><img loading=\"lazy\" decoding=\"async\" class=\"aligncenter size-full wp-image-760348\" src=\"https:\/\/www.europesays.com\/es\/wp-content\/uploads\/2025\/09\/WhatsApp-Image-2025-09-24-at-16.46.33-1-scaled.jpeg.webp.webp\" alt=\"\" width=\"2560\" height=\"1707\"  \/><\/a><\/p>\n<p><strong>G: \u00bfC\u00f3mo son las relaciones con las instituciones? \u00bfQu\u00e9 apoyo ten\u00e9is?<\/strong><br \/>R: Este a\u00f1o entramos a mitad de ciclo, sin partidas previstas en presupuestos, as\u00ed que hemos tenido que hacer inversiones como la compra de canastas. Pero de cara a la pr\u00f3xima temporada s\u00ed nos gustar\u00eda tener ese apoyo. Me da envidia ver las subvenciones que reciben proyectos similares en Andaluc\u00eda o Castilla y Le\u00f3n. En Castilla-La Mancha siempre ha sido una carencia. Esperemos que nosotros tengamos la ayuda que otros no han tenido. Lo bueno es que el Ayuntamiento ha abierto los brazos al proyecto y nos han dado facilidades de instalaciones, lo cual es un paso importante. Estoy seguro que pronto ver\u00e1n lo que de verdad significa el proyecto y nos dar\u00e1n el apoyo que merecemos.<\/p>\n<p><strong>G: \u00bfY c\u00f3mo convenciste al entrenador, Sergio Vicente?<\/strong><br \/>R: A trav\u00e9s de su representante, \u00d3scar Gonz\u00e1lez, con quien tengo buena relaci\u00f3n. Cuando conseguimos la plaza le dije: \u201cYa la tengo, necesito un entrenador\u201d. Y me dijo que ten\u00eda al id\u00f3neo. Justo Yeyo acababa de regresar de una etapa fuera de Espa\u00f1a y buscaba un proyecto aqu\u00ed. Le encaj\u00f3: cerca de su familia, en una ciudad como Toledo, y con la ventaja de construir el equipo a su medida. Para m\u00ed era importante que conociera Castilla-La Mancha y el contexto en el que se met\u00eda.<\/p>\n<p><strong>G: Para acabar, V\u00edctor, \u00bfQu\u00e9 tipo de presidente quieres ser? \u00bfD\u00f3nde ves al club en unos a\u00f1os?<\/strong><br \/>R: Este proyecto no nace para quedarse en Segunda FEB. El objetivo es consolidarnos y, con el nuevo pabell\u00f3n, estar pronto en Primera FEB. A partir de ah\u00ed, el tiempo dir\u00e1. Siempre digo que Toledo no tiene nada que envidiar a Palencia: han hecho las cosas muy bien y han llegado a ACB. Nosotros veremos hasta d\u00f3nde podemos llegar. Lo que est\u00e1 claro es que la categor\u00eda se ha profesionalizado mucho en los \u00faltimos a\u00f1os y eso lo hace a\u00fan m\u00e1s atractivo.<\/p>\n<p><a href=\"https:\/\/www.europesays.com\/es\/wp-content\/uploads\/2025\/09\/WhatsApp-Image-2025-09-24-at-16.46.33-scaled.jpeg.webp.webp\"><img loading=\"lazy\" decoding=\"async\" class=\"aligncenter size-full wp-image-760351\" src=\"https:\/\/www.europesays.com\/es\/wp-content\/uploads\/2025\/09\/WhatsApp-Image-2025-09-24-at-16.46.33-scaled.jpeg.webp.webp\" alt=\"\" width=\"1707\" height=\"2560\"  \/><\/a><\/p>\n<p>\t\t\t\t\t<img loading=\"lazy\" decoding=\"async\" src=\"https:\/\/www.europesays.com\/es\/wp-content\/uploads\/2025\/09\/1758848778_509_mano.png\" width=\"60\" height=\"60\" alt=\"Deliza hacia abajo\"\/>Sigue deslizando hacia abajo para ver m\u00e1s contenidos<\/p>\n","protected":false},"excerpt":{"rendered":"Algo se mueve en Toledo, y tiene buena pinta. Un nuevo proyecto ha surgido este verano, con muchas&hellip;\n","protected":false},"author":2,"featured_media":141913,"comment_status":"","ping_status":"","sticky":false,"template":"","format":"standard","meta":{"footnotes":""},"categories":[269],"tags":[299,44091,298,168,25,24,3977,23,167,16146],"class_list":{"0":"post-142492","1":"post","2":"type-post","3":"status-publish","4":"format-standard","5":"has-post-thumbnail","7":"category-baloncesto","8":"tag-baloncesto","9":"tag-baloncesto-toledo","10":"tag-basketball","11":"tag-deportes","12":"tag-es","13":"tag-espana","14":"tag-segunda-feb","15":"tag-spain","16":"tag-sports","17":"tag-victor-del-rio"},"share_on_mastodon":{"url":"","error":""},"_links":{"self":[{"href":"https:\/\/www.europesays.com\/es\/wp-json\/wp\/v2\/posts\/142492","targetHints":{"allow":["GET"]}}],"collection":[{"href":"https:\/\/www.europesays.com\/es\/wp-json\/wp\/v2\/posts"}],"about":[{"href":"https:\/\/www.europesays.com\/es\/wp-json\/wp\/v2\/types\/post"}],"author":[{"embeddable":true,"href":"https:\/\/www.europesays.com\/es\/wp-json\/wp\/v2\/users\/2"}],"replies":[{"embeddable":true,"href":"https:\/\/www.europesays.com\/es\/wp-json\/wp\/v2\/comments?post=142492"}],"version-history":[{"count":0,"href":"https:\/\/www.europesays.com\/es\/wp-json\/wp\/v2\/posts\/142492\/revisions"}],"wp:featuredmedia":[{"embeddable":true,"href":"https:\/\/www.europesays.com\/es\/wp-json\/wp\/v2\/media\/141913"}],"wp:attachment":[{"href":"https:\/\/www.europesays.com\/es\/wp-json\/wp\/v2\/media?parent=142492"}],"wp:term":[{"taxonomy":"category","embeddable":true,"href":"https:\/\/www.europesays.com\/es\/wp-json\/wp\/v2\/categories?post=142492"},{"taxonomy":"post_tag","embeddable":true,"href":"https:\/\/www.europesays.com\/es\/wp-json\/wp\/v2\/tags?post=142492"}],"curies":[{"name":"wp","href":"https:\/\/api.w.org\/{rel}","templated":true}]}}