{"id":142505,"date":"2025-09-27T15:44:13","date_gmt":"2025-09-27T15:44:13","guid":{"rendered":"https:\/\/www.europesays.com\/es\/142505\/"},"modified":"2025-09-27T15:44:13","modified_gmt":"2025-09-27T15:44:13","slug":"los-mejores-looks-de-invitada-de-otono-de-la-alta-sociedad-espanola","status":"publish","type":"post","link":"https:\/\/www.europesays.com\/es\/142505\/","title":{"rendered":"Los mejores looks de invitada de oto\u00f1o de la Alta Sociedad espa\u00f1ola"},"content":{"rendered":"<p data-journey-content=\"true\" data-node-id=\"2\" class=\"css-6wxqfj emevuu60\"><strong data-node-id=\"2.0\">\u00bfC\u00f3mo ser <a href=\"https:\/\/www.elle.com\/es\/moda\/noticias\/a65941151\/invitadas-boda-mejores-looks-tendencias-otono-2025\/\" data-vars-ga-outbound-link=\"https:\/\/www.elle.com\/es\/moda\/noticias\/a65941151\/invitadas-boda-mejores-looks-tendencias-otono-2025\/\" data-vars-ga-ux-element=\"Hyperlink\" data-vars-ga-call-to-action=\"la invitada de boda m\u00e1s elegante del oto\u00f1o 2025\" data-node-id=\"2.0.1\" class=\"body-link css-103hk4r emevuu60\" rel=\"nofollow noopener\" target=\"_blank\">la invitada de boda m\u00e1s elegante del oto\u00f1o 2025<\/a>?<\/strong> La respuesta, queridas lectoras, nos la han dado las invitadas de <strong data-node-id=\"2.2\">la boda de Luc\u00eda Entrecanales y Laszlo Bene. <\/strong><\/p>\n<p data-journey-content=\"true\" data-node-id=\"3\" class=\"css-6wxqfj emevuu60\">La hija de Juan Ignacio Entrecanales, vicepresidente de Acciona, se ha casado con Laszlo Bene esta ma\u00f1ana de s\u00e1bado en la iglesia Hospital de Tavera (Toledo). Y s\u00ed, como era de esperar, el enlace ha reunido a m\u00faltiples rostros conocidos de<strong data-node-id=\"3.1\"> <a href=\"https:\/\/www.elle.com\/es\/moda\/noticias\/a65454665\/mejores-looks-invitada-alta-sociedad-boda-fabian-ruiz-rosa-pereira-sevilla\/\" data-vars-ga-outbound-link=\"https:\/\/www.elle.com\/es\/moda\/noticias\/a65454665\/mejores-looks-invitada-alta-sociedad-boda-fabian-ruiz-rosa-pereira-sevilla\/\" data-vars-ga-ux-element=\"Hyperlink\" data-vars-ga-call-to-action=\"la Alta Sociedad\" data-node-id=\"3.1.1\" class=\"body-link css-103hk4r emevuu60\" rel=\"nofollow noopener\" target=\"_blank\">la Alta Sociedad<\/a> y la \u00e9lite empresarial espa\u00f1ola.<\/strong><\/p>\n<p data-journey-content=\"true\" data-node-id=\"4\" class=\"css-6wxqfj emevuu60\">\u00bfUna de las invitadas m\u00e1s destacadas? Sin duda, <strong data-node-id=\"4.1\"><a href=\"https:\/\/www.elle.com\/es\/star-style\/el-estilo-de\/a67997190\/sassa-de-osma-invitada-mejor-vestida-vestido-luisa-beccaria-tendencias-otono\/\" data-vars-ga-outbound-link=\"https:\/\/www.elle.com\/es\/star-style\/el-estilo-de\/a67997190\/sassa-de-osma-invitada-mejor-vestida-vestido-luisa-beccaria-tendencias-otono\/\" data-vars-ga-ux-element=\"Hyperlink\" data-vars-ga-call-to-action=\"Sassa de Osma\" data-node-id=\"4.1.0\" class=\"body-link css-103hk4r emevuu60\" rel=\"nofollow noopener\" target=\"_blank\">Sassa de Osma<\/a>,<\/strong> que una vez m\u00e1s logr\u00f3 posicionarse como una de las m\u00e1s elegantes con un precioso vestido de flores en tonos tierra que combinaban a la perfecci\u00f3n con la temporada oto\u00f1al. Pero ojo, porque no ha sido la \u00fanica que ha conseguido conquistarnos con su propuesta estil\u00edstica.<\/p>\n<p>Alta Sociedad espa\u00f1ola: as\u00ed visten las invitadas de boda m\u00e1s elegantes en oto\u00f1o<\/p>\n<p data-journey-content=\"true\" data-node-id=\"7\" class=\"css-6wxqfj emevuu60\">Las invitadas de la Alta Sociedad espa\u00f1ola nunca defraudan. Sus estilismos siempre derrochan elegancia, sofisticaci\u00f3n y un cuidado exquisito por los accesorios y detalles.<\/p>\n<p data-journey-content=\"true\" data-node-id=\"8\" class=\"css-6wxqfj emevuu60\"><strong data-node-id=\"8.0\">Desde vestidos largos con tejidos fluidos y estampados vibrantes hasta conjuntos monocolor con pantal\u00f3n<\/strong>, las invitadas de la boda de Luc\u00eda Entrecanales y Laszlo Bene nos han corroborado que no hay una f\u00f3rmula \u00fanica para triunfar. Y ojo, porque eso se aplica tambi\u00e9n a los complementos:<strong data-node-id=\"8.2\"> pamelas, tocados, capas, estolas&#8230;<\/strong> Hemos visto de todo.<\/p>\n<p data-journey-content=\"true\" data-node-id=\"9\" class=\"css-6wxqfj emevuu60\">Eso s\u00ed, en cuanto a los colores se refiere, s\u00ed que predominaron los tonos tierra y naturales, aunque combinados con tonos m\u00e1s llamativos como el burdeos, el rojo o el verde.<\/p>\n<p data-journey-content=\"true\" data-node-id=\"10\" class=\"css-6wxqfj emevuu60\"><strong data-node-id=\"10.0\">Volantes, drapeados, bordados, encajes&#8230; <\/strong>No falt\u00f3 ni el m\u00e1s m\u00ednimo detalle. Pero como una imagen siempre vale m\u00e1s que mil palabras, prefiero mostraros los mejores looks. Son pura inspiraci\u00f3n. <\/p>\n<p><img draggable=\"true\" alt=\"mejores looks invitada oto\u00f1o\" title=\"Mejores looks invitada oto\u00f1o \" loading=\"lazy\" width=\"1281\" height=\"1920\" decoding=\"async\" data-nimg=\"1\" style=\"color:transparent;width:100%;height:auto;\"   src=\"https:\/\/www.europesays.com\/es\/wp-content\/uploads\/2025\/09\/dl-u592060-017-68d7cb0d6174e.jpg\" class=\"css-0 e1g79fud0\"\/><\/p>\n<p>Gtres<\/p>\n<p><img draggable=\"true\" alt=\"mejores looks invitada oto\u00f1o\" title=\"Mejores looks invitada oto\u00f1o \" loading=\"lazy\" width=\"1281\" height=\"1920\" decoding=\"async\" data-nimg=\"1\" style=\"color:transparent;width:100%;height:auto;\"   src=\"https:\/\/www.europesays.com\/es\/wp-content\/uploads\/2025\/09\/dl-u592060-011-68d7cb0d6443d.jpg\" class=\"css-0 e1g79fud0\"\/><\/p>\n<p>Gtres<\/p>\n<p><img draggable=\"true\" alt=\"mejores looks invitada oto\u00f1o\" title=\"Mejores looks invitada oto\u00f1o \" loading=\"lazy\" width=\"1281\" height=\"1920\" decoding=\"async\" data-nimg=\"1\" style=\"color:transparent;width:100%;height:auto;\"   src=\"https:\/\/www.europesays.com\/es\/wp-content\/uploads\/2025\/09\/dl-u592060-004-68d7cb0d58fbf.jpg\" class=\"css-0 e1g79fud0\"\/><\/p>\n<p>Gtres<\/p>\n<p><img draggable=\"true\" alt=\"mejores looks invitada oto\u00f1o\" title=\"Mejores looks invitada oto\u00f1o \" loading=\"lazy\" width=\"1281\" height=\"1920\" decoding=\"async\" data-nimg=\"1\" style=\"color:transparent;width:100%;height:auto;\"   src=\"https:\/\/www.europesays.com\/es\/wp-content\/uploads\/2025\/09\/dl-u592060-009-68d7cb0d5b888.jpg\" class=\"css-0 e1g79fud0\"\/><\/p>\n<p>Gtres<\/p>\n<p><img draggable=\"true\" alt=\"mejores looks invitada oto\u00f1o\" title=\"Mejores looks invitada oto\u00f1o \" loading=\"lazy\" width=\"1281\" height=\"1920\" decoding=\"async\" data-nimg=\"1\" style=\"color:transparent;width:100%;height:auto;\"   src=\"https:\/\/www.europesays.com\/es\/wp-content\/uploads\/2025\/09\/dl-u592060-014-68d7cb0d6df25.jpg\" class=\"css-0 e1g79fud0\"\/><\/p>\n<p>Gtres<\/p>\n<p><img draggable=\"true\" alt=\"mejores looks invitada oto\u00f1o\" title=\"Mejores looks invitada oto\u00f1o \" loading=\"lazy\" width=\"1281\" height=\"1920\" decoding=\"async\" data-nimg=\"1\" style=\"color:transparent;width:100%;height:auto;\"   src=\"https:\/\/www.europesays.com\/es\/wp-content\/uploads\/2025\/09\/dl-u592060-016-68d7cb0d55bae.jpg\" class=\"css-0 e1g79fud0\"\/><\/p>\n<p>Gtres<\/p>\n<p><img draggable=\"true\" alt=\"mejores looks invitada oto\u00f1o\" title=\"Mejores looks invitada oto\u00f1o \" loading=\"lazy\" width=\"1920\" height=\"1281\" decoding=\"async\" data-nimg=\"1\" style=\"color:transparent;width:100%;height:auto;\"   src=\"https:\/\/www.europesays.com\/es\/wp-content\/uploads\/2025\/09\/dl-u592060-028-68d7cb0ed45b4.jpg\" class=\"css-0 e1g79fud0\"\/><\/p>\n<p>Gtres<\/p>\n<p><img draggable=\"true\" alt=\"mejores looks invitada oto\u00f1o\" title=\"Mejores looks invitada oto\u00f1o \" loading=\"lazy\" width=\"1281\" height=\"1920\" decoding=\"async\" data-nimg=\"1\" style=\"color:transparent;width:100%;height:auto;\"   src=\"https:\/\/www.europesays.com\/es\/wp-content\/uploads\/2025\/09\/dl-u592060-042-68d7cb0edaeeb.jpg\" class=\"css-0 e1g79fud0\"\/><\/p>\n<p>Gtres<\/p>\n<p><img draggable=\"true\" alt=\"mejores looks invitada oto\u00f1o\" title=\"Mejores looks invitada oto\u00f1o \" loading=\"lazy\" width=\"1281\" height=\"1920\" decoding=\"async\" data-nimg=\"1\" style=\"color:transparent;width:100%;height:auto;\"   src=\"https:\/\/www.europesays.com\/es\/wp-content\/uploads\/2025\/09\/dl-u592060-026-68d7cb0ecebf9.jpg\" class=\"css-0 e1g79fud0\"\/><\/p>\n<p>Gtres<\/p>\n<p><img draggable=\"true\" alt=\"mejores looks invitada oto\u00f1o\" title=\"Mejores looks invitada oto\u00f1o \" loading=\"lazy\" width=\"1281\" height=\"1920\" decoding=\"async\" data-nimg=\"1\" style=\"color:transparent;width:100%;height:auto;\"   src=\"https:\/\/www.europesays.com\/es\/wp-content\/uploads\/2025\/09\/looks-invitada-boda-otono-alta-sociedad-elle-68d7cb0f2ea15.jpg\" class=\"css-0 e1g79fud0\"\/><\/p>\n<p>Gtres<\/p>\n<p><img src=\"https:\/\/www.europesays.com\/es\/wp-content\/uploads\/2025\/09\/1758987853_694_5d174fc2-88a3-4418-a5b3-be884db3ec5f_1678984174.file\" alt=\"Headshot of Laura Soria\" title=\"Headshot of Laura Soria\" width=\"100%\" height=\"100%\" decoding=\"async\" loading=\"lazy\" class=\"css-o0wq4v ev8dhu53\"\/><\/p>\n<p>Laura Soria Onieva es experta en moda, tendencias, alfombras rojas y &#8216;celebrities&#8217;. Como apasionada del periodismo y la comunicaci\u00f3n, siempre est\u00e1 atenta a las \u00faltimas novedades del sector. Entiende la moda como una v\u00eda de expresi\u00f3n y siempre busca entender la filosof\u00eda que transmiten los estilismos de las famosas.<\/p>\n<p>La b\u00fasqueda constante de inspiraci\u00f3n la convierte en una prescriptora de futuras tendencias de temporada. As\u00ed, no hay prenda o estilo que se le escape en Instagram y TikTok. Experta en recrear los mejores looks de las famosas e influencers con prendas de las firmas &#8216;low cost&#8217; m\u00e1s exitosas como Zara, Mango, Stradivarius&#8230; As\u00ed como de las firmas espa\u00f1olas que debes tener s\u00ed o s\u00ed en tu radar para que puedas vestir a la \u00faltima. Para ella no hay tendencia imposible: transparencias, aberturas complicadas, brillos, lentejuelas&#8230; Buscar\u00e1 todos los trucos de la mano de las expertas para ense\u00f1ar c\u00f3mo lucirlas sin caer en el error.<\/p>\n<p>Laura Soria se gradu\u00f3 en el doble grado de Periodismo y Comunicaci\u00f3n Audiovisual en la Universidad Rey Juan Carlos y, desde el inicio, ha conseguido experiencia en distintos sectores: radio, televisi\u00f3n, peri\u00f3dico digital&#8230; Actualmente se dedica a la que es su verdadera pasi\u00f3n, el periodismo de moda, como colaboradora de moda y actualidad en la revista ELLE.<\/p>\n<p>Sus constantes ganas de aprender, y su alma inquieta, la han empujado a especializarse a\u00fan m\u00e1s en el mundillo con distintos cursos, destacando el de Marketing Digital y Comunicaci\u00f3n de Moda y Lujo. \u00a0\u00a0<\/p>\n","protected":false},"excerpt":{"rendered":"\u00bfC\u00f3mo ser la invitada de boda m\u00e1s elegante del oto\u00f1o 2025? La respuesta, queridas lectoras, nos la han&hellip;\n","protected":false},"author":2,"featured_media":142506,"comment_status":"","ping_status":"","sticky":false,"template":"","format":"standard","meta":{"footnotes":""},"categories":[91],"tags":[253,146,147,25,24,23],"class_list":{"0":"post-142505","1":"post","2":"type-post","3":"status-publish","4":"format-standard","5":"has-post-thumbnail","7":"category-entretenimiento","8":"tag-discover","9":"tag-entertainment","10":"tag-entretenimiento","11":"tag-es","12":"tag-espana","13":"tag-spain"},"share_on_mastodon":{"url":"","error":""},"_links":{"self":[{"href":"https:\/\/www.europesays.com\/es\/wp-json\/wp\/v2\/posts\/142505","targetHints":{"allow":["GET"]}}],"collection":[{"href":"https:\/\/www.europesays.com\/es\/wp-json\/wp\/v2\/posts"}],"about":[{"href":"https:\/\/www.europesays.com\/es\/wp-json\/wp\/v2\/types\/post"}],"author":[{"embeddable":true,"href":"https:\/\/www.europesays.com\/es\/wp-json\/wp\/v2\/users\/2"}],"replies":[{"embeddable":true,"href":"https:\/\/www.europesays.com\/es\/wp-json\/wp\/v2\/comments?post=142505"}],"version-history":[{"count":0,"href":"https:\/\/www.europesays.com\/es\/wp-json\/wp\/v2\/posts\/142505\/revisions"}],"wp:featuredmedia":[{"embeddable":true,"href":"https:\/\/www.europesays.com\/es\/wp-json\/wp\/v2\/media\/142506"}],"wp:attachment":[{"href":"https:\/\/www.europesays.com\/es\/wp-json\/wp\/v2\/media?parent=142505"}],"wp:term":[{"taxonomy":"category","embeddable":true,"href":"https:\/\/www.europesays.com\/es\/wp-json\/wp\/v2\/categories?post=142505"},{"taxonomy":"post_tag","embeddable":true,"href":"https:\/\/www.europesays.com\/es\/wp-json\/wp\/v2\/tags?post=142505"}],"curies":[{"name":"wp","href":"https:\/\/api.w.org\/{rel}","templated":true}]}}