{"id":142511,"date":"2025-09-27T15:47:10","date_gmt":"2025-09-27T15:47:10","guid":{"rendered":"https:\/\/www.europesays.com\/es\/142511\/"},"modified":"2025-09-27T15:47:10","modified_gmt":"2025-09-27T15:47:10","slug":"alemania-tomara-medidas-contra-la-alta-amenaza-de-drones-dw-27-09-2025","status":"publish","type":"post","link":"https:\/\/www.europesays.com\/es\/142511\/","title":{"rendered":"Alemania tomar\u00e1 medidas contra la \u00abalta\u00bb amenaza de drones \u2013 DW \u2013 27\/09\/2025"},"content":{"rendered":"<p>El ministro alem\u00e1n del Interior, <a class=\"internal-link\" href=\"https:\/\/www.dw.com\/es\/dobrindt-alexander\/t-73068174\" rel=\"nofollow noopener\" target=\"_blank\">Alexander Dobrindt<\/a>, advirti\u00f3 este s\u00e1bado (27.09.2025) sobre la amenaza de los <a class=\"internal-link\" href=\"https:\/\/www.dw.com\/es\/dron\/t-37125699\" rel=\"nofollow noopener\" target=\"_blank\">drones<\/a> y que el pa\u00eds tomar\u00eda medidas para defenderse.<\/p>\n<p>Las autoridades europeas han estado en alerta m\u00e1xima tras las <a class=\"internal-link\" href=\"https:\/\/www.dw.com\/es\/avistan-m\u00e1s-drones-sobre-la-mayor-base-militar-de-dinamarca\/a-74156769\" rel=\"nofollow noopener\" target=\"_blank\">incursiones de drones en Dinamarca<\/a>\u00a0que paralizaron el tr\u00e1fico a\u00e9reo en varias partes del pa\u00eds la \u00faltima semana. Tambi\u00e9n se est\u00e1n investigando avistamientos en Alemania.<\/p>\n<p>\u00abExiste una amenaza que puede clasificarse como alta en lo que respecta a los drones. Es una amenaza abstracta, pero muy concreta en casos individuales\u00bb, declar\u00f3 Dobrindt a la prensa en Berl\u00edn.<\/p>\n<p>Entre las medidas, <a class=\"internal-link\" href=\"https:\/\/www.dw.com\/es\/alemania\/t-17411625\" rel=\"nofollow noopener\" target=\"_blank\">Alemania<\/a> buscar\u00e1 revisar una ley de seguridad a\u00e9rea para permitir la participaci\u00f3n de las fuerzas armadas del pa\u00eds en el posible derribo de drones, afirm\u00f3.<\/p>\n<p>\u00abSe trata de estar preparados para proteger infraestructura\u00a0cr\u00edtica\u00a0o grandes concentraciones de personas, por ejemplo\u00bb, asever\u00f3.<\/p>\n<p>rr reuters\/dpa<\/p>\n","protected":false},"excerpt":{"rendered":"El ministro alem\u00e1n del Interior, Alexander Dobrindt, advirti\u00f3 este s\u00e1bado (27.09.2025) sobre la amenaza de los drones y&hellip;\n","protected":false},"author":2,"featured_media":142512,"comment_status":"","ping_status":"","sticky":false,"template":"","format":"standard","meta":{"footnotes":""},"categories":[42],"tags":[17,18,13,14,11,61,62,63,64,19,20,9,10,15,16,12,21,22,65,66,67],"class_list":{"0":"post-142511","1":"post","2":"type-post","3":"status-publish","4":"format-standard","5":"has-post-thumbnail","7":"category-internacional","8":"tag-breaking-news","9":"tag-breakingnews","10":"tag-featured-news","11":"tag-featurednews","12":"tag-headlines","13":"tag-internacional","14":"tag-international","15":"tag-international-news","16":"tag-internationalnews","17":"tag-latest-news","18":"tag-latestnews","19":"tag-news","20":"tag-noticias","21":"tag-noticias-destacadas","22":"tag-noticiasdestacadas","23":"tag-titulares","24":"tag-ultimas-noticias","25":"tag-ultimasnoticias","26":"tag-world","27":"tag-world-news","28":"tag-worldnews"},"share_on_mastodon":{"url":"","error":""},"_links":{"self":[{"href":"https:\/\/www.europesays.com\/es\/wp-json\/wp\/v2\/posts\/142511","targetHints":{"allow":["GET"]}}],"collection":[{"href":"https:\/\/www.europesays.com\/es\/wp-json\/wp\/v2\/posts"}],"about":[{"href":"https:\/\/www.europesays.com\/es\/wp-json\/wp\/v2\/types\/post"}],"author":[{"embeddable":true,"href":"https:\/\/www.europesays.com\/es\/wp-json\/wp\/v2\/users\/2"}],"replies":[{"embeddable":true,"href":"https:\/\/www.europesays.com\/es\/wp-json\/wp\/v2\/comments?post=142511"}],"version-history":[{"count":0,"href":"https:\/\/www.europesays.com\/es\/wp-json\/wp\/v2\/posts\/142511\/revisions"}],"wp:featuredmedia":[{"embeddable":true,"href":"https:\/\/www.europesays.com\/es\/wp-json\/wp\/v2\/media\/142512"}],"wp:attachment":[{"href":"https:\/\/www.europesays.com\/es\/wp-json\/wp\/v2\/media?parent=142511"}],"wp:term":[{"taxonomy":"category","embeddable":true,"href":"https:\/\/www.europesays.com\/es\/wp-json\/wp\/v2\/categories?post=142511"},{"taxonomy":"post_tag","embeddable":true,"href":"https:\/\/www.europesays.com\/es\/wp-json\/wp\/v2\/tags?post=142511"}],"curies":[{"name":"wp","href":"https:\/\/api.w.org\/{rel}","templated":true}]}}