{"id":142516,"date":"2025-09-27T15:50:27","date_gmt":"2025-09-27T15:50:27","guid":{"rendered":"https:\/\/www.europesays.com\/es\/142516\/"},"modified":"2025-09-27T15:50:27","modified_gmt":"2025-09-27T15:50:27","slug":"el-barca-busca-la-gloria-internacional","status":"publish","type":"post","link":"https:\/\/www.europesays.com\/es\/142516\/","title":{"rendered":"el Bar\u00e7a busca la gloria internacional"},"content":{"rendered":"<p>El Bar\u00e7a afronta unos d\u00edas muy especiales en dos de las secciones m\u00e1s exitosas del club. <strong>El equipo de balonmano visita El Cairo<\/strong> para disputar el Mundial de Clubes, entre el s\u00e1bado 27 de septiembre y el jueves 2 de octubre, mientras que<strong> el conjunto de hockey sobre patines aterrizar\u00e1 en San Juan<\/strong> para intentar luchar por el t\u00edtulo entre el 1 y el 5 de octubre. Dos continentes, dos competiciones y un mismo objetivo: seguir ampliando el palmar\u00e9s internacional del Bar\u00e7a.<\/p>\n<p>Y, para hacer de anfitriones de sus compa\u00f1eros, \u00bfqui\u00e9n mejor que <strong>Seif Elderaa<\/strong>, jugador egipcio del Bar\u00e7a de balonmano, y <strong>Pablo \u00c1lvarez<\/strong>, argentino del Bar\u00e7a de hockey? Cara a cara en el Palau Blaugrana, ambos comparten sensaciones antes de competir en su tierra. Orgullo, motivaci\u00f3n y el sentimiento de representar al Bar\u00e7a ante su gente se combinan en una conversaci\u00f3n transversal y muy azulgrana.<\/p>\n<p>Volver a casa, pero con la camiseta del Bar\u00e7a<\/p>\n<p>Para Seif Elderaa, que<strong> reci\u00e9n comienza su primer curso en el Palau Blaugrana<\/strong>, la cita de este septiembre tiene un valor a\u00f1adido. No es solo un Mundial de Clubes, sino el regreso a su tierra con el escudo del Bar\u00e7a en el pecho. \u201cHace dos meses que no visito Egipto y ahora tendr\u00e9 la oportunidad de jugar ante mi familia, mi esposa y mis amigos. Tengo much\u00edsimas ganas de afrontar este reto\u201d, explica con una sonrisa.<\/p>\n<p>Una sensaci\u00f3n familiar para Pablo \u00c1lvarez, aunque<strong> en su caso ya sabe lo que es competir (y ganar) un Mundial de Clubes en Argentina<\/strong>. Con una amplia trayectoria como culer, y solo un breve par\u00e9ntesis en Lisboa, el delantero argentino reconoce que es una alegr\u00eda enorme: \u201cSomos unos privilegiados por poder jugar en nuestra tierra con el mejor club del mundo. Ya tuve la oportunidad de hacerlo hace a\u00f1os y es uno de los recuerdos m\u00e1s bonitos de mi carrera deportiva\u201d.<\/p>\n<p>                <img decoding=\"async\" src=\"https:\/\/www.europesays.com\/es\/wp-content\/uploads\/2025\/09\/WhatsApp-Image-2025-09-24-at-19.05.47.jpeg\" alt=\"WhatsApp Image 2025-09-24 at 19.05.47\" class=\"embeddable-photo__image\"\/><\/p>\n<p>                Pablo \u00c1lvarez (izquierda) y Seif Elderaa (derecha), listos para los respectivos Mundiales de Clubs<\/p>\n<p class=\"embeddable-photo__description\">\n                        Pablo \u00c1lvarez (izquierda) y Seif Elderaa (derecha), listos para los respectivos Mundiales de Clubs\n                    <\/p>\n<p>Argentina y Egipto, dos pa\u00edses apasionados<\/p>\n<p>En Argentina, y m\u00e1s concretamente en San Juan, <strong>el hockey sobre patines es casi una religi\u00f3n<\/strong>. La pasi\u00f3n traspasa la pista y se contagia a la grada. \u201cEs lo m\u00e1s parecido al f\u00fatbol. Los argentinos somos muy apasionados y, en San Juan, el hockey es lo m\u00e1ximo. La gente te lo demuestra con un afecto espectacular\u201d, asegura \u00c1lvarez, criado all\u00ed y conocedor de la fuerza de una afici\u00f3n que vive su deporte con devoci\u00f3n.<\/p>\n<p>En Egipto, <strong>el fen\u00f3meno cada vez tiene m\u00e1s adeptos<\/strong>. \u201cEs el segundo deporte m\u00e1s grande despu\u00e9s del f\u00fatbol\u201d, explica Elderaa. Y es que el crecimiento es evidente: cuartos y quintos en los \u00faltimos Juegos Ol\u00edmpicos, presencia en los cuartos del Mundial de 2021 y tres campeonatos de \u00c1frica consecutivos. \u201cAdem\u00e1s, hay clubes como el Al Ahly y el Zamalek, donde yo jugu\u00e9, que son de los m\u00e1s importantes del continente\u201d, reconoce.<\/p>\n<p>Recuerdos de or\u00edgenes<\/p>\n<p>Precisamente <strong>Elderaa se reencontrar\u00e1 ahora contra el Zamalek <\/strong>(el Bar\u00e7a tambi\u00e9n jugar\u00e1 contra el Handebol Taubat\u00e9 en la fase previa), en un duelo con un sabor especial. \u201cEs un aliciente m\u00e1s. Jugar contra el club donde jugu\u00e9 me hace mucha ilusi\u00f3n\u201d, admite.<\/p>\n<p>Pablo \u00c1lvarez sonr\u00ede al escucharlo: el paralelismo es evidente. Porque el Mundial de Clubes tambi\u00e9n es un viaje emocional. Adem\u00e1s de verse las caras contra el Sporting CP y el Andes Talleres en la fase de grupos, <strong>la competici\u00f3n le ha regalado un reencuentro con el Olimpia PC<\/strong>, el club donde se form\u00f3. \u201cEs donde empec\u00e9 a los cinco a\u00f1os. All\u00ed hice toda la carrera hasta que vine a Europa, con 18 a\u00f1os. Por eso ser\u00e1 muy especial volver a jugar contra ellos\u201d.<\/p>\n<blockquote class=\"embeddable-quote\" data-observe=\"embeddable-quote\">\n<p class=\"embeddable-quote__text\">\u00abSomos unos privilegiados de poder jugar en nuestra tierra con el mejor club del mundo\u00bb<\/p>\n<p>            ?<br \/>\n            PABLO \u00c1LVAREZ<\/p>\n<\/blockquote>\n<p>Altas expectativas<\/p>\n<p>El reto en El Cairo es grande y Elderaa no se esconde: \u201cVamos con la idea y las ganas de ganar el t\u00edtulo. El a\u00f1o pasado el Bar\u00e7a perdi\u00f3 en semifinales contra el Veszpr\u00e9m, el equipo de mi hermano, pero ahora espero llevar de nuevo la Superglobe a la familia, esta vez te\u00f1ida de blaugrana. Toca demostrar qui\u00e9nes somos\u201d.<\/p>\n<p>A casi<strong> 12.000 kil\u00f3metros de distancia<\/strong>, el Bar\u00e7a de hockey sobre patines intentar\u00e1 hacer lo mismo en San Juan. El mensaje de \u00c1lvarez es un calco: \u201cEn el Bar\u00e7a siempre tenemos las expectativas muy altas. El objetivo es ganarlo todo. No ser\u00e1 f\u00e1cil, hay equipos portugueses y rivales muy fuertes de San Juan, pero haremos todo lo posible para traer el t\u00edtulo a casa\u201d.<\/p>\n<p>As\u00ed pues, el Bar\u00e7a volver\u00e1 a ser protagonista en escenarios de m\u00e1xima exigencia, con jugadores que juegan en su tierra pero con el coraz\u00f3n puesto en Barcelona. Elderaa y \u00c1lvarez simbolizan el car\u00e1cter global de un club que es capaz de sentirse local en cualquier rinc\u00f3n del mundo. Y ahora, desde El Cairo hasta San Juan, el reto es el mismo: hacer que la pasi\u00f3n blaugrana traspase fronteras y se transforme en nuevos \u00e9xitos para la historia del Bar\u00e7a.<\/p>\n<p>\n            Anterior<\/p>\n<p>            label.aria.chevronleft\n        <\/p>\n<p>\n            Siguiente<\/p>\n<p>            label.aria.chevronright\n        <\/p>\n","protected":false},"excerpt":{"rendered":"El Bar\u00e7a afronta unos d\u00edas muy especiales en dos de las secciones m\u00e1s exitosas del club. El equipo&hellip;\n","protected":false},"author":2,"featured_media":142517,"comment_status":"","ping_status":"","sticky":false,"template":"","format":"standard","meta":{"footnotes":""},"categories":[278],"tags":[376,168,25,24,375,23,167,2288],"class_list":{"0":"post-142516","1":"post","2":"type-post","3":"status-publish","4":"format-standard","5":"has-post-thumbnail","7":"category-balonmano","8":"tag-balonmano","9":"tag-deportes","10":"tag-es","11":"tag-espana","12":"tag-handball","13":"tag-spain","14":"tag-sports","15":"tag-text"},"share_on_mastodon":{"url":"","error":""},"_links":{"self":[{"href":"https:\/\/www.europesays.com\/es\/wp-json\/wp\/v2\/posts\/142516","targetHints":{"allow":["GET"]}}],"collection":[{"href":"https:\/\/www.europesays.com\/es\/wp-json\/wp\/v2\/posts"}],"about":[{"href":"https:\/\/www.europesays.com\/es\/wp-json\/wp\/v2\/types\/post"}],"author":[{"embeddable":true,"href":"https:\/\/www.europesays.com\/es\/wp-json\/wp\/v2\/users\/2"}],"replies":[{"embeddable":true,"href":"https:\/\/www.europesays.com\/es\/wp-json\/wp\/v2\/comments?post=142516"}],"version-history":[{"count":0,"href":"https:\/\/www.europesays.com\/es\/wp-json\/wp\/v2\/posts\/142516\/revisions"}],"wp:featuredmedia":[{"embeddable":true,"href":"https:\/\/www.europesays.com\/es\/wp-json\/wp\/v2\/media\/142517"}],"wp:attachment":[{"href":"https:\/\/www.europesays.com\/es\/wp-json\/wp\/v2\/media?parent=142516"}],"wp:term":[{"taxonomy":"category","embeddable":true,"href":"https:\/\/www.europesays.com\/es\/wp-json\/wp\/v2\/categories?post=142516"},{"taxonomy":"post_tag","embeddable":true,"href":"https:\/\/www.europesays.com\/es\/wp-json\/wp\/v2\/tags?post=142516"}],"curies":[{"name":"wp","href":"https:\/\/api.w.org\/{rel}","templated":true}]}}