{"id":142522,"date":"2025-09-27T15:56:08","date_gmt":"2025-09-27T15:56:08","guid":{"rendered":"https:\/\/www.europesays.com\/es\/142522\/"},"modified":"2025-09-27T15:56:08","modified_gmt":"2025-09-27T15:56:08","slug":"cadillac-se-aprovecha-de-checo-perez","status":"publish","type":"post","link":"https:\/\/www.europesays.com\/es\/142522\/","title":{"rendered":"Cadillac se aprovecha de Checo P\u00e9rez"},"content":{"rendered":"<p class=\"\">La era de<b> <\/b><a href=\"https:\/\/mexico.as.com\/noticias\/sergio-perez-mendoza\/\" target=\"_self\" rel=\"nofollow noopener\" title=\"https:\/\/mexico.as.com\/noticias\/sergio-perez-mendoza\/\"><b>Sergio P\u00e9rez <\/b><\/a>en<a href=\"https:\/\/mexico.as.com\/noticias\/cadillac\/\" target=\"_self\" rel=\"nofollow noopener\" title=\"https:\/\/mexico.as.com\/noticias\/cadillac\/\"> <b>Cadillac <\/b><\/a>ya arranc\u00f3. Esta semana el piloto mexicano tuvo sus <a href=\"https:\/\/mexico.as.com\/motor\/dia-1-para-checo-perez-en-cadillac-n\/\" target=\"_self\" rel=\"nofollow noopener\" title=\"https:\/\/mexico.as.com\/motor\/dia-1-para-checo-perez-en-cadillac-n\/\"><b>primeros d\u00edas de trabajo<\/b><\/a> en las distintas sedes de la escuder\u00eda estadounidense. Mientras \u2018Checo\u2019 ya trabaja en el desarrollo del monoplaza, a nivel escritorio la marca comienza a cotizarse de cara a conseguir un<b> patrocinador principal.<\/b><\/p>\n<p class=\"\">Cadillac apost\u00f3 por \u2018Checo\u2019 P\u00e9rez por dos principales razones. A nivel deportivo,<b> P\u00e9rez aportar\u00e1 su velocidad y sobre todo su amplia experiencia<\/b> en F\u00f3rmula 1. En tanto a nivel<b> mercadot\u00e9cnica<\/b>, el mexicano es uno de los pilotos con mayor arrastre en la F1 debido a la <b>gran base de fans que tiene principalmente en M\u00e9xico y Estados Unidos.<\/b> Ante ello, Cadillac comienza a sacarle provecho al nombre de \u2018Checo\u2019.<\/p>\n<p class=\"\">De acuerdo a Sports Businees Journal, <b>Cadillac,<\/b> quien de por s\u00ed ya es una marca muy conocida en el mundo automotriz, est\u00e1 pidiendo alrededor de <b>55 y 70 millones de d\u00f3lares<\/b> por concepto de <b>\u2018naming\u2019 <\/b>en un acuerdo de cinco a\u00f1os. Esto se traduce en que si una marca quiere acompa\u00f1ar su nombre junto al de la escuder\u00eda deber\u00e1 desembolsar esa gran cantidad, algo parecido a lo que hace <b>HP con Ferrari.<\/b><\/p>\n<p><img decoding=\"async\" src=\"https:\/\/www.europesays.com\/es\/wp-content\/uploads\/2025\/09\/7CKM673MO5KUTCLT7CY6ZAK4CE.jpg\" alt=\"Cadillac se aprovecha de Checo P\u00e9rez\" height=\"3334\" width=\"5001\"   loading=\"lazy\"\/>Jos\u00e9 M\u00e9ndez<\/p>\n<p class=\"\">Asimismo, Cadillac busca amplia su portafolio de patrocinadores. Para marcas que buscan alg\u00fan<b> rol secundario <\/b>tambi\u00e9n hay acuerdos entre los <b>40-50 mdd <\/b>o algunos m\u00e1s bajos que pueden rondar los <b>20-30 mdd<\/b>, seg\u00fan reporta el sitio ya antes mencionado.<\/p>\n<p>Se acabaron las vacaciones para \u2018Checo\u2019 P\u00e9rezNoticias relacionadas<\/p>\n<p class=\"\">Los primeros d\u00edas de trabajo para \u2018Checo\u2019 P\u00e9rez en Cadillac ya llegaron. Tras un a\u00f1o sab\u00e1tico,<b> P\u00e9rez ha vuelto a la actividad. <\/b>Esta semana visit\u00f3 las sedes del equipo, primero estuvo en<b> Charlotte, Estados Unidos y posteriormente visit\u00f3 Silverstone, Inglaterra<\/b>, donde incluso ya estuvo probando el simulador. <\/p>\n<p class=\"\"><b>\u00a1Tus opiniones importan!<\/b> Comenta en los art\u00edculos y suscr\u00edbete gratis a nuestra <a href=\"https:\/\/asfan.as.com\/newsletters\/\" target=\"_blank\" rel=\"nofollow noopener\" title=\"https:\/\/asfan.as.com\/newsletters\/\">newsletter<\/a> y a las alertas informativas en la <a href=\"https:\/\/as.com\/aplicacion-de-as-n\/\" target=\"_blank\" rel=\"nofollow noopener\" title=\"https:\/\/as.com\/aplicacion-de-as-n\/\">App<\/a> o el canal de <a href=\"https:\/\/www.whatsapp.com\/channel\/0029VaAasdA7j6g745nz9M10\" target=\"_blank\" rel=\"nofollow noopener\" title=\"https:\/\/www.whatsapp.com\/channel\/0029VaAasdA7j6g745nz9M10\">WhatsApp<\/a>. \u00bfBuscas licenciar contenido? Haz clic <a href=\"https:\/\/profesional.elpais.com\/soluciones-sindicacion?utm_medium=interno&amp;utm_source=crosslinking&amp;utm_campaign=sindicacion_as_pie_articulos\" target=\"_blank\" rel=\"nofollow noopener\" title=\"https:\/\/profesional.elpais.com\/soluciones-sindicacion?utm_medium=interno&amp;utm_source=crosslinking&amp;utm_campaign=sindicacion_as_pie_articulos\">aqu\u00ed<\/a><\/p>\n","protected":false},"excerpt":{"rendered":"La era de Sergio P\u00e9rez en Cadillac ya arranc\u00f3. Esta semana el piloto mexicano tuvo sus primeros d\u00edas&hellip;\n","protected":false},"author":2,"featured_media":142523,"comment_status":"","ping_status":"","sticky":false,"template":"","format":"standard","meta":{"footnotes":""},"categories":[270],"tags":[168,25,24,306,271,272,23,167],"class_list":{"0":"post-142522","1":"post","2":"type-post","3":"status-publish","4":"format-standard","5":"has-post-thumbnail","7":"category-formula-1","8":"tag-deportes","9":"tag-es","10":"tag-espana","11":"tag-f1","12":"tag-formula-1","13":"tag-formula1","14":"tag-spain","15":"tag-sports"},"share_on_mastodon":{"url":"","error":""},"_links":{"self":[{"href":"https:\/\/www.europesays.com\/es\/wp-json\/wp\/v2\/posts\/142522","targetHints":{"allow":["GET"]}}],"collection":[{"href":"https:\/\/www.europesays.com\/es\/wp-json\/wp\/v2\/posts"}],"about":[{"href":"https:\/\/www.europesays.com\/es\/wp-json\/wp\/v2\/types\/post"}],"author":[{"embeddable":true,"href":"https:\/\/www.europesays.com\/es\/wp-json\/wp\/v2\/users\/2"}],"replies":[{"embeddable":true,"href":"https:\/\/www.europesays.com\/es\/wp-json\/wp\/v2\/comments?post=142522"}],"version-history":[{"count":0,"href":"https:\/\/www.europesays.com\/es\/wp-json\/wp\/v2\/posts\/142522\/revisions"}],"wp:featuredmedia":[{"embeddable":true,"href":"https:\/\/www.europesays.com\/es\/wp-json\/wp\/v2\/media\/142523"}],"wp:attachment":[{"href":"https:\/\/www.europesays.com\/es\/wp-json\/wp\/v2\/media?parent=142522"}],"wp:term":[{"taxonomy":"category","embeddable":true,"href":"https:\/\/www.europesays.com\/es\/wp-json\/wp\/v2\/categories?post=142522"},{"taxonomy":"post_tag","embeddable":true,"href":"https:\/\/www.europesays.com\/es\/wp-json\/wp\/v2\/tags?post=142522"}],"curies":[{"name":"wp","href":"https:\/\/api.w.org\/{rel}","templated":true}]}}