{"id":142524,"date":"2025-09-27T15:57:05","date_gmt":"2025-09-27T15:57:05","guid":{"rendered":"https:\/\/www.europesays.com\/es\/142524\/"},"modified":"2025-09-27T15:57:05","modified_gmt":"2025-09-27T15:57:05","slug":"el-hestia-menorca-inaugura-un-ilusionante-curso-en-casa-ante-el-monbus-obradoiro","status":"publish","type":"post","link":"https:\/\/www.europesays.com\/es\/142524\/","title":{"rendered":"El Hestia Menorca inaugura un ilusionante curso en casa ante el Monbus Obradoiro"},"content":{"rendered":"<p><strong>Duelo de campeones de pretemporada esta noche<\/strong> (19.30 horas) en el teatro de los sue\u00f1os, en el Pavell\u00f3 Menorca, para dar el \u2018sus\u2019 a una nueva y apasionante <a href=\"https:\/\/www.menorca.info\/etiqueta\/Primera+FEB.html?utm_source=Inline-tag&amp;utm_medium=internal\" rel=\"nofollow noopener\" target=\"_blank\">Primera FEB<\/a> 2025-26. Se ven las caras hoy en Bintalfa y en uno de los duelos m\u00e1s atractivos de esta <strong>primera jornada liguera el renovado y ambicioso <a href=\"https:\/\/www.menorca.info\/etiqueta\/Hestia+Menorca.html?utm_source=Inline-tag&amp;utm_medium=internal\" rel=\"nofollow noopener\" target=\"_blank\">Hestia Menorca<\/a><\/strong>\u2013 campe\u00f3n la semana pasada del Trofeu AON Illes Balears y por quinta vez\u2013 frente a un grande de la divisi\u00f3n de plata como es el ex ACB, <strong>Monbus Obradoiro<\/strong>, tambi\u00e9n en clave local, campe\u00f3n del Torneo InternacionalConcello de Santiago de Compostela, tras superar al Uniao Desportiva Oliveirense en su \u00faltimo partido de pretemporada con el Multiusos Fontes do Sar de testigo.<\/p>\n<p>Deseosos ya en la disciplina menorquina de poder ponerse delante de su indispensable afici\u00f3n esta noche, <strong>los de Javier Zamora abren curso con una plantilla muy renovada, con muchas caras nuevas en su r\u00f3ster<\/strong> y la llegada de jugadores de peso competitivo y para dar un paso adelante y, como m\u00ednimo, no sufrir tanto como el a\u00f1o pasado, como Edgar Vicedo, Jaume Lobo, Spencer Littleson o el mismo Fynn Schott, como todo indica, pen\u00faltima pieza en llegar a Bintalfa. El primer gran examen de la temporada para el conjunto menorqu\u00edn, teniendo que medirse a un rival con solera y llamado a estar arriba.<\/p>\n<p>En el Obradoiro de \u2018Epi\u2019 no estar\u00e1 seguro hoy,<strong> Olle Lundqvist, que sufri\u00f3 un accidente articular en el hombro derecho<\/strong>, lo que le ocasion\u00f3 una subluxaci\u00f3n del mismo; y son duda, Diogo Brito, con problemas de la espalda y \u00c1lex Gal\u00e1n, con fiebre toda la semana.<\/p>\n<p>Primeras vibraciones<\/p>\n<p>Zamora, tras transmitir la emoci\u00f3n del vestuario por arrancar en casa, ante un grande \u00aby tras una pretemporada intensa\u00bb, comenz\u00f3 confirmando que tiene a toda su plantilla a punto, <strong>\u00abincluso Jalen Cone, que ha salido de su proceso de recuperaci\u00f3n y acortando plazos.<\/strong> Tambi\u00e9n Adams ha entrenado con total normalidad, como Vicedo\u00bb, se congratulaba ayer en rueda de prensa el madrile\u00f1o, que hablada del acoplamiento r\u00e1pido del \u00faltimo en llegar, Fynn Schott, not\u00e1ndose que hizo la pretemporada en el Gran Canaria ACB.<\/p>\n<p>Como siempre sin hablar de retos concretos o de triunfos, dec\u00eda ayer Zamora que conf\u00eda ofrecer a su parroquia, <strong>\u00abentrega, sacrificio y que ven a un equipo que nunca se rinde<\/strong>; temas innegociables en esta plantilla\u00bb, se\u00f1alaba. Todo ello en un estreno ante un Monbus Obradoiro muy cambiado con respeto al curso pasado pero con el mismo reto de regresar a la Liga Endesa. \u00abUn equipo dise\u00f1ado para volver a Liga ACB y pese a que es dif\u00edcil, es de los equipos con m\u00e1s empaque o mimbres de la Primera FEB para hacerlo\u00bb, piensa en voz alta de un equipo dirigido por \u2018Epi\u2019, \u00abmuy largo, con doble en todos los puestos, con mucha presencia f\u00edsica, grandes anotadores o tiradores. Nos vienen en un momento perfecto porque estamos muy centrados en nosotros\u00bb.<\/p>\n","protected":false},"excerpt":{"rendered":"Duelo de campeones de pretemporada esta noche (19.30 horas) en el teatro de los sue\u00f1os, en el Pavell\u00f3&hellip;\n","protected":false},"author":2,"featured_media":142525,"comment_status":"","ping_status":"","sticky":false,"template":"","format":"standard","meta":{"footnotes":""},"categories":[269],"tags":[299,298,168,25,24,4078,3917,23,167],"class_list":{"0":"post-142524","1":"post","2":"type-post","3":"status-publish","4":"format-standard","5":"has-post-thumbnail","7":"category-baloncesto","8":"tag-baloncesto","9":"tag-basketball","10":"tag-deportes","11":"tag-es","12":"tag-espana","13":"tag-hestia-menorca","14":"tag-primera-feb","15":"tag-spain","16":"tag-sports"},"share_on_mastodon":{"url":"","error":""},"_links":{"self":[{"href":"https:\/\/www.europesays.com\/es\/wp-json\/wp\/v2\/posts\/142524","targetHints":{"allow":["GET"]}}],"collection":[{"href":"https:\/\/www.europesays.com\/es\/wp-json\/wp\/v2\/posts"}],"about":[{"href":"https:\/\/www.europesays.com\/es\/wp-json\/wp\/v2\/types\/post"}],"author":[{"embeddable":true,"href":"https:\/\/www.europesays.com\/es\/wp-json\/wp\/v2\/users\/2"}],"replies":[{"embeddable":true,"href":"https:\/\/www.europesays.com\/es\/wp-json\/wp\/v2\/comments?post=142524"}],"version-history":[{"count":0,"href":"https:\/\/www.europesays.com\/es\/wp-json\/wp\/v2\/posts\/142524\/revisions"}],"wp:featuredmedia":[{"embeddable":true,"href":"https:\/\/www.europesays.com\/es\/wp-json\/wp\/v2\/media\/142525"}],"wp:attachment":[{"href":"https:\/\/www.europesays.com\/es\/wp-json\/wp\/v2\/media?parent=142524"}],"wp:term":[{"taxonomy":"category","embeddable":true,"href":"https:\/\/www.europesays.com\/es\/wp-json\/wp\/v2\/categories?post=142524"},{"taxonomy":"post_tag","embeddable":true,"href":"https:\/\/www.europesays.com\/es\/wp-json\/wp\/v2\/tags?post=142524"}],"curies":[{"name":"wp","href":"https:\/\/api.w.org\/{rel}","templated":true}]}}