{"id":142529,"date":"2025-09-27T16:00:15","date_gmt":"2025-09-27T16:00:15","guid":{"rendered":"https:\/\/www.europesays.com\/es\/142529\/"},"modified":"2025-09-27T16:00:15","modified_gmt":"2025-09-27T16:00:15","slug":"fotografia-en-salas-la-joven-que-quiere-retratar-salas-me-llena-muchisimo-que-mis-fotos-del-concejo-gusten-a-los-vecinos","status":"publish","type":"post","link":"https:\/\/www.europesays.com\/es\/142529\/","title":{"rendered":"FOTOGRAF\u00cdA EN SALAS | La joven que quiere retratar Salas: \u00abMe llena much\u00edsimo que mis fotos del concejo gusten a los vecinos\u00bb"},"content":{"rendered":"<p class=\"ft-text\"><strong>Nerea Garc\u00eda Men\u00e9ndez<\/strong> tiene 31 a\u00f1os y aspira a retratar su concejo de origen, <strong>Salas<\/strong>. Natural de<strong> La Espina,<\/strong> su vida cambi\u00f3 hace tres a\u00f1os cuando sinti\u00f3 la llamada de la zona rural. \u00abViv\u00ed, estudi\u00e9 y trabaj\u00e9 siete a\u00f1os en A Coru\u00f1a, pero lleg\u00f3 un momento en que sent\u00ed que necesitaba volver a casa\u00bb, relata.<\/p>\n<p class=\"ft-text\">Ahora su trabajo, en muchas ocasiones desinteresado, est\u00e1 de moda en Salas porque es <strong>la persona que acude a todos los eventos del concejo, que retrata fielmente todo lo que sucede por la zona y a la que los vecinos reconocen y felicitan<\/strong> por la calle por ello. \u00abEso me da mucha satisfacci\u00f3n\u00bb, dice.<\/p>\n<p class=\"ft-text\">Nerea Garc\u00eda estudi\u00f3 Comunicaci\u00f3n Audiovisual. <strong>\u00abPronto, la fotograf\u00eda pas\u00f3 de ser un hobby a formar parte de mi d\u00eda a d\u00eda\u00bb<\/strong>, revela. Ella se recuerda de ni\u00f1a y en su mente ya aparecen im\u00e1genes relacionadas con todo lo que las instant\u00e1neas cuenta de la vida. \u00abEn realidad, mi inter\u00e9s por la fotograf\u00eda comenz\u00f3 en mi adolescencia, cuando me regalaron mi primera c\u00e1mara digital. <strong>Siempre era yo la que llevaba la c\u00e1mara cuando sal\u00eda con mis amigas<\/strong>\u00ab, apunta.<\/p>\n<p>Un concejo \u00abprecioso\u00bb<\/p>\n<p class=\"ft-text\">Retratar Salas se ha convertido a veces en trabajo, pero sobre todo en una pasi\u00f3n. Tiene muchas cosas que contar a trav\u00e9s de las im\u00e1genes que le ofrece el concejo del que es oriunda toda su familia, por el lado paterno y por el materno. \u00abLo mejor de hacer esto que hago es que, adem\u00e1s de ser un concejo precioso, <strong>Salas ofrece una calidad de vida que no encuentras en la ciudad<\/strong>. Me encanta el entorno tranquilo y la cercan\u00eda de la gente\u00bb, advierte. \u00abPor ejemplo, <strong>me hace mucha ilusi\u00f3n que me saluden por la calle, aunque no me conozcan personalmente, y me digan que me han visto en alg\u00fan evento y que les gustan mis fotos<\/strong>. Esos gestos me llenan much\u00edsimo\u00bb, a\u00f1ade.<\/p>\n<p><img decoding=\"async\" src=\"https:\/\/www.europesays.com\/es\/wp-content\/uploads\/2025\/09\/3b738167-f1bf-4168-8d9c-3d1cbcb746a8_alta-libre-aspect-ratio_default_0.jpg\" width=\"1200\" height=\"900\" alt=\"Nerea Garc\u00eda tomando una foto, en la capital del concejo.\" class=\"ft-helper-img-rd\" loading=\"lazy\" hasdataaida=\"true\"\/><\/p>\n<p class=\"ft-helper-fontColor-quaternary ft-helper-fontSize-body-S ft-helper-spacer-t-xxs\">Nerea Garc\u00eda tomando una foto, en la capital del concejo.  \/ Ana M. Serrano<\/p>\n<p class=\"ft-text\">Aunque el camino suele ser grato, tambi\u00e9n se encuentra alguna trabas. <strong>Nerea Garc\u00eda asegura que hay cierto abandono en el Occidente con respecto a otras zonas de Asturias<\/strong>. Y eso tambi\u00e9n se refleja en su trabajo. \u00abCon m\u00e1s apoyo en turismo, actividades culturales o deportivas, y mejores comunicaciones, tendr\u00edamos m\u00e1s oportunidades para crecer y emprender\u00bb, reflexiona para volver pronto a su mundo, el de la fotograf\u00eda.<\/p>\n<p class=\"ft-text\">Como profesional de la imagen, <strong>\u00abempec\u00e9 trabajando con peque\u00f1os comercios, algo muy satisfactorio porque a menudo no tienen las mismas herramientas de promoci\u00f3n que las grandes empresas\u00bb.<\/strong> Hoy en d\u00eda realiza tarea para los ayuntamientos de Salas o Tineo, a quienes est\u00e1 muy agradecida. \u00abMe han dado la oportunidad de crecer y descubrir que la comunicaci\u00f3n institucional me gusta much\u00edsimo. Este camino, aunque a\u00fan lo considero un inicio, me hace muy feliz\u00bb, apunta.<\/p>\n<p>No solo apretar un bot\u00f3n<\/p>\n<p class=\"ft-text\">La joven de La Espina es una fiel defensora de la fotograf\u00eda m\u00e1s ortodoxa. \u00abEso no es solo apretar un bot\u00f3n. Detr\u00e1s de cada imagen hay mucho trabajo previo: <strong>pensar en la luz, el encuadre, el mensaje que quieres transmitir y, sobre todo, la emoci\u00f3n que quieres despertar en quien la ve<\/strong>\u00ab, argumenta. \u00abUna foto puede documentar, emocionar o incluso ayudar a una marca a contar su historia de una manera \u00fanica\u00bb, advierte.<\/p>\n<p class=\"ft-text\">El avance de la tecnolog\u00eda, abre una debate en el sector y Nerea Garc\u00eda se presta a hablar de ello. \u00ab<strong>Creo que el ojo fotogr\u00e1fico y la sensibilidad del profesional no se pueden sustituir<\/strong>. Es cierto que hoy en d\u00eda con un m\u00f3vil puede hacer fotos, pero ah\u00ed est\u00e1 la diferencia: la especializaci\u00f3n\u00bb, apunta. <strong>Ella se ha especializado en la creaci\u00f3n de contenido para redes sociales, <\/strong>\u00abpero hay compa\u00f1eros que lo hacen en bodas, en fotoperiodismo, en retrato\u2026 Cuando eres muy bueno en lo tuyo, la gente lo percibe y entiende que eres insustituible\u00bb.<\/p>\n<p class=\"ft-text\">En los \u00faltimos meses, buscar la mejor imagen de cada rinc\u00f3n y actividad de su concejo ha sido su meta. \u00bfQu\u00e9 se ha encontrado? \u00abMe ha sorprendido descubrir lugares preciosos y eventos interesantes que ten\u00eda al lado de casa y en los que quiz\u00e1 no me hab\u00eda fijado antes; tambi\u00e9n me ha sorprendido el <strong>crecimiento tur\u00edstico del concejo<\/strong>: cada vez acude m\u00e1s gente a las actividades y cada a\u00f1o se crean propuestas nuevas para atraer visitantes\u00bb, cuenta.<\/p>\n<p>La IA y las expectativas \u00abirreales\u00bb<\/p>\n<p class=\"ft-text\">La<strong> Inteligencia Artificial (IA)<\/strong> est\u00e1 afectando en todos los \u00e1mbitos y en particular al mundo de la imagen. Sobre este asunto, Nerea Garc\u00eda tambi\u00e9n quiere opinar. <strong>\u00abPuede facilitar el trabajo en algunos aspectos, pero tambi\u00e9n generar im\u00e1genes falsas que confundan al p\u00fablico alimentando noticias falsas o creando expectativas irreales sobre un producto, por ejemplo\u00bb<\/strong>. Es precisamente por el auge de la IA y por la falta de control sobre los contenidos ver\u00eddicos por lo que cree que \u00abjusto ahora la figura del fot\u00f3grafo es m\u00e1s importante que nunca: aportamos autenticidad, credibilidad y un punto de vista humano que la IA no puede reemplazar\u00bb.<\/p>\n<p>El futuro de la fotograf\u00eda<\/p>\n<p class=\"ft-text\">La salense solo se ve el futuro con optimismo. Adem\u00e1s de invertir \u00abm\u00e1s en mi negocio para ofrecer servicios de mayor calidad\u00bb, aspira a abrir un local propio con oficina y estudio fotogr\u00e1fico. <strong>\u00abTambi\u00e9n me gustar\u00eda continuar especializ\u00e1ndome en comunicaci\u00f3n institucional porque me permite unir mis tres disciplinas favoritas: la fotograf\u00eda, la redacci\u00f3n y el marketing\u00bb<\/strong>, explica. Y no duda de d\u00f3nde quiere hacerlo: \u00abEn Asturias y, en particular, en el Occidente, que es donde quiero desarrollar mi vida personal y profesional\u00bb.<\/p>\n<p class=\"ft-text\">Para ello queda mucho por trabajar. En su opini\u00f3n, el fot\u00f3grafo de hoy tiene que ser cada vez m\u00e1s vers\u00e1til y combinar su trabajo con otras disciplinas. Cita el marketing digital o la creaci\u00f3n de contenido. <strong>\u00abAl final, no se trata solo de hacer fotos bonitas, sino de ayudar a empresas, instituciones o particulares a comunicar mejor, por eso creo que el fot\u00f3grafo del futuro ser\u00e1 un profesional m\u00e1s integral, capaz de adaptarse a las nuevas plataformas y a las necesidades de cada cliente\u00bb<\/strong>.<\/p>\n<p class=\"ft-text\">Su rinc\u00f3n favorito para hacer fotos es cualquier lugar de la naturaleza salense: \u00abEl monte, los r\u00edos, los caminos\u2026\u00bb. Se confiesa fan de los pueblos m\u00e1s peque\u00f1os y escondidos,<strong> \u00abporque reflejan la esencia y el costumbrismo de nuestro concejo algo que me parece fundamental preservar y retratar\u00bb<\/strong>, y espera poder crecer profesionalmente en el concejo que la vio nacer y crecer. Suerte.<\/p>\n","protected":false},"excerpt":{"rendered":"Nerea Garc\u00eda Men\u00e9ndez tiene 31 a\u00f1os y aspira a retratar su concejo de origen, Salas. Natural de La&hellip;\n","protected":false},"author":2,"featured_media":142530,"comment_status":"","ping_status":"","sticky":false,"template":"","format":"standard","meta":{"footnotes":""},"categories":[173],"tags":[229,233,231,230,232,234,146,147,25,24,244,260,1157,14230,1928,2615,6640,23168,23,3096],"class_list":{"0":"post-142529","1":"post","2":"type-post","3":"status-publish","4":"format-standard","5":"has-post-thumbnail","7":"category-arte-y-diseno","8":"tag-arte","9":"tag-arte-y-diseno","10":"tag-arts","11":"tag-arts-and-design","12":"tag-design","13":"tag-diseno","14":"tag-entertainment","15":"tag-entretenimiento","16":"tag-es","17":"tag-espana","18":"tag-fotografia","19":"tag-gente","20":"tag-imagen","21":"tag-intimo","22":"tag-joven","23":"tag-quiere","24":"tag-retratar","25":"tag-salas","26":"tag-spain","27":"tag-vecinos"},"share_on_mastodon":{"url":"","error":""},"_links":{"self":[{"href":"https:\/\/www.europesays.com\/es\/wp-json\/wp\/v2\/posts\/142529","targetHints":{"allow":["GET"]}}],"collection":[{"href":"https:\/\/www.europesays.com\/es\/wp-json\/wp\/v2\/posts"}],"about":[{"href":"https:\/\/www.europesays.com\/es\/wp-json\/wp\/v2\/types\/post"}],"author":[{"embeddable":true,"href":"https:\/\/www.europesays.com\/es\/wp-json\/wp\/v2\/users\/2"}],"replies":[{"embeddable":true,"href":"https:\/\/www.europesays.com\/es\/wp-json\/wp\/v2\/comments?post=142529"}],"version-history":[{"count":0,"href":"https:\/\/www.europesays.com\/es\/wp-json\/wp\/v2\/posts\/142529\/revisions"}],"wp:featuredmedia":[{"embeddable":true,"href":"https:\/\/www.europesays.com\/es\/wp-json\/wp\/v2\/media\/142530"}],"wp:attachment":[{"href":"https:\/\/www.europesays.com\/es\/wp-json\/wp\/v2\/media?parent=142529"}],"wp:term":[{"taxonomy":"category","embeddable":true,"href":"https:\/\/www.europesays.com\/es\/wp-json\/wp\/v2\/categories?post=142529"},{"taxonomy":"post_tag","embeddable":true,"href":"https:\/\/www.europesays.com\/es\/wp-json\/wp\/v2\/tags?post=142529"}],"curies":[{"name":"wp","href":"https:\/\/api.w.org\/{rel}","templated":true}]}}