{"id":142531,"date":"2025-09-27T16:01:22","date_gmt":"2025-09-27T16:01:22","guid":{"rendered":"https:\/\/www.europesays.com\/es\/142531\/"},"modified":"2025-09-27T16:01:22","modified_gmt":"2025-09-27T16:01:22","slug":"chile-pais-invitado-de-honor-de-liber-2025","status":"publish","type":"post","link":"https:\/\/www.europesays.com\/es\/142531\/","title":{"rendered":"Chile, pa\u00eds invitado de honor de LIBER 2025"},"content":{"rendered":"<p style=\"text-align:justify\"><strong>Chile<\/strong> ser\u00e1 protagonista en<strong> LIBER 2025<\/strong> como <strong>Pa\u00eds Invitado de Honor<\/strong>. Organizada por <strong>IFEMA MADRID<\/strong> junto a la <strong>Federaci\u00f3n de Gremios de Editores de Espa\u00f1a (FGEE)<\/strong>, la <strong>43\u00aa edici\u00f3n de la Feria Internacional del Libro<\/strong> ofrecer\u00e1 del<strong> 7 al 9 de octubre<\/strong> un espacio privilegiado para difundir y promover la riqueza literaria y editorial chilena.<\/p>\n<p style=\"text-align:justify\">La presencia de Chile en esta edici\u00f3n como Pa\u00eds Invitado de Honor coincide adem\u00e1s con la conmemoraci\u00f3n de los<strong> 80 a\u00f1os de la concesi\u00f3n del<\/strong> <strong>Premio Nobel de Literatura a<\/strong> <strong>Gabriela Mistral<\/strong>, primera autora latinoamericana en recibir este reconocimiento. Su figura ser\u00e1 uno de los ejes centrales de la programaci\u00f3n, con actividades que ponen en di\u00e1logo su legado con las voces contempor\u00e1neas de la literatura chilena.<\/p>\n<p style=\"text-align:justify\">\u00abEstamos muy felices que Chile sea Pa\u00eds Invitado de Honor en la Feria Internacional del Libro, Liber 2025. Esta participaci\u00f3n cobra a\u00fan m\u00e1s relevancia al coincidir con la conmemoraci\u00f3n de los 80 a\u00f1os del Premio Nobel de Gabriela Mistral, figura emblem\u00e1tica de la literatura chilena. La presencia de Chile en este importante evento internacional no solo celebra su rica tradici\u00f3n literaria, sino tambi\u00e9n abre nuevas oportunidades para la proyecci\u00f3n de su industria editorial, fortaleciendo v\u00ednculos culturales y promocionando autoras y autores contempor\u00e1neos en el escenario global\u00bb, se\u00f1ala <strong>Carolina Arredondo Marz\u00e1n<\/strong>, \u00a0<strong>ministra de las Culturas, las Artes y el Patrimonio<\/strong> de Chile.<\/p>\n<p><strong>Una delegaci\u00f3n amplia y representativa <\/strong><\/p>\n<p style=\"text-align:justify\">Chile contar\u00e1 en LIBER 2025 con una delegaci\u00f3n integrada por <strong>17 participantes, <\/strong>entre los que se encuentran<strong> editoriales, agencias y otros actores del sector del libro<\/strong>. La presencia reunir\u00e1 sellos de larga trayectoria, proyectos independientes y agencias literarias, en un reflejo de la bibliodiversidad del sector y de la fortaleza de la industria editorial chilena.<\/p>\n<p style=\"text-align:justify\"><strong>Gabriel Guggisberg<\/strong>, agregado comercial de <strong>ProChile<\/strong> en Espa\u00f1a subraya que \u201cChile es reconocido como un referente emergente, por su creatividad y transversalidad en la industria editorial y literaria. Destaca por sus premios nobel en literatura, particularmente con la primera y \u00fanica mujer de habla espa\u00f1ola reconocida a la fecha con este galard\u00f3n, Gabriela Mistral.\u00a0 Sus autores y nuevas voces han comenzado a fortalecer nuevos espacios y oportunidades para el intercambio comercial editorial\u201d.<\/p>\n<p style=\"text-align:justify\">En este sentido, la delegaci\u00f3n chilena en LIBER 2025 estar\u00e1 formada por <strong>Ebooks Patagonia<\/strong>, <strong>Escrito con Tiza<\/strong>, <strong>Minilupa<\/strong>, <strong>Dudo<\/strong> <strong>Ediciones<\/strong>, <strong>NautaColecciones<\/strong> <strong>Editores<\/strong>, <strong>Calcetines<\/strong> <strong>Animados<\/strong>, <strong>VLP<\/strong> <strong>Agency<\/strong>, <strong>Editorial<\/strong> <strong>Zig-Zag<\/strong>, <strong>Banda<\/strong> <strong>Propia<\/strong>, <strong>Descontexto<\/strong> <strong>Editores<\/strong>, <strong>Ediciones<\/strong> <strong>UC<\/strong>, <strong>Planeta<\/strong> <strong>Sostenible<\/strong>, <strong>Kindberg<\/strong> <strong>Editorial<\/strong>, <strong>Una casa de cart\u00f3n <\/strong>y<strong> Humita Dise\u00f1o<\/strong>, adem\u00e1s de <strong>Mar\u00eda de los \u00c1ngeles<\/strong> <strong>Quinteros <\/strong>y<strong> Eduardo Castillo<\/strong> (C\u00e1mara Chilena del Libro).<\/p>\n<p style=\"text-align:justify\">\u00abSeg\u00fan datos actuales del mercado editorial chileno, en nuestro pa\u00eds existen 665 editoriales donde destacan los g\u00e9neros de ficci\u00f3n, poes\u00eda y literatura infantil y juvenil, adem\u00e1s de tem\u00e1ticas como Ciencias Sociales, Historia y Colecciones Literarias. Entre 2020 y 2024, el crecimiento de las exportaciones de bienes (libros f\u00edsicos) logr\u00f3 un 103%, pasando de US$ 4.8 millones a US$ 9.8 millones. Y considerando tambi\u00e9n exportaciones de servicios como libros digitales, el monto total de las exportaciones de libros ha llegado a superar los US $ 20 millones\u201d, explica <strong>Ra\u00fal Vilches,\u00a0 <\/strong>jefe de Econom\u00edas Creativas de<strong> ProChile<\/strong><\/p>\n<p><strong>Programa de actividades de Chile en LIBER 2025<\/strong><\/p>\n<p style=\"text-align:justify\">La agenda de actividades de Chile reunir\u00e1 mesas redondas, conferencias, lecturas y presentaciones que permitir\u00e1n al p\u00fablico especializado conocer la diversidad de la literatura chilena actual. El <strong>7 de octubre a las 13:30 horas<\/strong> tendr\u00e1 lugar la inauguraci\u00f3n del stand de Chile, que rendir\u00e1 homenaje a Gabriela Mistral con una lectura coral de sus textos a cargo de escritoras de distintas generaciones.<\/p>\n<p style=\"text-align:justify\">Adem\u00e1s, durante los tres d\u00edas de la Feria se celebrar\u00e1 otros encuentros con autores que abordar\u00e1n la narrativa fant\u00e1stica, los or\u00edgenes de la literatura chilena y pondr\u00e1n en valor su herencia po\u00e9tica. El programa incluir\u00e1 tambi\u00e9n presentaciones de libros y recitales que junto a intervenciones art\u00edsticas mostrar\u00e1n la riqueza cultural de Chile y el dinamismo de sus nuevas generaciones.<\/p>\n<p style=\"text-align:justify\"><strong>Consulta la <\/strong><a href=\"https:\/\/www.ifema.es\/liber\/horario-actividades\" target=\"_blank\" rel=\"nofollow noopener\"><strong>programaci\u00f3n completa<\/strong><\/a><strong> de actividades y horarios en la web. <\/strong><\/p>\n<p style=\"text-align:justify\"><strong>Chile<\/strong> particip\u00f3 como Pa\u00eds Invitado de Honor en 2013 y, en la <strong>43\u00aa edici\u00f3n de LIBER<\/strong>, que se celebrar\u00e1 en <strong>IFEMA MADRID<\/strong> del<strong> 7 al 9 de octubre de 2025<\/strong>, volver\u00e1 a ocupar este papel para seguir estrechando los lazos culturales y profesionales con la industria editorial espa\u00f1ola e internacional. La participaci\u00f3n de Chile cuenta con la colaboraci\u00f3n del <strong>Ministerio de las Culturas, las Artes y el Patrimonio<\/strong>, <strong>la Embajada de Chile en Espa\u00f1a<\/strong>, <strong>ProChile<\/strong>,<strong> DIRAC <\/strong>e <strong>Imagen de Chile<\/strong>.<\/p>\n<p style=\"text-align:justify\">Asimismo,<strong> LIBER 2025<\/strong> cuenta con el respaldo y patrocinio del <strong>Ministerio de Cultura<\/strong>,<strong> ICEX Espa\u00f1a Exportaci\u00f3n e Inversiones<\/strong>, <strong>Comunidad de Madrid<\/strong>, <strong>Ayuntamiento de Madrid <\/strong>y el<strong> Centro Espa\u00f1ol de Derechos Reprogr\u00e1ficos (CEDRO).<\/strong> Adem\u00e1s, cuenta con la colaboraci\u00f3n de<strong> Acci\u00f3n Cultural Espa\u00f1ola (AC\/E) <\/strong>y la<strong> Asociaci\u00f3n de Editores de Madrid<\/strong>.<\/p>\n<p style=\"text-align:justify\"><strong>\u00a0<\/strong><\/p>\n<p><strong>Sobre LIBER<\/strong><\/p>\n<p style=\"text-align:justify\">Reconocida internacionalmente como una de las principales citas feriales para la exportaci\u00f3n, muestra y promoci\u00f3n de la edici\u00f3n en espa\u00f1ol, LIBER reunir\u00e1 este a\u00f1o en Madrid a m\u00e1s de 350 editoriales y empresas que dar\u00e1n a conocer sus fondos bibliogr\u00e1ficos y novedades, as\u00ed como productos y servicios relacionados con la comercializaci\u00f3n y distribuci\u00f3n de libros. Adem\u00e1s, la feria incluye un amplio programa de jornadas profesionales para debatir y reflexionar sobre la actualidad sectorial vinculada a la cadena de valor del libro.<\/p>\n<p style=\"text-align:justify\">LIBER 2025 est\u00e1 organizada por IFEMA MADRID y promovida por la Federaci\u00f3n de Gremios de Editores de Espa\u00f1a (FGEE). Cuenta con el patrocinio del Ministerio de Cultura, ICEX Exportaci\u00f3n e Inversiones, CEDRO, Comunidad de Madrid, Ayuntamiento de Madrid, y la colaboraci\u00f3n de Acci\u00f3n Cultural Espa\u00f1ola (AC\/E) y la Asociaci\u00f3n de Editores de Madrid.<\/p>\n","protected":false},"excerpt":{"rendered":"Chile ser\u00e1 protagonista en LIBER 2025 como Pa\u00eds Invitado de Honor. Organizada por IFEMA MADRID junto a la&hellip;\n","protected":false},"author":2,"featured_media":142532,"comment_status":"","ping_status":"","sticky":false,"template":"","format":"standard","meta":{"footnotes":""},"categories":[172],"tags":[224,146,147,25,24,225,23],"class_list":{"0":"post-142531","1":"post","2":"type-post","3":"status-publish","4":"format-standard","5":"has-post-thumbnail","7":"category-libros","8":"tag-books","9":"tag-entertainment","10":"tag-entretenimiento","11":"tag-es","12":"tag-espana","13":"tag-libros","14":"tag-spain"},"share_on_mastodon":{"url":"","error":""},"_links":{"self":[{"href":"https:\/\/www.europesays.com\/es\/wp-json\/wp\/v2\/posts\/142531","targetHints":{"allow":["GET"]}}],"collection":[{"href":"https:\/\/www.europesays.com\/es\/wp-json\/wp\/v2\/posts"}],"about":[{"href":"https:\/\/www.europesays.com\/es\/wp-json\/wp\/v2\/types\/post"}],"author":[{"embeddable":true,"href":"https:\/\/www.europesays.com\/es\/wp-json\/wp\/v2\/users\/2"}],"replies":[{"embeddable":true,"href":"https:\/\/www.europesays.com\/es\/wp-json\/wp\/v2\/comments?post=142531"}],"version-history":[{"count":0,"href":"https:\/\/www.europesays.com\/es\/wp-json\/wp\/v2\/posts\/142531\/revisions"}],"wp:featuredmedia":[{"embeddable":true,"href":"https:\/\/www.europesays.com\/es\/wp-json\/wp\/v2\/media\/142532"}],"wp:attachment":[{"href":"https:\/\/www.europesays.com\/es\/wp-json\/wp\/v2\/media?parent=142531"}],"wp:term":[{"taxonomy":"category","embeddable":true,"href":"https:\/\/www.europesays.com\/es\/wp-json\/wp\/v2\/categories?post=142531"},{"taxonomy":"post_tag","embeddable":true,"href":"https:\/\/www.europesays.com\/es\/wp-json\/wp\/v2\/tags?post=142531"}],"curies":[{"name":"wp","href":"https:\/\/api.w.org\/{rel}","templated":true}]}}