{"id":142545,"date":"2025-09-27T16:10:07","date_gmt":"2025-09-27T16:10:07","guid":{"rendered":"https:\/\/www.europesays.com\/es\/142545\/"},"modified":"2025-09-27T16:10:07","modified_gmt":"2025-09-27T16:10:07","slug":"alemania-reforzara-sus-defensas-tras-detectar-un-enjambre-de-drones-en-la-frontera-con-dinamarca-internacional","status":"publish","type":"post","link":"https:\/\/www.europesays.com\/es\/142545\/","title":{"rendered":"Alemania reforzar\u00e1 sus defensas tras detectar un \u201cenjambre\u201d de drones en la frontera con Dinamarca | Internacional"},"content":{"rendered":"<p class=\"\"><a href=\"https:\/\/elpais.com\/noticias\/dinamarca\/\" target=\"_self\" rel=\"nofollow noopener\" title=\"https:\/\/elpais.com\/noticias\/dinamarca\/\">El aumento de avistamientos de drones en Dinamarca<\/a> y, este viernes, en el norte de Alemania, ha llevado al Gobierno de Friedrich Merz a anunciar un reforzamiento de la seguridad a\u00e9rea y a contemplar su derribo con aviones del ej\u00e9rcito. \u201cExiste una amenaza que puede considerarse grave\u201d, ha declarado este s\u00e1bado el ministro alem\u00e1n del Interior, Alexander Dobrindt, tras \u201cdetectarse un enjambre de drones\u201d sobre Schleswig-Holstein, Estado federado en la frontera entre Alemania y Dinamarca. <\/p>\n<p class=\"\">Dobrindt, sin se\u00f1alar abiertamente a los posibles responsables, denunci\u00f3 que estos vuelos \u201ctienen un componente de espionaje\u201d. El ministro cree que Alemania no puede perder el tren de esta carrera armament\u00edstica y ha anunciado un programa conjunto con Israel.<\/p>\n<p class=\"\">La presencia de drones de procedencia desconocida en el cielo alem\u00e1n en Schleswig-Holstein ampl\u00eda la sensaci\u00f3n de amenaza a la primera econom\u00eda europea y pa\u00eds central en la OTAN. Hasta esta semana las incursiones se hab\u00edan circunscrito a pa\u00edses del llamado flanco oriental. <\/p>\n<p class=\"\"><a href=\"https:\/\/elpais.com\/internacional\/2025-09-11\/polonia-urge-al-resto-de-la-otan-a-actuar-frente-a-la-amenaza-rusa.html\" target=\"_self\" rel=\"nofollow noopener\" title=\"https:\/\/elpais.com\/internacional\/2025-09-11\/polonia-urge-al-resto-de-la-otan-a-actuar-frente-a-la-amenaza-rusa.html\">El 10 de septiembre, Polonia acus\u00f3 a Rusia de violar su espacio a\u00e9reo con drones.<\/a> Algunos fueron derribados. En las semanas siguientes, las violaciones de la soberan\u00eda de pa\u00edses aliados, con drones y aviones de guerra, se multiplicaron. Estonia y Rumania se vieron afectadas, adem\u00e1s de Polonia.<\/p>\n<p class=\"\">Ahora los incidentes llegan a la Europa occidental y la regi\u00f3n del mar B\u00e1ltico, considerado <a href=\"https:\/\/elpais.com\/internacional\/2025-05-21\/la-vigilancia-del-baltico-pone-a-prueba-al-renovado-ejercito-aleman.html\" target=\"_self\" rel=\"nofollow noopener\" title=\"https:\/\/elpais.com\/internacional\/2025-05-21\/la-vigilancia-del-baltico-pone-a-prueba-al-renovado-ejercito-aleman.html\">uno de los puntos calientes del continente en el contexto de las tensiones entre la OTAN y Rusia desde que este pa\u00eds invadi\u00f3 a Ucrania.<\/a><\/p>\n<p>Drones sobre Dinamarca<\/p>\n<p class=\"\">Copenhague detect\u00f3 el viernes la presencia de varios drones sobre bases militares, incluida la mayor del pa\u00eds, seg\u00fan fuentes militares danesas citadas por la agencia France Presse. El avistamiento de drones misteriosos ha llevado al cierre de aeropuertos en Dinamarca y Noruega.<\/p>\n<p class=\"\">La primera ministra danesa, Mette Frederiksen, ha dicho que ignora el origen de las incursiones. Tampoco las autoridades regionales de Schleswig-Holstein y federales en Berl\u00edn conocen el origen de los drones. Rusia niega tener nada que ver.<\/p>\n<p class=\"\">\u201cNo podemos decir mucho, porque las investigaciones est\u00e1n abiertas\u201d, <a href=\"https:\/\/www.ndr.de\/nachrichten\/schleswig-holstein\/drohnensichtungen-jetzt-auch-in-sh-landespolizei-verstaerkt-abwehr,drohnen-170.html\" target=\"_self\" rel=\"nofollow noopener\" title=\"https:\/\/www.ndr.de\/nachrichten\/schleswig-holstein\/drohnensichtungen-jetzt-auch-in-sh-landespolizei-verstaerkt-abwehr,drohnen-170.html\">dijo a la cadena p\u00fablica NDR <\/a>Sabine S\u00fctterlin-Waack, la ministra del Interior de este Estado federado. S\u00fctterlin-Waack ha apuntado, sin embargo, a la hip\u00f3tesis de un acto de \u201cespionaje\u201d y al \u201csabotaje\u201d. <\/p>\n<p class=\"\"><a href=\"https:\/\/www.bundesregierung.de\/breg-de\/service\/newsletter-und-abos\/bulletin\/bmi-dobrindt-haushalt-2026-2386186\" target=\"_self\" rel=\"nofollow noopener\" title=\"https:\/\/www.bundesregierung.de\/breg-de\/service\/newsletter-und-abos\/bulletin\/bmi-dobrindt-haushalt-2026-2386186\">En un discurso ante el Bundestag, <\/a>el jueves, el ministro federal Dobrindt denunci\u00f3 que Alemania \u201ces el objetivo de amenazas h\u00edbridas, el objetivo de sabotaje y espionaje\u201d. \u201cY la agresi\u00f3n tambi\u00e9n proviene de Rusia\u201d, dijo. \u201cLo vemos a diario: violaciones del espacio a\u00e9reo de nuestros vecinos europeos, incursiones de drones, ataques c\u00edber\u201d.<\/p>\n<p class=\"\">No es un fen\u00f3meno nuevo. Las autoridades alemanas llevan meses observando, al menos desde finales de 2024, incursiones \u201ccasi a diario\u201d de drones, en palabras de un responsable parlamentario. En algunos casos, los drones sobrevolaron instalaciones militares en Alemania, seg\u00fan una investigaci\u00f3n del semanario Der Spiegel publicada en enero. <\/p>\n<p class=\"\">Dobrindt prepara un plan para reforzar la detecci\u00f3n de drones y la capacidad de derribarlos. Para ello contempla que la Budeswehr, el ej\u00e9rcito federal, \u201cest\u00e9 autorizado a ayudar a la polic\u00eda\u201d en la defensa antidrones. <a href=\"https:\/\/www.bild.de\/politik\/inland\/geheim-operation-luftsicherheit-das-ist-deutschlands-drohnen-abschussplan-68cbde24c914d40a280ec620\" target=\"_self\" rel=\"nofollow noopener\" title=\"https:\/\/www.bild.de\/politik\/inland\/geheim-operation-luftsicherheit-das-ist-deutschlands-drohnen-abschussplan-68cbde24c914d40a280ec620\">Seg\u00fan el diario Bild, <\/a>en el futuro la Bundeswehr podr\u00e1 derribar drones en el espacio a\u00e9reo alem\u00e1n, \u201ccuando esta sea la \u00fanica manera de protegerse de un da\u00f1o mayor\u201d.<\/p>\n<p class=\"\">\u201cTenemos que mejorar y participar permanentemente en esta competici\u00f3n tecnol\u00f3gica\u201d, <a href=\"https:\/\/rp-online.de\/politik\/deutschland\/dobrindt-bundeswehr-soll-polizei-im-inland-amtshilfe-leisten-gerade-bei-drohnenabwehr_aid-135719861\" target=\"_self\" rel=\"nofollow noopener\" title=\"https:\/\/rp-online.de\/politik\/deutschland\/dobrindt-bundeswehr-soll-polizei-im-inland-amtshilfe-leisten-gerade-bei-drohnenabwehr_aid-135719861\">declara Dobrindt este s\u00e1bado en el diario regional Rheinische Post.<\/a> \u201cTrabajamos con Israel en el desarrollo conjunto de un proyecto de investigaci\u00f3n sobre la defensa anti-drones\u201d.<\/p>\n","protected":false},"excerpt":{"rendered":"El aumento de avistamientos de drones en Dinamarca y, este viernes, en el norte de Alemania, ha llevado&hellip;\n","protected":false},"author":2,"featured_media":142546,"comment_status":"","ping_status":"","sticky":false,"template":"","format":"standard","meta":{"footnotes":""},"categories":[42],"tags":[1660,8738,17,18,70,71,72,2496,700,13,14,69,7082,11,61,62,63,64,19,20,9,10,15,16,1613,1614,12,7081,21,22,1617,65,66,67],"class_list":{"0":"post-142545","1":"post","2":"type-post","3":"status-publish","4":"format-standard","5":"has-post-thumbnail","7":"category-internacional","8":"tag-alemania","9":"tag-ataques-militares","10":"tag-breaking-news","11":"tag-breakingnews","12":"tag-conflictos","13":"tag-conflictos-armados","14":"tag-conflictos-internacionales","15":"tag-dinamarca","16":"tag-europa","17":"tag-featured-news","18":"tag-featurednews","19":"tag-guerra","20":"tag-guerra-de-rusia-en-ucrania","21":"tag-headlines","22":"tag-internacional","23":"tag-international","24":"tag-international-news","25":"tag-internationalnews","26":"tag-latest-news","27":"tag-latestnews","28":"tag-news","29":"tag-noticias","30":"tag-noticias-destacadas","31":"tag-noticiasdestacadas","32":"tag-otan","33":"tag-rusia","34":"tag-titulares","35":"tag-ucrania","36":"tag-ultimas-noticias","37":"tag-ultimasnoticias","38":"tag-union-europea","39":"tag-world","40":"tag-world-news","41":"tag-worldnews"},"share_on_mastodon":{"url":"","error":""},"_links":{"self":[{"href":"https:\/\/www.europesays.com\/es\/wp-json\/wp\/v2\/posts\/142545","targetHints":{"allow":["GET"]}}],"collection":[{"href":"https:\/\/www.europesays.com\/es\/wp-json\/wp\/v2\/posts"}],"about":[{"href":"https:\/\/www.europesays.com\/es\/wp-json\/wp\/v2\/types\/post"}],"author":[{"embeddable":true,"href":"https:\/\/www.europesays.com\/es\/wp-json\/wp\/v2\/users\/2"}],"replies":[{"embeddable":true,"href":"https:\/\/www.europesays.com\/es\/wp-json\/wp\/v2\/comments?post=142545"}],"version-history":[{"count":0,"href":"https:\/\/www.europesays.com\/es\/wp-json\/wp\/v2\/posts\/142545\/revisions"}],"wp:featuredmedia":[{"embeddable":true,"href":"https:\/\/www.europesays.com\/es\/wp-json\/wp\/v2\/media\/142546"}],"wp:attachment":[{"href":"https:\/\/www.europesays.com\/es\/wp-json\/wp\/v2\/media?parent=142545"}],"wp:term":[{"taxonomy":"category","embeddable":true,"href":"https:\/\/www.europesays.com\/es\/wp-json\/wp\/v2\/categories?post=142545"},{"taxonomy":"post_tag","embeddable":true,"href":"https:\/\/www.europesays.com\/es\/wp-json\/wp\/v2\/tags?post=142545"}],"curies":[{"name":"wp","href":"https:\/\/api.w.org\/{rel}","templated":true}]}}