{"id":142547,"date":"2025-09-27T16:11:07","date_gmt":"2025-09-27T16:11:07","guid":{"rendered":"https:\/\/www.europesays.com\/es\/142547\/"},"modified":"2025-09-27T16:11:07","modified_gmt":"2025-09-27T16:11:07","slug":"ultima-hora-y-noticias-de-la-manifestacion-de-hazte-oir-hoy","status":"publish","type":"post","link":"https:\/\/www.europesays.com\/es\/142547\/","title":{"rendered":"\u00faltima hora y noticias de la manifestaci\u00f3n de Hazte O\u00edr hoy"},"content":{"rendered":"<p style=\"\">Sigue <strong>en directo <\/strong>la <strong>comparecencia de Bego\u00f1a G\u00f3mez<\/strong>, mujer de Pedro S\u00e1nchez, ante el juez Peinado en los <strong>Juzgados de Plaza de Castilla<\/strong>, con la \u00faltima hora de la manifestaci\u00f3n convocada por Hazte O\u00edr hoy.<\/p>\n<p>17:54<\/p>\n<p>El delegado del Gobierno tampoco acude a los juzgados<\/p>\n<p class=\"voc-p\">El delegado del Gobierno en la Comunidad de Madrid, Francisco Mart\u00edn, tampoco acude a la vistilla en los juzgados. <strong>Informa Joan Guirado.<\/strong><\/p>\n<p>17:48<\/p>\n<p>El abogado de Bego\u00f1a G\u00f3mez llega a los juzgados<\/p>\n<p class=\"voc-p\">Pese a la ausencia de Bego\u00f1a G\u00f3mez, quien s\u00ed ha llegado ya a los juzgados es su abogado, el exministro Antonio Camacho.<\/p>\n<p>17:41<\/p>\n<p>Bego\u00f1a G\u00f3mez no se persona en la vistilla<\/p>\n<p class=\"voc-p\">Bego\u00f1a G\u00f3mez no se persona en la vistilla de este s\u00e1bado pese a que el juez Peinado indic\u00f3 que ten\u00edan que estar presentes los encausados. <strong>Informa Javier Lillo.<\/strong><\/p>\n<p>17:38<\/p>\n<p>Posible ausencia de Bego\u00f1a G\u00f3mez<\/p>\n<p class=\"voc-p\">Fuentes jur\u00eddicas temen que Bego\u00f1a G\u00f3mez no se presente este s\u00e1bado, a pesar de que la ley, en principio, s\u00ed que dispone que est\u00e9n los encausados. <strong>Informa Javier Lillo.<\/strong><\/p>\n<p>17:32<\/p>\n<p>Las acusaciones populares avanzan que solicitar\u00e1n la declaraci\u00f3n testifical de Pedro S\u00e1nchez<\/p>\n<p class=\"voc-p\">Las acusaciones populares avanzan que solicitar\u00e1n en esta vistilla la declaraci\u00f3n testifical del presidente del Gobierno, Pedro S\u00e1nchez.<strong> Informa Javier Lillo.<\/strong><\/p>\n<p>17:29<\/p>\n<p>Arsuaga: \u00abEstamos intentando acabar con la corrupci\u00f3n\u00bb<\/p>\n<p class=\"voc-p\">\u00abLo que estamos intentando es acabar con la corrupci\u00f3n, limpiar la pol\u00edtica espa\u00f1ola y, en concreto, el PSOE de corrupci\u00f3n. Por otro lado, estamos tratando de convencer a Pedro S\u00e1nchez de que convoque elecciones y abandone la Moncloa. Creemos que, con nuestras actuaciones en los juicios y nuestras movilizaciones en la calle, vamos a conseguirlo y esperamos que sea cuanto antes\u00bb, afirma Arsuaga.<\/p>\n<p>17:22<\/p>\n<p>Hazte O\u00edr reparte 25.000 balconeras con la cara de Pedro S\u00e1nchez y la palabra \u00abCorrupto\u00bb<\/p>\n<p class=\"voc-p\">\u00abHemos repartido 25.000 balconeras a ciudadanos que nos las han pedido para que ese mensaje con la cara de Pedro S\u00e1nchez y la palabra corrupto llegue a toda Espa\u00f1a\u00bb, se\u00f1ala ante los medios el presidente de Hazte O\u00edr, Ignacio Arsuaga, en su llegada a los juzgados.<\/p>\n<p>17:16<\/p>\n<p>Hazte O\u00edr no da detalles de lo que van a hacer<\/p>\n<p class=\"voc-p\">El abogado y secretario de Hazte O\u00edr, Javier Mar\u00eda P\u00e9rez Rold\u00e1n, explica que, \u00abpor respeto a la instituci\u00f3n\u00bb, prefieren no hablar en ese aspecto: \u00abYa se enterar\u00e1n despu\u00e9s. En principio, no vamos a anunciar lo que vamos a hacer\u00bb.<\/p>\n<p>17:10<\/p>\n<p>Reducido dispositivo policial<\/p>\n<p class=\"voc-p\">El dispositivo policial desplegado por Delegaci\u00f3n de Gobierno es reducido en comparaci\u00f3n con las citas anteriores. Un par de furgonetas de Polic\u00eda Nacional. Los medios de comunicaci\u00f3n se agolpan tanto a la entrada principal como en la del garaje, por donde previsiblemente acceder\u00e1 Bego\u00f1a G\u00f3mez, esposa de Pedro S\u00e1nchez. <strong>Informa Javier Lillo.<\/strong><\/p>\n<p>17:04<\/p>\n<p>Una veintena de personas convocadas por Hazte O\u00edr se concentran frente a los juzgados<\/p>\n<p class=\"voc-p\">Una veintena de personas convocadas por la plataforma Hazte O\u00edr se concentran a esta hora frente a los juzgados de Plaza de Castilla con motivo de la cita ante Peinado de Bego\u00f1a G\u00f3mez. Portan banderas de Espa\u00f1a y carteles con la foto de S\u00e1nchez con el lema de &#8216;Corrupto&#8217;. <strong>Informa Javier Lillo.<\/strong><\/p>\n<p><strong>\ufeff\ufeff<\/strong><\/p>\n<p>16:55<\/p>\n<p><a href=\"https:\/\/www.abc.es\/espana\/peinado-seguira-cargo-investigacion-malversacion-envie-juicio-20250924123714-nt.html\" target=\"_blank\" rel=\"noopener noreferrer nofollow\">Las claves: \u00bfQui\u00e9n sigue al cargo del caso? \u00bfQui\u00e9n decidir\u00e1 si va a juicio? \u00bfCu\u00e1ndo arrancar\u00eda?<\/a><\/p>\n<p class=\"voc-p\">La resoluci\u00f3n por la que el juez Peinado ha decidido transformar la causa que se sigue por malversaci\u00f3n contra Bego\u00f1a G\u00f3mez, para que se siga por el procedimiento del Tribunal del Jurado, <strong>no supone que la esposa del presidente vaya a sentarse de forma inmediata <\/strong>-s\u00ed o s\u00ed- ante un jurado popular. De hecho hay muchos pasos previos antes de llegar a ese hipot\u00e9tico final y, en todo caso, nunca ser\u00e1 decisi\u00f3n s\u00f3lo del magistrado sino que deber\u00e1 contar con el visto bueno de la Audiencia Provincial de Madrid.<\/p>\n<p class=\"voc-p\"><a href=\"https:\/\/www.abc.es\/espana\/peinado-seguira-cargo-investigacion-malversacion-envie-juicio-20250924123714-nt.html\" data-voc-vtm-id=\"in-text-traffic\" target=\"_blank\" rel=\"nofollow noopener\"><br \/>\nTe lo explicamos aqu\u00ed.<\/a><\/p>\n<p>16:50<\/p>\n<p>Comparecencia de la asesora y del delegado del Gobierno en Madrid<\/p>\n<p class=\"voc-p\">Est\u00e1n citados a esta vistilla tanto G\u00f3mez, como su asistente en La Moncloa, Cristina \u00c1lvarez, y el actual delegado del Gobierno de Madrid, Francisco Mart\u00edn, por el supuesto uso para fines privados que la esposa de Pedro S\u00e1nchez pudo hacer de esa asistente cuyo empleo limitaba sus funciones al \u00e1mbito p\u00fablico. <\/p>\n<p>16:45<\/p>\n<p>La quinta vez que Bego\u00f1a G\u00f3mez acude ante el magistrado<\/p>\n<p class=\"voc-p\">Es la quinta vez que Bego\u00f1a G\u00f3mez acude ante el instructor, si bien anteriormente lo hizo al estar citada a declarar en calidad de investigada. <strong>Las dos primeras veces se acogi\u00f3 a su derecho a guardar silencio<\/strong>, mientras que en la tercera y la cuarta citaci\u00f3n opt\u00f3 por contestar \u00fanicamente a las preguntas de su abogado, el exministro socialista Antonio Camacho.<\/p>\n<p>16:41<\/p>\n<p>Entrada en coche oficial por el garaje<\/p>\n<p class=\"voc-p\">Por el momento se desconoce el tiempo que puede llegar a durar esta vistilla, pero s\u00ed se conoce ya que G\u00f3mez, como en las otras cuatro ocasiones en las que ha sido citada en esta causa, llegar\u00e1 a los juzgados entrando por el garaje para evitar, por motivos de seguridad, el pase\u00edllo hasta la entrada.<\/p>\n<p>16:35<\/p>\n<p>Indicios \u00abfundados y s\u00f3lidos\u00bb para que sea investigada por malversaci\u00f3n<\/p>\n<p class=\"voc-p\">En el d\u00eda de hoy, Peinado, que ve indicios \u00abfundados y s\u00f3lidos\u00bb para que Bego\u00f1a G\u00f3mez sea investigada por malversaci\u00f3n, escuchar\u00e1 a todas las partes personadas para que den su punto de vista sobre su decisi\u00f3n y propongan las diligencias que consideren oportunas. <\/p>\n<p>16:31<\/p>\n<p>Bego\u00f1a G\u00f3mez comparece ante el juez Peinado<\/p>\n<p class=\"voc-p\">Esta tarde a partir de las 18.00 horas el juez que investiga a Bego\u00f1a G\u00f3mez ha convocado a los encausados en la pieza separada sobre malversaci\u00f3n para comunicarles que, en caso de que el asunto llegue a juicio, ser\u00e1n juzgados por un jurado popular.<\/p>\n","protected":false},"excerpt":{"rendered":"Sigue en directo la comparecencia de Bego\u00f1a G\u00f3mez, mujer de Pedro S\u00e1nchez, ante el juez Peinado en los&hellip;\n","protected":false},"author":2,"featured_media":142548,"comment_status":"","ping_status":"","sticky":false,"template":"","format":"standard","meta":{"footnotes":""},"categories":[8],"tags":[1575,7421,17,18,4107,44201,2125,25,24,13,14,4190,44202,11,1458,315,1664,735,19,20,5087,9,10,15,16,44203,24182,1386,23,12,1885,21,22],"class_list":{"0":"post-142547","1":"post","2":"type-post","3":"status-publish","4":"format-standard","5":"has-post-thumbnail","7":"category-espana","8":"tag-ante","9":"tag-begona","10":"tag-breaking-news","11":"tag-breakingnews","12":"tag-castilla","13":"tag-comparece","14":"tag-directo","15":"tag-es","16":"tag-espana","17":"tag-featured-news","18":"tag-featurednews","19":"tag-gomez","20":"tag-hazte","21":"tag-headlines","22":"tag-hora","23":"tag-hoy","24":"tag-juez","25":"tag-juzgados","26":"tag-latest-news","27":"tag-latestnews","28":"tag-manifestacion","29":"tag-news","30":"tag-noticias","31":"tag-noticias-destacadas","32":"tag-noticiasdestacadas","33":"tag-oir","34":"tag-peinado","35":"tag-plaza","36":"tag-spain","37":"tag-titulares","38":"tag-ultima","39":"tag-ultimas-noticias","40":"tag-ultimasnoticias"},"share_on_mastodon":{"url":"","error":""},"_links":{"self":[{"href":"https:\/\/www.europesays.com\/es\/wp-json\/wp\/v2\/posts\/142547","targetHints":{"allow":["GET"]}}],"collection":[{"href":"https:\/\/www.europesays.com\/es\/wp-json\/wp\/v2\/posts"}],"about":[{"href":"https:\/\/www.europesays.com\/es\/wp-json\/wp\/v2\/types\/post"}],"author":[{"embeddable":true,"href":"https:\/\/www.europesays.com\/es\/wp-json\/wp\/v2\/users\/2"}],"replies":[{"embeddable":true,"href":"https:\/\/www.europesays.com\/es\/wp-json\/wp\/v2\/comments?post=142547"}],"version-history":[{"count":0,"href":"https:\/\/www.europesays.com\/es\/wp-json\/wp\/v2\/posts\/142547\/revisions"}],"wp:featuredmedia":[{"embeddable":true,"href":"https:\/\/www.europesays.com\/es\/wp-json\/wp\/v2\/media\/142548"}],"wp:attachment":[{"href":"https:\/\/www.europesays.com\/es\/wp-json\/wp\/v2\/media?parent=142547"}],"wp:term":[{"taxonomy":"category","embeddable":true,"href":"https:\/\/www.europesays.com\/es\/wp-json\/wp\/v2\/categories?post=142547"},{"taxonomy":"post_tag","embeddable":true,"href":"https:\/\/www.europesays.com\/es\/wp-json\/wp\/v2\/tags?post=142547"}],"curies":[{"name":"wp","href":"https:\/\/api.w.org\/{rel}","templated":true}]}}