{"id":142551,"date":"2025-09-27T16:14:10","date_gmt":"2025-09-27T16:14:10","guid":{"rendered":"https:\/\/www.europesays.com\/es\/142551\/"},"modified":"2025-09-27T16:14:10","modified_gmt":"2025-09-27T16:14:10","slug":"sigue-la-corrida-con-talavante-daniel-luque-y-borja-jimenez-en-la-feria-de-san-miguel","status":"publish","type":"post","link":"https:\/\/www.europesays.com\/es\/142551\/","title":{"rendered":"sigue la corrida con Talavante, Daniel Luque y Borja Jim\u00e9nez en la Feria de San Miguel"},"content":{"rendered":"<p class=\"voc-pretitle\">\nDirecto    TOROS EN SEVILLA\n<\/p>\n<p>Los toreros matar\u00e1n reses de la ganader\u00eda salmantina de Garcigrande<\/p>\n<p><img fetchpriority=\"high\" class=\"voc-img\" src=\"https:\/\/www.europesays.com\/es\/wp-content\/uploads\/2025\/09\/talavante-Luque-Borja-Rq1UXF6Kle3WuGH6XnSAfbI-1200x840@diario_abc.jpg\" loading=\"eager\" decoding=\"async\" alt=\"Talavante, Daniel Luque y Borja Jim\u00e9nez torean esta tarde en la Maestranza en la Feria de San Miguel\" width=\"1200\" height=\"840\"\/><\/p>\n<p>Talavante, Daniel Luque y Borja Jim\u00e9nez torean esta tarde en la Maestranza en la Feria de San Miguel      <\/p>\n<p><img decoding=\"async\" class=\"voc-author__img\" src=\"https:\/\/www.europesays.com\/es\/wp-content\/uploads\/2025\/09\/autor-7335-foto-3.jpeg\" alt=\"Jos\u00e9 Manuel Pe\u00f1a\"\/><\/p>\n<p>27\/09\/2025<br \/>\n<br \/><strong><br \/>\nActualizado a las 18:04h.<br \/>\n<\/strong><\/p>\n<p class=\"voc-p\" style=\"\">Alejandro Talavante, Daniel Luque y Borja Jim\u00e9nez se enfrentan esta tarde a toros de Garcigrande en la segunda corrida de la Feria de San Miguel en la plaza de toros de ABC de Sevilla, un festejo para el que la terna se ha preparado a conciencia para conseguir el triunfo. <\/p>\n<p class=\"voc-p\" style=\"\">Como manifestaba Borja Jim\u00e9nez en una entrevista concedida a ABC de Sevilla, la Puerta del Pr\u00edncipe le quita el sue\u00f1o. Veremos en esta tarde, de nuevo de gran expectaci\u00f3n, si los matadores, que llegan a estas alturas de la temporada con sonados triunfos a sus espaldas, salen a hombros por la puerta de la gloria sevillana.<\/p>\n<p class=\"voc-btn__text\"> Actualizar<\/p>\n<p class=\"voc-btn__text-reload\" data-voc-update-live-x-min-ago=\"\">Actualizado 24\/09 12:25<\/p>\n<p>12:24<\/p>\n<p>Borja Jim\u00e9nez<\/p>\n<p class=\"voc-p\"><strong>Borja Jim\u00e9nez Avecilla<\/strong> naci\u00f3 en Sevilla el 28 de enero de 1992. Desde ni\u00f1o sinti\u00f3 afici\u00f3n por el mundo del toro y fue alumno de la Escuela Taurina de Espartinas. Se present\u00f3 en p\u00fablico en 2005 y debut\u00f3 con picadores en la Monumental de M\u00e9xico en 2012. Tom\u00f3 la alternativa en 2015 en Sevilla con Espartaco como padrino y Manzanares de testigo. Confirma en Madrid en abril de 2023 con Curro D\u00edaz de padrino y Jos\u00e9 D\u00edaz de testigo.<\/p>\n<p>12:20<\/p>\n<p>Daniel Luque<\/p>\n<p class=\"voc-p\"><strong>Daniel Ruffo Luque, <\/strong>conocido como Daniel Luque, naci\u00f3 en la localidad sevillana de Gerena el 21 de noviembre de 1988. Debut\u00f3 con picadores en Cortes de la Frontera (M\u00e1laga) el 19 de marzo de 2005. Dos a\u00f1os despu\u00e9s toma la alternativa en Nimes (Francia) el 24 de mayo de 2007 teniendo de padrino a El Juli y de testigo a Sebasti\u00e1n Castella con toros de El Pilar. Confirm\u00f3 la alternativa en Madrid en 2008 teniendo de padrino a Javier Conde y de testigo a Jos\u00e9 Tom\u00e1s.<\/p>\n<p>12:20<\/p>\n<p>Alejandro Talavante<\/p>\n<p class=\"voc-p\"><strong>Alejandro Talavante Rodr\u00edguez<\/strong> naci\u00f3 en Badajoz el 24 de noviembre de 1987. Con once a\u00f1os, Talavante se apunt\u00f3 a la Escuela Taurina de Badajoz, donde recibi\u00f3 sus primeras lecciones de tauromaquia. Debut\u00f3 con picadores en la localidad francesa de Samadet en 2004. Tom\u00f3 la alternativa el 9 de junio de 2006 en Ceheg\u00edn (Murcia), teniendo como padrino a Morante de la Puebla y con David Fandila El Fandi como testigo. Confirm\u00f3 la alternativa en 2007 en la plaza de toros de Las Ventas apadrinado por El Juli y Jos\u00e9 Mar\u00eda Manzanares con toros de la ganader\u00eda del Puerto de San Lorenzo.<\/p>\n<p>12:18<\/p>\n<p>Segunda corrida de la Feria de San Miguel de Sevilla<\/p>\n<p class=\"voc-p\">Muy buenas tardes y bienvenidos al directo del segundo festejo de la Feria de San Miguel, ciclo septembrino que es, por derecho propio, otra de las grandes citas taurinas en Sevilla.<\/p>\n<p class=\"voc-p\">Esta tarde veremos sobre el ruedo a un torero extreme\u00f1o, <strong>Alejandro Talavante<\/strong>, y dos sevillanos, <strong>Daniel Luque y Borja Jim\u00e9nez,<\/strong> que matar\u00e1n reses de la ganader\u00eda salmantina de Garcigrande.<\/p>\n<p class=\"voc-p\">La corrida empieza a las seis y media de la tarde.<\/p>\n<p class=\"voc-btn__text\">Ver narraci\u00f3n completa <\/p>\n<p>{% if SportTiempo != \u00bb %}<br \/>\n{{SportTiempo}}<br \/>\n{% else %}<br \/>\n{{FormattedHour}}<br \/>\n{% endif %}<\/p>\n<p>{% if SportIconHTML != \u00bb %}<br \/>\n{{SportIconHTML}}<br \/>\n{% endif %}<\/p>\n<p>{{Content}}   {{ScribbleAUthorHTML}}<\/p>\n<p>Reportar un error<\/p>\n","protected":false},"excerpt":{"rendered":"Directo TOROS EN SEVILLA Los toreros matar\u00e1n reses de la ganader\u00eda salmantina de Garcigrande Talavante, Daniel Luque y&hellip;\n","protected":false},"author":2,"featured_media":142552,"comment_status":"","ping_status":"","sticky":false,"template":"","format":"standard","meta":{"footnotes":""},"categories":[277],"tags":[7533,373,1569,2943,168,2125,25,24,599,11672,12998,4098,2228,1171,1262,23,167,6142,374,444],"class_list":{"0":"post-142551","1":"post","2":"type-post","3":"status-publish","4":"format-standard","5":"has-post-thumbnail","7":"category-toreo","8":"tag-borja","9":"tag-bullfighting","10":"tag-corrida","11":"tag-daniel","12":"tag-deportes","13":"tag-directo","14":"tag-es","15":"tag-espana","16":"tag-feria","17":"tag-jimenez","18":"tag-luque","19":"tag-miguel","20":"tag-san","21":"tag-sevilla","22":"tag-sigue","23":"tag-spain","24":"tag-sports","25":"tag-talavante","26":"tag-toreo","27":"tag-toros"},"share_on_mastodon":{"url":"","error":""},"_links":{"self":[{"href":"https:\/\/www.europesays.com\/es\/wp-json\/wp\/v2\/posts\/142551","targetHints":{"allow":["GET"]}}],"collection":[{"href":"https:\/\/www.europesays.com\/es\/wp-json\/wp\/v2\/posts"}],"about":[{"href":"https:\/\/www.europesays.com\/es\/wp-json\/wp\/v2\/types\/post"}],"author":[{"embeddable":true,"href":"https:\/\/www.europesays.com\/es\/wp-json\/wp\/v2\/users\/2"}],"replies":[{"embeddable":true,"href":"https:\/\/www.europesays.com\/es\/wp-json\/wp\/v2\/comments?post=142551"}],"version-history":[{"count":0,"href":"https:\/\/www.europesays.com\/es\/wp-json\/wp\/v2\/posts\/142551\/revisions"}],"wp:featuredmedia":[{"embeddable":true,"href":"https:\/\/www.europesays.com\/es\/wp-json\/wp\/v2\/media\/142552"}],"wp:attachment":[{"href":"https:\/\/www.europesays.com\/es\/wp-json\/wp\/v2\/media?parent=142551"}],"wp:term":[{"taxonomy":"category","embeddable":true,"href":"https:\/\/www.europesays.com\/es\/wp-json\/wp\/v2\/categories?post=142551"},{"taxonomy":"post_tag","embeddable":true,"href":"https:\/\/www.europesays.com\/es\/wp-json\/wp\/v2\/tags?post=142551"}],"curies":[{"name":"wp","href":"https:\/\/api.w.org\/{rel}","templated":true}]}}