{"id":142573,"date":"2025-09-27T16:29:08","date_gmt":"2025-09-27T16:29:08","guid":{"rendered":"https:\/\/www.europesays.com\/es\/142573\/"},"modified":"2025-09-27T16:29:08","modified_gmt":"2025-09-27T16:29:08","slug":"descubren-por-que-el-virus-de-la-gripe-aviar-es-mas-peligroso-en-estados-unidos-que-en-europa","status":"publish","type":"post","link":"https:\/\/www.europesays.com\/es\/142573\/","title":{"rendered":"Descubren por qu\u00e9 el virus de la gripe aviar es m\u00e1s peligroso en Estados Unidos que en Europa"},"content":{"rendered":"<p class=\"ft-text ft-helper-closenews\">\u00abNo sabemos por qu\u00e9 la gripe aviar en vacas solo ha pasado en Estados Unidos\u00bb, apuntaba a FARO hace algo m\u00e1s de un a\u00f1o la vir\u00f3loga veterinaria <a class=\"ft-link ft-link--decoration\" href=\"https:\/\/www.farodevigo.es\/sociedad\/2024\/08\/25\/gripe-aviar-vacas-pasado-ee-107328744.html\" target=\"_blank\" rel=\"nofollow noopener\"><strong>Elisa P\u00e9rez Ram\u00edrez<\/strong><\/a>, Investigadora en el Centro de Investigaci\u00f3n en Sanidad Animal (CISA-INIA), CSIC, en Valdeolmos (Madrid). Ahora, este misterio est\u00e1 m\u00e1s cerca de aclararse. Un equipo internacional de investigadores ha identificado <strong>dos mutaciones que hacen que el virus de la gripe aviar sea m\u00e1s peligroso en Estados Unidos que en Europa<\/strong>. El <a class=\"ft-link ft-link--decoration\" href=\"https:\/\/www.science.org\/doi\/10.1126\/sciadv.ady1208\" rel=\"nofollow noopener\" target=\"_blank\">estudio <\/a>se acaba de publicar en la revista <strong>\u00abScience Advances\u00bb<\/strong>.<\/p>\n<p class=\"ft-text\">La cepa norteamericana del virus de la gripe aviar H5N1 provoc\u00f3 brotes en mam\u00edferos como las <a class=\"ft-link ft-link--decoration\" href=\"https:\/\/www.farodevigo.es\/sociedad\/2025\/02\/07\/hallan-vacas-ee-uu-tipo-114064355.html\" target=\"_blank\" rel=\"nofollow noopener\">vacas<\/a>, cuando nunca antes hab\u00eda infectado a esta especie. Esto no se ha producido en otros lugares del mundo, incluida Europa. <strong>Los cient\u00edficos identificaron dos mutaciones que explicar\u00edan una mejor adaptaci\u00f3n y mayor virulencia<\/strong> y probaron el virus en hurones, animales que son excelentes modelos de experimentaci\u00f3n, ya que son susceptibles a la infecci\u00f3n con cepas de gripe tanto humanas como aviares, y expelen el virus en got\u00edculas (por estornudos o tos), como hacen las personas. Seg\u00fan los autores del estudio, el hallazgo \u00abpone de relieve la urgente necesidad de reforzar la vigilancia y de intervenciones espec\u00edficas\u00bb.<\/p>\n<p class=\"ft-text\">Como explica <strong>Aitor Nogales Gonz\u00e1lez<\/strong>, vir\u00f3logo (cient\u00edfico titular) en el <strong>Centro de Investigaci\u00f3n en Sanidad Animal (CISA, INIA-CSIC)<\/strong>, se analizaron las diferencias en patogenicidad entre dos virus H5N1 pertenecientes al clado 2.3.4.4b, pero de diferentes linajes: euroasi\u00e1tico y norteamericano, m\u00e1s reciente. Seg\u00fan este experto, consultado por Science Media Centre, \u00abse identificaron dos mutaciones clave en genes virales distintos (PB2-478I y NP-450N) que incrementan significativamente la actividad de la polimerasa viral, lo que se traduce en una mayor capacidad de replicaci\u00f3n\u00bb del virus.<\/p>\n<p class=\"ft-text\">Otra <a class=\"ft-link ft-link--decoration\" href=\"https:\/\/www.farodevigo.es\/sociedad\/2023\/01\/21\/gripe-granja-visones-carral-tenia-81502572.html\" target=\"_blank\" rel=\"nofollow noopener\"><strong>mutaci\u00f3n del gen PB2<\/strong><\/a>, concretamente la T271A, <strong>fue tambi\u00e9n detectada en el brote de gripe aviar detectado en una explotaci\u00f3n de visones de Carral<\/strong> (A Coru\u00f1a) en octubre de 2022, y se asoci\u00f3 a la adaptaci\u00f3n del virus a mam\u00edferos.<\/p>\n<p class=\"ft-text\">Las mutaciones halladas en este \u00faltimo estudio, a\u00f1ade Aitor Nogales, \u00abno solo potencian la replicaci\u00f3n del virus, sino que tambi\u00e9n favorecen la infecci\u00f3n de c\u00e9lulas inmunitarias y la diseminaci\u00f3n sist\u00e9mica, lo cual contribuye al<strong> aumento de la virulencia<\/strong>. Adem\u00e1s, estos cambios podr\u00edan desempe\u00f1ar un papel crucial en la adaptaci\u00f3n del virus a mam\u00edferos\u00bb.<\/p>\n<p class=\"ft-text\">Para este vir\u00f3logo, este estudio aporta \u00abevidencia cient\u00edfica crucial\u00bb sobre los determinantes gen\u00e9ticos asociados a la virulencia del subtipo H5N1 del virus de la gripe aviar, un pat\u00f3geno en \u00abcontinua propagaci\u00f3n global\u00bb que supone una <strong>\u00abcreciente amenaza para la salud p\u00fablica\u00bb<\/strong>. Por ello, Nogales urge a \u00abreforzar las labores de vigilancia epidemiol\u00f3gica, as\u00ed como continuar con investigaciones enfocadas en los mecanismos moleculares de patogenicidad y adaptaci\u00f3n del virus a nuevas especies de mam\u00edferos\u00bb.<\/p>\n<p>Nuevo foco: dos ocas en Alcobendas<\/p>\n<p class=\"ft-text\">La Comunidad de Madrid activ\u00f3 ayer un protocolo de medidas sanitarias para prevenir la difusi\u00f3n de la gripe aviar, tras confirmar un primer foco de la enfermedad en aves silvestres, dos ocas en un parque Alcobendas. Ya se han confirmado cerca de 40 focos en aves silvestres en Espa\u00f1a en la presene temporada. La semana pasada se declar\u00f3 en Olmedo (Valladolid) el sexto foco en aves dom\u00e9sticas, en una granja de gallinas ponedoras con unas 760.000 aves.El ministro de Agricultura, Luis Planas, indic\u00f3 ayer que se deben \u00abmaximizar todas las medidas de protecci\u00f3n en materia de seguridad\u00bb.La Sociedad Espa\u00f1ola de Medicina de Urgencias y Emergencias advirti\u00f3 el pasado jueves de la necesidad de que los servicios de Urgencias est\u00e9n preparados para la detecci\u00f3n, aislamiento y notificaci\u00f3n de posibles casos de gripe aviar.<\/p>\n<p data-close=\"closedContent\" class=\"subscribeHideForDisplay\">Suscr\u00edbete para seguir leyendo<\/p>\n","protected":false},"excerpt":{"rendered":"\u00abNo sabemos por qu\u00e9 la gripe aviar en vacas solo ha pasado en Estados Unidos\u00bb, apuntaba a FARO&hellip;\n","protected":false},"author":2,"featured_media":142574,"comment_status":"","ping_status":"","sticky":false,"template":"","format":"standard","meta":{"footnotes":""},"categories":[92],"tags":[29997,5213,25,24,629,700,7749,12949,165,3379,166,23,2275],"class_list":{"0":"post-142573","1":"post","2":"type-post","3":"status-publish","4":"format-standard","5":"has-post-thumbnail","7":"category-salud","8":"tag-aviar","9":"tag-descubren","10":"tag-es","11":"tag-espana","12":"tag-estados-unidos","13":"tag-europa","14":"tag-gripe","15":"tag-gripe-aviar","16":"tag-health","17":"tag-peligroso","18":"tag-salud","19":"tag-spain","20":"tag-virus"},"share_on_mastodon":{"url":"","error":""},"_links":{"self":[{"href":"https:\/\/www.europesays.com\/es\/wp-json\/wp\/v2\/posts\/142573","targetHints":{"allow":["GET"]}}],"collection":[{"href":"https:\/\/www.europesays.com\/es\/wp-json\/wp\/v2\/posts"}],"about":[{"href":"https:\/\/www.europesays.com\/es\/wp-json\/wp\/v2\/types\/post"}],"author":[{"embeddable":true,"href":"https:\/\/www.europesays.com\/es\/wp-json\/wp\/v2\/users\/2"}],"replies":[{"embeddable":true,"href":"https:\/\/www.europesays.com\/es\/wp-json\/wp\/v2\/comments?post=142573"}],"version-history":[{"count":0,"href":"https:\/\/www.europesays.com\/es\/wp-json\/wp\/v2\/posts\/142573\/revisions"}],"wp:featuredmedia":[{"embeddable":true,"href":"https:\/\/www.europesays.com\/es\/wp-json\/wp\/v2\/media\/142574"}],"wp:attachment":[{"href":"https:\/\/www.europesays.com\/es\/wp-json\/wp\/v2\/media?parent=142573"}],"wp:term":[{"taxonomy":"category","embeddable":true,"href":"https:\/\/www.europesays.com\/es\/wp-json\/wp\/v2\/categories?post=142573"},{"taxonomy":"post_tag","embeddable":true,"href":"https:\/\/www.europesays.com\/es\/wp-json\/wp\/v2\/tags?post=142573"}],"curies":[{"name":"wp","href":"https:\/\/api.w.org\/{rel}","templated":true}]}}