{"id":142580,"date":"2025-09-27T16:33:13","date_gmt":"2025-09-27T16:33:13","guid":{"rendered":"https:\/\/www.europesays.com\/es\/142580\/"},"modified":"2025-09-27T16:33:13","modified_gmt":"2025-09-27T16:33:13","slug":"en-gaza-ira-y-angustia-contra-israel-y-hamas-por-la-muerte-de-una-familia-en-un-bombardeo","status":"publish","type":"post","link":"https:\/\/www.europesays.com\/es\/142580\/","title":{"rendered":"En Gaza, ira y angustia contra Israel y Ham\u00e1s por la muerte de una familia en un bombardeo"},"content":{"rendered":"<p>    <img src=\"https:\/\/www.europesays.com\/es\/wp-content\/uploads\/2025\/09\/2025-09-27T163A063A35Z-90077984.jpg\" width=\"1024\" height=\"682\" alt=\"\" loading=\"eager\" decoding=\"sync\" fetchpriority=\"high\"\/><\/p>\n<p>            afp_tickers        <\/p>\n<p>        Este contenido fue publicado en    <\/p>\n<p>        27 septiembre 2025 &#8211; 18:06\n<\/p>\n<p>Varias mujeres palestinas lloraban este s\u00e1bado mientras velaban a una familia muerta en un ataque israel\u00ed en Ciudad de Gaza, expresando su enojo tanto contra Israel como contra Ham\u00e1s por el derramamiento de sangre que azota la ciudad.<\/p>\n<p>Cinco miembros de la familia Bakr murieron durante la noche en el ataque al campo de refugiados de Al Shati en Ciudad de Gaza, donde las fuerzas israel\u00edes intensifican su ofensiva terrestre y a\u00e9rea.<\/p>\n<p>\u00abLo que est\u00e1 ocurriendo son masacres, masacres condenadas internacionalmente\u00bb, dijo Umm Khalel, que sobrevivi\u00f3 cuando la casa familiar fue alcanzada.<\/p>\n<p>Im\u00e1genes de AFP mostraron a mujeres con abayas negras llorando desconsoladas, una de ellas abrazando fuertemente el peque\u00f1o cuerpo de su hijo contra su pecho.<\/p>\n<p>\u00ab\u00bfQu\u00e9 quiere el mundo de nosotros? \u00bfQu\u00e9 quiere (el primer ministro israel\u00ed Benjamin) Netanyahu? \u00bfQu\u00e9 quiere Ham\u00e1s?\u00bb, lament\u00f3 Salwa Subhi Bakr.<\/p>\n<p>Los cuerpos, envueltos en sudarios blancos, algunos manchados de sangre, fueron luego llevados para el entierro.<\/p>\n<p>Salwa, desplazada por la guerra que ya dura casi dos a\u00f1os, dijo que las familias no tienen ning\u00fan lugar seguro adonde huir.<\/p>\n<p>\u00abNos dicen que vayamos para all\u00e1, luego que volvamos aqu\u00ed. \u00bfDe d\u00f3nde sacamos el dinero para camiones? La gente est\u00e1 en las calles, dispersa por todo el sur. \u00bfAd\u00f3nde debemos ir? Encu\u00e9ntrennos una soluci\u00f3n\u00bb, pidi\u00f3.<\/p>\n<p>Desde que lanz\u00f3 su ofensiva a\u00e9rea sobre Ciudad de Gaza a finales del mes pasado, seguida de una ofensiva terrestre, el ej\u00e9rcito israel\u00ed orden\u00f3 repetidamente a los palestinos dirigirse al sur.<\/p>\n<p>Unas 700.000 personas ya huyeron desde entonces, seg\u00fan el ej\u00e9rcito israel\u00ed.<\/p>\n<p>\u2013 Terminar el trabajo \u2013<\/p>\n<p>Al mismo tiempo, Israel continu\u00f3 atacando otras partes de la Franja de Gaza, hogar de m\u00e1s de dos millones de personas, la mayor\u00eda de las cuales fueron desplazadas al menos una vez desde que comenz\u00f3 la guerra.<\/p>\n<p>El s\u00e1bado, la Defensa Civil de Gaza \u2014una fuerza de rescate que opera bajo la autoridad de Ham\u00e1s\u2014 inform\u00f3 que el fuego israel\u00ed mat\u00f3 al menos a 23 personas en todo el territorio.<\/p>\n<p>Las restricciones a los medios en Gaza y la dificultad de acceder a muchas zonas impiden que AFP verifique de manera independiente los balances o los detalles proporcionados por la Defensa Civil o el ej\u00e9rcito israel\u00ed.<\/p>\n<p>Im\u00e1genes de AFP desde el patio de un hospital en el centro de Gaza el s\u00e1bado mostraron varios cuerpos en sudarios blancos, v\u00edctimas de un ataque en el campo de refugiados de Nuseirat.<\/p>\n<p>Montones de bloques de hormig\u00f3n y agujeros abiertos marcaban el lugar del impacto que destruy\u00f3 un edificio en el campo.<\/p>\n<p>Grupos de hombres y ni\u00f1os hurgaban entre los escombros, rescatando lo que pod\u00edan.<\/p>\n<p>El viernes, Netanyahu prometi\u00f3 en su discurso ante la Asamblea General de la ONU \u00abterminar el trabajo\u00bb contra Ham\u00e1s, pese a la condena internacional generalizada de la ofensiva intensificada.<\/p>\n<p>La guerra en Gaza estall\u00f3 despu\u00e9s de que milicianos palestinos liderados por Ham\u00e1s atacaran Israel el 7 de octubre de 2023.<\/p>\n<p>Los combatientes mataron a 1.219 personas del lado israel\u00ed, en su mayor\u00eda civiles, seg\u00fan un recuento de AFP basado en cifras oficiales israel\u00edes.<\/p>\n<p>La ofensiva militar de represalia de Israel mat\u00f3 desde entonces al menos a 65.926 personas, tambi\u00e9n en su mayor\u00eda civiles, seg\u00fan el Ministerio de Salud de Gaza -territorio gobernado por Ham\u00e1s-, unas cifras que la ONU considera fiables.<\/p>\n<p>str-vid-az-jd\/acc\/dcp\/mab\/hgs<\/p>\n","protected":false},"excerpt":{"rendered":"afp_tickers Este contenido fue publicado en 27 septiembre 2025 &#8211; 18:06 Varias mujeres palestinas lloraban este s\u00e1bado mientras&hellip;\n","protected":false},"author":2,"featured_media":142581,"comment_status":"","ping_status":"","sticky":false,"template":"","format":"standard","meta":{"footnotes":""},"categories":[42],"tags":[17,18,636,83,13,14,11,61,62,63,86,64,19,20,9,10,15,16,88,39975,90,12,21,22,65,66,67],"class_list":{"0":"post-142580","1":"post","2":"type-post","3":"status-publish","4":"format-standard","5":"has-post-thumbnail","7":"category-internacional","8":"tag-breaking-news","9":"tag-breakingnews","10":"tag-conflict","11":"tag-diplomacy","12":"tag-featured-news","13":"tag-featurednews","14":"tag-headlines","15":"tag-internacional","16":"tag-international","17":"tag-international-news","18":"tag-international-relations","19":"tag-internationalnews","20":"tag-latest-news","21":"tag-latestnews","22":"tag-news","23":"tag-noticias","24":"tag-noticias-destacadas","25":"tag-noticiasdestacadas","26":"tag-politics","27":"tag-refugee","28":"tag-ticker","29":"tag-titulares","30":"tag-ultimas-noticias","31":"tag-ultimasnoticias","32":"tag-world","33":"tag-world-news","34":"tag-worldnews"},"share_on_mastodon":{"url":"","error":""},"_links":{"self":[{"href":"https:\/\/www.europesays.com\/es\/wp-json\/wp\/v2\/posts\/142580","targetHints":{"allow":["GET"]}}],"collection":[{"href":"https:\/\/www.europesays.com\/es\/wp-json\/wp\/v2\/posts"}],"about":[{"href":"https:\/\/www.europesays.com\/es\/wp-json\/wp\/v2\/types\/post"}],"author":[{"embeddable":true,"href":"https:\/\/www.europesays.com\/es\/wp-json\/wp\/v2\/users\/2"}],"replies":[{"embeddable":true,"href":"https:\/\/www.europesays.com\/es\/wp-json\/wp\/v2\/comments?post=142580"}],"version-history":[{"count":0,"href":"https:\/\/www.europesays.com\/es\/wp-json\/wp\/v2\/posts\/142580\/revisions"}],"wp:featuredmedia":[{"embeddable":true,"href":"https:\/\/www.europesays.com\/es\/wp-json\/wp\/v2\/media\/142581"}],"wp:attachment":[{"href":"https:\/\/www.europesays.com\/es\/wp-json\/wp\/v2\/media?parent=142580"}],"wp:term":[{"taxonomy":"category","embeddable":true,"href":"https:\/\/www.europesays.com\/es\/wp-json\/wp\/v2\/categories?post=142580"},{"taxonomy":"post_tag","embeddable":true,"href":"https:\/\/www.europesays.com\/es\/wp-json\/wp\/v2\/tags?post=142580"}],"curies":[{"name":"wp","href":"https:\/\/api.w.org\/{rel}","templated":true}]}}