{"id":142582,"date":"2025-09-27T16:34:07","date_gmt":"2025-09-27T16:34:07","guid":{"rendered":"https:\/\/www.europesays.com\/es\/142582\/"},"modified":"2025-09-27T16:34:07","modified_gmt":"2025-09-27T16:34:07","slug":"castilla-y-leon-suspende-las-actividades-en-la-pinilla-por-el-incendio-de-penalba-de-la-sierra-eldiario-es","status":"publish","type":"post","link":"https:\/\/www.europesays.com\/es\/142582\/","title":{"rendered":"Castilla y Le\u00f3n suspende las actividades en La Pinilla por el incendio de Pe\u00f1alba de la Sierra &#8211; elDiario.es"},"content":{"rendered":"<ol>\n<li><a href=\"https:\/\/news.google.com\/rss\/articles\/CBMivwFBVV95cUxOWHIwQU1nTGoyTVBUUzVrTUVKSnVyMmNCWm9sSHFIejZJcXk4cHVvZ3hxLWVHbV9Ed05UUWN3X2NObVlYbFJleUs0dWJoWjNKWl9uNEpfM1JKTTc4RWctazkwWFprRlFVQlN6U1hib2haSERkVnlBZG9jb0FfZzc1dHhOdGVfNEVnRjQwZi1sNHlhYjhqNHR0eEFYdTd6eHMzbGRFV2ZHZnF5cjY2ZGNpcWF5a2hpTU5HUkFZTXNRRdIBxAFBVV95cUxObDFRUHBleHV2X2t1SEhJV2ttSk83MnF3SkFVT1Azai1jRVpfNHRhdlBRR3dNQ3NCLUJ0TW8tbDgtRm83cER3N0VxV0pyVEhTTG1jYUtzdG1mZ2lnQXlZdGdCZXlsZS1jdWljWV9veTdQVlhkQ1pkRy1GbHp0TjdwX1gxVkRLM0hRYU9VWVhsQjVBY3BXMS1mNGNMcEVnRkZsR1dpMjFUYnZoVy03cVYycUo1T1VsU3Z5VExSQ2lTdEVyUlFG?oc=5\" target=\"_blank\" rel=\"nofollow noopener\">Castilla y Le\u00f3n suspende las actividades en La Pinilla por el incendio de Pe\u00f1alba de la Sierra<\/a>&nbsp;&nbsp;elDiario.es<\/li>\n<li><a href=\"https:\/\/news.google.com\/rss\/articles\/CBMiekFVX3lxTFBtNVNvUTh4V3l4UVhpV2k2VGVZUmJsZHA4VzF5OUZaLTZ1XzBhTTlUaUlLMGZEaGQ5VGtuaWF3T01vVlIxZDYyVlNjN1ROSjN3UFM4dVV2NUNuV3lQd1hqclRSU0h3ZExncWVPNE00SVJaWXByM2hyV01R0gF6QVVfeXFMTlJmT3NTWUR3bjNOZzRvbHBKUXRhZFBkTWIyNkNkRWFhTnhzXzdYTWNsaWVnRVBtWnRiM3ZZeDlMZHVfdmhta0xieXZJVm5pamN0XzljdV9SRTZDbTZzSWJfaXcxS2RPTGlLbFBCTVF2M1VMbVNkYl80dUE?oc=5\" target=\"_blank\" rel=\"nofollow noopener\">M\u00e1s de 30 medios trabajan en el incendio de Pe\u00f1alba de la Sierra que ha calcinado 2.000 hect\u00e1reas<\/a>&nbsp;&nbsp;El Mundo<\/li>\n<li><a href=\"https:\/\/news.google.com\/rss\/articles\/CBMirAFBVV95cUxQRV9VNmVLRDhDb0k3LTRjbGYyNkg1WFhKMVlWVUt3amJUUlVYT1BFX2RHdUpUQ3pWRk1FdmlKT1dkNDhGRExwemV6eFgxRFp0ZjFkbzNqdnk4M1dkUmc1VkZlTzhDb1hZMHA3SzJvVE9TYV9BUmY2djFrVWZuSEFDNncwck1PdUx5UFcwSDM5bmM3WDBaT2RsNGFwMTY1QnJ6dUduZXZxcnU3SVVk?oc=5\" target=\"_blank\" rel=\"nofollow noopener\">El fuego no da tregua en el Pico del Lobo y suma ya 2.000 hect\u00e1reas<\/a>&nbsp;&nbsp;EL PA\u00cdS<\/li>\n<li><a href=\"https:\/\/news.google.com\/rss\/articles\/CBMivAFBVV95cUxQMEUyMHZNYWdhYXU4VGZrbFdQQkRYUVU3Vjg4eV9wbG9SODB3X1BLNWtzVDZsSnZJTUJPdHBWSHBUb1VRcTQ4NVFndWxRZnFFdGszcy1FWjZuQi1TQWlzc3NXRm9zM0Q1b2lwVnQzQmdlWVlneUlTNDFrYm16VjNlVzhWcEFDRFZTV08wUHMwSjBrUmtQS2JuNHQ1bHRSUWJZSkxQcHRyN3pvakxUdjRtUUswX3VMT0lZSTIteA?oc=5\" target=\"_blank\" rel=\"nofollow noopener\">Restringido el acceso al Hayedo de Tejera Negra por el humo del incendio del Pico del Lobo (Guadalajara) que ya ha calcinado 2.000 hect\u00e1reas<\/a>&nbsp;&nbsp;ABC<\/li>\n<li><a href=\"https:\/\/news.google.com\/rss\/articles\/CBMipwJBVV95cUxQWGYwMWIxdDlIb2hlN0pESWU3V0FVLVJjdnE2LUsyOUpOVXp4SUFaYjRfRlhNSzBxSFJJTzJJVHM0RG5iVTBsU3BTMF9SQWpmcjlPLU45bV84Y2NfQ05fNXVCeU5qWmNvb3JkZ0xKcURQNU9DSGM5U0RKMklfWFVYdWV1cEJUX1JlYkhkNEp3UUFIN2VCLXBrMEtjYlhTSDJaY2Vnc29jVFZyRDlxNWtxbDVSWXlBaHZPdzdiWjVWTUVodkNxZ2N3aVF6SS1GcGROQmdIUXNvekNNR3RiQlZqeW5BU2ZobGJGX1J2R3phcjlWVjNrd196anhmTmpaSUt3blVWd3lkc09UQ0MtTUtlMlc4NEVKNWxWeE5VY1pKelpicWVKQ3VR?oc=5\" target=\"_blank\" rel=\"nofollow noopener\">VOX exige a la Junta m\u00e1s medios para combatir los incendios en la Sierra Norte y denuncia la falta de eficacia en la gesti\u00f3n de retenes<\/a>&nbsp;&nbsp;VOX Espa\u00f1a<\/li>\n<\/ol>\n","protected":false},"excerpt":{"rendered":"Castilla y Le\u00f3n suspende las actividades en La Pinilla por el incendio de Pe\u00f1alba de la Sierra&nbsp;&nbsp;elDiario.es M\u00e1s&hellip;\n","protected":false},"author":2,"featured_media":141393,"comment_status":"","ping_status":"","sticky":false,"template":"","format":"standard","meta":{"footnotes":""},"categories":[8],"tags":[17,18,25,24,13,14,11,19,20,9,10,15,16,23,12,21,22],"class_list":{"0":"post-142582","1":"post","2":"type-post","3":"status-publish","4":"format-standard","5":"has-post-thumbnail","7":"category-espana","8":"tag-breaking-news","9":"tag-breakingnews","10":"tag-es","11":"tag-espana","12":"tag-featured-news","13":"tag-featurednews","14":"tag-headlines","15":"tag-latest-news","16":"tag-latestnews","17":"tag-news","18":"tag-noticias","19":"tag-noticias-destacadas","20":"tag-noticiasdestacadas","21":"tag-spain","22":"tag-titulares","23":"tag-ultimas-noticias","24":"tag-ultimasnoticias"},"share_on_mastodon":{"url":"","error":""},"_links":{"self":[{"href":"https:\/\/www.europesays.com\/es\/wp-json\/wp\/v2\/posts\/142582","targetHints":{"allow":["GET"]}}],"collection":[{"href":"https:\/\/www.europesays.com\/es\/wp-json\/wp\/v2\/posts"}],"about":[{"href":"https:\/\/www.europesays.com\/es\/wp-json\/wp\/v2\/types\/post"}],"author":[{"embeddable":true,"href":"https:\/\/www.europesays.com\/es\/wp-json\/wp\/v2\/users\/2"}],"replies":[{"embeddable":true,"href":"https:\/\/www.europesays.com\/es\/wp-json\/wp\/v2\/comments?post=142582"}],"version-history":[{"count":0,"href":"https:\/\/www.europesays.com\/es\/wp-json\/wp\/v2\/posts\/142582\/revisions"}],"wp:featuredmedia":[{"embeddable":true,"href":"https:\/\/www.europesays.com\/es\/wp-json\/wp\/v2\/media\/141393"}],"wp:attachment":[{"href":"https:\/\/www.europesays.com\/es\/wp-json\/wp\/v2\/media?parent=142582"}],"wp:term":[{"taxonomy":"category","embeddable":true,"href":"https:\/\/www.europesays.com\/es\/wp-json\/wp\/v2\/categories?post=142582"},{"taxonomy":"post_tag","embeddable":true,"href":"https:\/\/www.europesays.com\/es\/wp-json\/wp\/v2\/tags?post=142582"}],"curies":[{"name":"wp","href":"https:\/\/api.w.org\/{rel}","templated":true}]}}