{"id":142583,"date":"2025-09-27T16:35:10","date_gmt":"2025-09-27T16:35:10","guid":{"rendered":"https:\/\/www.europesays.com\/es\/142583\/"},"modified":"2025-09-27T16:35:10","modified_gmt":"2025-09-27T16:35:10","slug":"joan-garcia-intervenido-con-exito-de-su-lesion-de-menisco","status":"publish","type":"post","link":"https:\/\/www.europesays.com\/es\/142583\/","title":{"rendered":"Joan Garc\u00eda, intervenido con \u00e9xito de su lesi\u00f3n de menisco"},"content":{"rendered":"<p data-mrf-recirculation=\"Links P\u00e1rrafos\" class=\"ue-c-article__paragraph paragraph ue-c-article--first-letter-highlighted\">Joan Garc\u00eda ha sido i<strong>ntervenido esta ma\u00f1ana, satisfactoriamente de la rotura del menisco interno de la rodilla izquierda<\/strong> que se produjo en el partido frente al Real Oviedo.<\/p>\n<p data-mrf-recirculation=\"Links P\u00e1rrafos\" class=\"ue-c-article__paragraph paragraph\">La operaci\u00f3n ha corrido a cargo del doctor Joan Carles Monllau y se ha confirmado que el tiempo que tendr\u00e1 que estar de baja el guardameta azulgrana ser\u00e1 de <strong>entre 4 y 6 semanas<\/strong>.<\/p>\n<p data-mrf-recirculation=\"Links P\u00e1rrafos\" class=\"ue-c-article__paragraph paragraph\"><strong>Esto significa que Joan Garc\u00eda se pierde el Cl\u00e1sico<\/strong> y no volver\u00e1 a los terrenos de juego hasta finales de octubre o principios de noviembre. Por lo tanto Flick no podr\u00e1 contar con \u00e9l para los partidos ante la Real Sociedad, PSG, Sevilla, Girona, Olympiacos y Real Madrid. Se espera que est\u00e9 a disposici\u00f3n del t\u00e9cnico alem\u00e1n ante e Elche, el 2 de noviembre, o a m\u00e1s tardar, el 5 de ese mes para medirse al Brujas en Champions.<\/p>\n<p data-mrf-recirculation=\"Links P\u00e1rrafos\" class=\"ue-c-article__paragraph paragraph\">Se da la circunstancia que tambi\u00e9n est\u00e1 lesionado el meta alem\u00e1n <strong>Marc Andre ter Stegen<\/strong>, por lo que el tercer portero, e<strong>l polaco Wojciech Szczesny ser\u00e1 el titular durante este tiempo. <\/strong>Adem\u00e1s,\u00a0<strong>Kochen deja la convocatoria con la selecci\u00f3n sub 20<\/strong> y regresa a Barcelona para ejercer de segundo portero.<\/p>\n<p data-mrf-recirculation=\"Links P\u00e1rrafos\" class=\"ue-c-article__paragraph paragraph\"><strong>Hansi Flick ha lamentado este s\u00e1bado en rueda de prensa la lesi\u00f3n de su portero titular<\/strong>: \u00abNo son buenas noticias no poder contar con Joan, porque lo estaba haciendo muy bien. Pero Szcz\u0119sny es un portero fant\u00e1stico, ya lo demostr\u00f3 la temporada pasada, y no tengo ninguna duda con \u00e9l\u00bb.\u00a0<\/p>\n","protected":false},"excerpt":{"rendered":"Joan Garc\u00eda ha sido intervenido esta ma\u00f1ana, satisfactoriamente de la rotura del menisco interno de la rodilla izquierda&hellip;\n","protected":false},"author":2,"featured_media":142584,"comment_status":"","ping_status":"","sticky":false,"template":"","format":"standard","meta":{"footnotes":""},"categories":[5],"tags":[17,18,25,24,13,14,11,19,20,9,10,15,16,23,12,21,22],"class_list":{"0":"post-142583","1":"post","2":"type-post","3":"status-publish","4":"format-standard","5":"has-post-thumbnail","7":"category-titulares","8":"tag-breaking-news","9":"tag-breakingnews","10":"tag-es","11":"tag-espana","12":"tag-featured-news","13":"tag-featurednews","14":"tag-headlines","15":"tag-latest-news","16":"tag-latestnews","17":"tag-news","18":"tag-noticias","19":"tag-noticias-destacadas","20":"tag-noticiasdestacadas","21":"tag-spain","22":"tag-titulares","23":"tag-ultimas-noticias","24":"tag-ultimasnoticias"},"share_on_mastodon":{"url":"","error":""},"_links":{"self":[{"href":"https:\/\/www.europesays.com\/es\/wp-json\/wp\/v2\/posts\/142583","targetHints":{"allow":["GET"]}}],"collection":[{"href":"https:\/\/www.europesays.com\/es\/wp-json\/wp\/v2\/posts"}],"about":[{"href":"https:\/\/www.europesays.com\/es\/wp-json\/wp\/v2\/types\/post"}],"author":[{"embeddable":true,"href":"https:\/\/www.europesays.com\/es\/wp-json\/wp\/v2\/users\/2"}],"replies":[{"embeddable":true,"href":"https:\/\/www.europesays.com\/es\/wp-json\/wp\/v2\/comments?post=142583"}],"version-history":[{"count":0,"href":"https:\/\/www.europesays.com\/es\/wp-json\/wp\/v2\/posts\/142583\/revisions"}],"wp:featuredmedia":[{"embeddable":true,"href":"https:\/\/www.europesays.com\/es\/wp-json\/wp\/v2\/media\/142584"}],"wp:attachment":[{"href":"https:\/\/www.europesays.com\/es\/wp-json\/wp\/v2\/media?parent=142583"}],"wp:term":[{"taxonomy":"category","embeddable":true,"href":"https:\/\/www.europesays.com\/es\/wp-json\/wp\/v2\/categories?post=142583"},{"taxonomy":"post_tag","embeddable":true,"href":"https:\/\/www.europesays.com\/es\/wp-json\/wp\/v2\/tags?post=142583"}],"curies":[{"name":"wp","href":"https:\/\/api.w.org\/{rel}","templated":true}]}}