{"id":142593,"date":"2025-09-27T16:42:11","date_gmt":"2025-09-27T16:42:11","guid":{"rendered":"https:\/\/www.europesays.com\/es\/142593\/"},"modified":"2025-09-27T16:42:11","modified_gmt":"2025-09-27T16:42:11","slug":"pierre-gasly-se-la-jugo-por-franco-colapinto-para-2026-y-le-envio-un-mensaje-a-briatore-es-una-buena-opcion","status":"publish","type":"post","link":"https:\/\/www.europesays.com\/es\/142593\/","title":{"rendered":"Pierre Gasly se la jug\u00f3 por Franco Colapinto para 2026 y le envi\u00f3 un mensaje a Briatore: \u201cEs una buena opci\u00f3n\u201d"},"content":{"rendered":"<p class=\"left paragraph font__body-regular\">Se aproxima la fecha l\u00edmite para la decisi\u00f3n de <a href=\"https:\/\/tn.com.ar\/deportes\/automovilismo\/2025\/09\/22\/alpine-analizo-la-competencia-que-tuvo-franco-colapinto-con-pierre-gasly-en-azerbaiyan-un-duelo-parejo\/\" target=\"_blank\" rel=\"noreferrer nofollow noopener\" title=\"https:\/\/tn.com.ar\/deportes\/automovilismo\/2025\/09\/22\/alpine-analizo-la-competencia-que-tuvo-franco-colapinto-con-pierre-gasly-en-azerbaiyan-un-duelo-parejo\/\"><b>Alpine<\/b><\/a> sobre su dupla de pilotos para la pr\u00f3xima temporada de la <a href=\"https:\/\/tn.com.ar\/deportes\/automovilismo\/2025\/09\/22\/la-dura-sancion-que-recibio-alexander-albon-por-chocar-a-franco-colapinto-en-el-gp-de-azerbaiyan\/\" target=\"_blank\" rel=\"noreferrer nofollow noopener\" title=\"https:\/\/tn.com.ar\/deportes\/automovilismo\/2025\/09\/22\/la-dura-sancion-que-recibio-alexander-albon-por-chocar-a-franco-colapinto-en-el-gp-de-azerbaiyan\/\"><b>F\u00f3rmula 1<\/b><\/a>. El equipo franc\u00e9s asegur\u00f3 a <b>Pierre Gasly<\/b>, extendiendo su contrato hasta 2028 para liderar el equipo. Ahora, la inc\u00f3gnita principal es qui\u00e9n ocupar\u00e1 el asiento restante y ser\u00e1 su compa\u00f1ero a partir de 2026.<\/p>\n<p class=\"left paragraph font__body-regular\"><b>Le\u00e9 tambi\u00e9n<\/b><b>: <\/b><a href=\"https:\/\/tn.com.ar\/deportes\/automovilismo\/2025\/09\/24\/la-declaracion-de-franco-colapinto-sobre-flavio-briatore-que-sacudio-al-paddock-de-la-formula-1\/\" target=\"_blank\" rel=\"noreferrer nofollow noopener\" title=\"https:\/\/tn.com.ar\/deportes\/automovilismo\/2025\/09\/24\/la-declaracion-de-franco-colapinto-sobre-flavio-briatore-que-sacudio-al-paddock-de-la-formula-1\/\"><b>La declaraci\u00f3n de Franco Colapinto sobre Flavio Briatore que sacudi\u00f3 al paddock de la F\u00f3rmula 1<\/b><\/a><\/p>\n<p class=\"left paragraph font__body-regular\">Seg\u00fan afirm\u00f3 <b>Flavio Briatore<\/b>, asesor deportivo del conjunto galo, solo hay dos opciones para el segundo asiento: <a href=\"https:\/\/tn.com.ar\/deportes\/automovilismo\/2025\/09\/22\/quien-es-paul-aron-el-rival-que-tiene-franco-colapinto-en-la-pelea-por-el-segundo-asiento-de-alpine-en-2026\/\" target=\"_blank\" rel=\"noreferrer nofollow noopener\" title=\"https:\/\/tn.com.ar\/deportes\/automovilismo\/2025\/09\/22\/quien-es-paul-aron-el-rival-que-tiene-franco-colapinto-en-la-pelea-por-el-segundo-asiento-de-alpine-en-2026\/\"><b>Franco Colapinto o Paul Aron<\/b><\/a> (piloto de reserva). Todo indica que entre octubre y noviembre se comunicar\u00e1 la elecci\u00f3n final.<\/p>\n<p class=\"left paragraph font__body-regular\">En ese contexto, <b>Pierre Gasly le lanz\u00f3 un gui\u00f1o a su par argentino <\/b>a favor de su continuidad dentro de la parrilla de la F1. <b>\u201cFranco ha demostrado algunas cosas buenas <\/b>en los \u00faltimos dos fines de semana,<b> es una opci\u00f3n para el equipo en 2026\u2033<\/b>, asegur\u00f3 en una entrevista al medio franc\u00e9s AutoHebdo.<\/p>\n<p><img decoding=\"async\" loading=\"lazy\" fetchpriority=\"low\" data-testid=\"loading-testid\" class=\"image content-image image_placeholder\" alt=\"Franco Colapinto y Pierre Gasly son los pilotos de Alpine (Foto: X\/@alpinef1team)\" width=\"767\" height=\"430\" src=\"https:\/\/www.europesays.com\/es\/wp-content\/uploads\/2025\/09\/franco-colapinto-y-pierre-gasly-son-los-pilotos-de-alpine-foto-xalpinef1team-7SQHYXBPHNCP7PTMYQQSU6S.jpeg\"\/><\/p>\n<p>Franco Colapinto y Pierre Gasly son los pilotos de Alpine (Foto: X\/@alpinef1team)<\/p>\n<p class=\"paragraph font__body-regular\">Hace algunos d\u00edas, Gasly hab\u00eda dado a entender que su opini\u00f3n sobre este tema era muy bien considerada por los directivos de Alpine, principalmente por Briatore. Por eso es muy importante que el franc\u00e9s apoye p\u00fablicamente a Colapinto entre tantos rumores y grandes expectativas.<\/p>\n<p class=\"left paragraph font__body-regular\">Seg\u00fan cont\u00f3 L\u2019Equipe de Francia, <b>Flavio Briatore tiene muy en cuenta la opini\u00f3n del piloto franc\u00e9s<\/b>. \u201c<b>Me piden mi opini\u00f3n -reconoci\u00f3 Gasly-. Despu\u00e9s, se trata m\u00e1s de mantener conversaciones abiertas con el equipo<\/b>\u201c.<\/p>\n<p class=\"paragraph font__body-regular\">\u201cCon Flavio (Briatore) tenemos una relaci\u00f3n muy honesta y abierta, no hay nada oculto. Adem\u00e1s, \u00e9l es igual de abierto y honesto en lo que dice a la prensa\u201d, agreg\u00f3.<\/p>\n","protected":false},"excerpt":{"rendered":"Se aproxima la fecha l\u00edmite para la decisi\u00f3n de Alpine sobre su dupla de pilotos para la pr\u00f3xima&hellip;\n","protected":false},"author":2,"featured_media":142594,"comment_status":"","ping_status":"","sticky":false,"template":"","format":"standard","meta":{"footnotes":""},"categories":[270],"tags":[1331,168,25,24,306,6369,271,272,1723,1330,23,167],"class_list":{"0":"post-142593","1":"post","2":"type-post","3":"status-publish","4":"format-standard","5":"has-post-thumbnail","7":"category-formula-1","8":"tag-alpine","9":"tag-deportes","10":"tag-es","11":"tag-espana","12":"tag-f1","13":"tag-flavio-briatore","14":"tag-formula-1","15":"tag-formula1","16":"tag-franco-colapinto","17":"tag-pierre-gasly","18":"tag-spain","19":"tag-sports"},"share_on_mastodon":{"url":"","error":""},"_links":{"self":[{"href":"https:\/\/www.europesays.com\/es\/wp-json\/wp\/v2\/posts\/142593","targetHints":{"allow":["GET"]}}],"collection":[{"href":"https:\/\/www.europesays.com\/es\/wp-json\/wp\/v2\/posts"}],"about":[{"href":"https:\/\/www.europesays.com\/es\/wp-json\/wp\/v2\/types\/post"}],"author":[{"embeddable":true,"href":"https:\/\/www.europesays.com\/es\/wp-json\/wp\/v2\/users\/2"}],"replies":[{"embeddable":true,"href":"https:\/\/www.europesays.com\/es\/wp-json\/wp\/v2\/comments?post=142593"}],"version-history":[{"count":0,"href":"https:\/\/www.europesays.com\/es\/wp-json\/wp\/v2\/posts\/142593\/revisions"}],"wp:featuredmedia":[{"embeddable":true,"href":"https:\/\/www.europesays.com\/es\/wp-json\/wp\/v2\/media\/142594"}],"wp:attachment":[{"href":"https:\/\/www.europesays.com\/es\/wp-json\/wp\/v2\/media?parent=142593"}],"wp:term":[{"taxonomy":"category","embeddable":true,"href":"https:\/\/www.europesays.com\/es\/wp-json\/wp\/v2\/categories?post=142593"},{"taxonomy":"post_tag","embeddable":true,"href":"https:\/\/www.europesays.com\/es\/wp-json\/wp\/v2\/tags?post=142593"}],"curies":[{"name":"wp","href":"https:\/\/api.w.org\/{rel}","templated":true}]}}