{"id":142605,"date":"2025-09-27T16:50:07","date_gmt":"2025-09-27T16:50:07","guid":{"rendered":"https:\/\/www.europesays.com\/es\/142605\/"},"modified":"2025-09-27T16:50:07","modified_gmt":"2025-09-27T16:50:07","slug":"el-heavy-metal-siempre-sera-relevante","status":"publish","type":"post","link":"https:\/\/www.europesays.com\/es\/142605\/","title":{"rendered":"\u201cEl heavy metal siempre ser\u00e1 relevante\u201d"},"content":{"rendered":"<p>Hablar de <strong>Kiko Loureiro<\/strong> es hablar de uno de los guitarristas m\u00e1s destacados a nivel internacional de la actualidad. Por algo, en su curr\u00edculum, figuran bandas del calibre de <strong>Angra <\/strong>o <a href=\"https:\/\/rpp.pe\/noticias\/megadeth\" rel=\"nofollow noopener\" target=\"_blank\">Megadeth<\/a>, m\u00e1s all\u00e1 de sus distintas colaboraciones y su trabajo como solista.<\/p>\n<p>Esta semana, RPP tuvo la oportunidad de conversar con el <a href=\"https:\/\/rpp.pe\/noticias\/kiko-loureiro\" rel=\"nofollow noopener\" target=\"_blank\">m\u00fasico brasile\u00f1o<\/a>, a prop\u00f3sito de su pr\u00f3xima visita al Per\u00fa, para el <a rel=\"nofollow noopener\" href=\"https:\/\/www.joinnus.com\/events\/concerts\/lima-guitarfest-2025-kiko-loureiro-en-peru-69866\" target=\"_blank\">Guitarfest 2025<\/a>. La entrevista abarc\u00f3 varios temas, como los distintos proyectos en los que particip\u00f3 Loureiro, la actualidad del heavy metal y la incursi\u00f3n de la inteligencia artificial en la m\u00fasica.<\/p>\n<p>Fue imposible no preguntarle por sus impresiones sobre <a href=\"https:\/\/rpp.pe\/musica\/internacional\/megadeth-anuncia-el-lanzamiento-de-su-ultimo-album-de-estudio-y-una-gira-mundial-de-despedida-noticia-1650533\" rel=\"nofollow noopener\" target=\"_blank\">el anunciado adi\u00f3s<\/a> de <strong>Megadeth<\/strong>, banda que integr\u00f3 durante ocho a\u00f1os. Kiko Loureiro consider\u00f3 que la menci\u00f3n de un \u201c\u00faltimo \u00e1lbum\u201d genera \u201ccierta presi\u00f3n\u201d a la agrupaci\u00f3n, ya que hablamos del trabajo que, en teor\u00eda, pondr\u00e1 fin a su carrera.<\/p>\n<p>\u201cGenera cierta presi\u00f3n para lanzar un gran \u00e1lbum, porque es el \u00e1lbum final, \u00bfsabes? As\u00ed que cuando anuncias eso, creo que, como artista, puedo sentir la presi\u00f3n. (&#8230;) Pero creo que tiene sentido la decisi\u00f3n, (&#8230;) est\u00e1s sano, est\u00e1s al tanto de todo, est\u00e1s trabajando con la gente que quieres trabajar\u201d, refiri\u00f3.<\/p>\n<p>Respecto a la gira de <a href=\"https:\/\/rpp.pe\/musica\/internacional\/megadeth-anuncia-el-lanzamiento-de-su-ultimo-album-de-estudio-y-una-gira-mundial-de-despedida-noticia-1650533\" rel=\"nofollow noopener\" target=\"_blank\">despedida de Megadeth<\/a>, <strong>Kiko Loureiro <\/strong>estim\u00f3 que esta podr\u00eda extenderse por varios a\u00f1os. Adem\u00e1s, dej\u00f3 abierta la posibilidad de que, una vez culminada, haya nuevos tours de la banda liderada por <strong>Dave Mustaine.<\/strong><\/p>\n<p>\u201cLa gira puede durar muchos a\u00f1os. <strong>Megadeth <\/strong>puede estar de gira eternamente sin lanzar un \u00e1lbum, porque tienen tantas canciones geniales, tantos cl\u00e1sicos, tantos \u00e9xitos. As\u00ed que pueden seguir haci\u00e9ndolo durante cinco, diez a\u00f1os, ya sabes, todo el tiempo que quieran\u201d, manifest\u00f3.<\/p>\n<p>\u201cEs f\u00e1cil anunciarlo (el fin de una banda), pero es dif\u00edcil hacerlo. Bas\u00e1ndonos en bandas anteriores y otros artistas; a veces anuncian, pero siguen haciendo giras indefinidamente, o forman una nueva banda o se embarcan en otros proyectos; porque creo que abandonar la m\u00fasica es algo muy dif\u00edcil para un artista\u201d, a\u00f1adi\u00f3.<\/p>\n<p>No obstante, para Loureiro, es destacable que una banda opte por retirarse <a href=\"https:\/\/rpp.pe\/musica\/internacional\/megadeth-anuncia-el-lanzamiento-de-su-ultimo-album-de-estudio-y-una-gira-mundial-de-despedida-noticia-1650533\" rel=\"nofollow noopener\" target=\"_blank\">cuando a\u00fan est\u00e1 vigente<\/a>. Al respecto, hizo un interesante s\u00edmil con <strong>Pel\u00e9<\/strong>, la leyenda del f\u00fatbol brasile\u00f1o y mundial.<\/p>\n<p>\u201cPel\u00e9 tom\u00f3 la mejor decisi\u00f3n, porque par\u00f3 en su mejor momento. Nunca vimos su decadencia. No lo vimos jugar mal, porque cuando estaba en su mejor momento, par\u00f3; y esa es la imagen que dej\u00f3 el mejor jugador de la historia\u201d, resalt\u00f3.<\/p>\n<p>\u201cEn Angra, aprend\u00ed a ser m\u00fasico\u201d<\/p>\n<p><a href=\"https:\/\/rpp.pe\/noticias\/kiko-loureiro\" rel=\"nofollow noopener\" target=\"_blank\">Kiko Loureiro<\/a> fue miembro fundador de <strong>Angra<\/strong>, acaso una de las bandas metaleras m\u00e1s influyentes de Brasil y Sudam\u00e9rica. El m\u00fasico no ocult\u00f3 su emoci\u00f3n al recordar su paso por la agrupaci\u00f3n, de la que se despidi\u00f3 en 2015, para integrarse a <a href=\"https:\/\/rpp.pe\/noticias\/megadeth\" rel=\"nofollow noopener\" target=\"_blank\">Megadeth<\/a>.<\/p>\n<p>\u201c\u00bfQu\u00e9 significa Angra para m\u00ed? \u00a1Qu\u00e9 buena pregunta! Para m\u00ed, es pr\u00e1cticamente todo lo que he hecho en mi carrera, porque ah\u00ed aprend\u00ed a ser m\u00fasico. As\u00ed que tiene un lugar en mi mente, un lugar incre\u00edble. Fue la primera vez que fui a un estudio de verdad. Tuve la amistad, las discusiones, las peleas, los buenos y los malos momentos de una relaci\u00f3n\u201d, coment\u00f3.<\/p>\n<p>\u201cViajamos por el mundo, yendo por primera vez a Europa, Jap\u00f3n o Sudam\u00e9rica, descubriendo el mundo mientras descubr\u00eda la m\u00fasica, descubriendo que esta va a ser mi carrera. Hay una fuerte conexi\u00f3n emocional con todo eso. (&#8230;) Angra es esa entidad que une a todos, a diferentes personas con diferentes trayectorias, a diferentes m\u00fasicos que surgieron, y de los que sigo siendo amigo\u201d, agreg\u00f3.<\/p>\n<p>Si bien <a href=\"https:\/\/rpp.pe\/noticias\/kiko-loureiro\" rel=\"nofollow noopener\" target=\"_blank\">Loureiro<\/a> es mundialmente conocido por su paso por <strong>Angra <\/strong>y <strong>Megadeth<\/strong>, el m\u00fasico brasile\u00f1o ha colaborado con distintos proyectos, adem\u00e1s de su carrera en solitario. Por ejemplo, apoy\u00f3 a <strong>Tarja Turunen <\/strong>en sus primeros discos tras su sonada salida de <a href=\"https:\/\/rpp.pe\/noticias\/nightwish\" rel=\"nofollow noopener\" target=\"_blank\">Nightwish<\/a>.\u00a0<\/p>\n<p>Esta colaboraci\u00f3n tuvo una influencia determinante en su vida, ya que durante las giras con la cantante finlandesa conoci\u00f3 a su esposa. \u201cGracias a Tarja, conoc\u00ed a mi esposa y tuvimos tres hijos\u201d, record\u00f3.<\/p>\n<p>\u201cEl metal siempre ser\u00e1 relevante\u201d<\/p>\n<p>La muerte de leyendas como <strong>Ronnie James Dio<\/strong>, <strong>Lemmy Kilmister <\/strong>o -m\u00e1s recientemente- <a href=\"https:\/\/rpp.pe\/famosos\/celebridades\/ozzy-osbourne-cantante-de-black-sabbath-muere-a-los-76-anos-noticia-1647463\" rel=\"nofollow noopener\" target=\"_blank\">Ozzy Osbourne<\/a>; nos lleva a una reflexi\u00f3n sobre la actualidad del heavy metal. \u00bfHay nuevas bandas y m\u00fasicos listos para tomar la posta?\u00a0<\/p>\n<p><strong>Kiko Loureiro<\/strong> opin\u00f3 que actualmente hay \u201cmuchas bandas geniales que pueden continuar el legado, ofreciendo grandes conciertos\u201d. El m\u00fasico resalt\u00f3 que, gracias a las nuevas tecnolog\u00edas, la difusi\u00f3n del g\u00e9nero se ha globalizado, permiti\u00e9ndonos conocer m\u00fasica de los puntos m\u00e1s rec\u00f3nditos del planeta.<\/p>\n<p>\u201cCreo que todo est\u00e1 m\u00e1s diluido, m\u00e1s disperso, debido a internet, a todos los diferentes canales, medios de comunicaci\u00f3n. (&#8230;) La globalizaci\u00f3n en la m\u00fasica es m\u00e1s extrema de lo que sol\u00eda ser, si piensas en el metal. Antes, b\u00e1sicamente, eran las bandas brit\u00e1nicas difundiendo su m\u00fasica por todas partes. Entonces, s\u00ed, vamos a tener muchas bandas, simplemente va a ser diferente\u201d, apunt\u00f3.<\/p>\n<p>Al respecto, consider\u00f3 que el <strong>heavy metal <\/strong>\u201csiempre ser\u00e1 relevante\u201d, ya que hay una nueva generaci\u00f3n de fan\u00e1ticos escuchando a los cl\u00e1sicos, as\u00ed como a las bandas que van emergiendo en la escena mundial.<\/p>\n<p>\u201cEl metal siempre ser\u00e1 relevante, porque es un estilo musical que trata con tus sentimientos primitivos. Puede ser muy agresivo, puede ser muy distorsionado, puede ser muy pesado, o superr\u00e1pido o superlento, y llega a los extremos. Puede ser un poco m\u00e1s pol\u00edtico, puede jugar con el mal, ser blanco o negro\u201d, mencion\u00f3.\u00a0<\/p>\n<p>\u201cEl sonido est\u00e1 tan corregido que es casi como si fuera una IA\u201d<\/p>\n<p>En 2024, <strong>Kiko Loureiro <\/strong>lanz\u00f3 su m\u00e1s reciente disco en solitario, llamado Theory of Mind, en el que hace una interesante reflexi\u00f3n sobre la <a href=\"https:\/\/rpp.pe\/noticias\/inteligencia-artificial\" rel=\"nofollow noopener\" target=\"_blank\">inteligencia artificial<\/a> (IA) y su influencia en el escenario actual.<\/p>\n<p>\u201cEl sonido est\u00e1 tan corregido que es casi como si fuera una IA\u201d, sentenci\u00f3, tras destacar que actualmente ya hay m\u00fasica creada \u00edntegramente por inteligencia artificial.<\/p>\n<p>\u201cLa IA, sin duda, puede crear m\u00fasica. Ya se est\u00e1 haciendo m\u00fasica. La pregunta es qu\u00e9 tipo de m\u00fasica, si es relevante, c\u00f3mo la van a hacer, y si nos vamos a acostumbrar. \u00bfNos divertiremos escuchando m\u00fasica de una banda que no existe? Creo que va a ser interesante. Es muy dif\u00edcil decirlo ahora, pero va a ser interesante decir \u2018\u00a1Vaya! Estoy escuchando algo creado por computadora\u2019\u201d, coment\u00f3.<\/p>\n<p>Pero tambi\u00e9n se aventur\u00f3 a compartir su visi\u00f3n de un escenario distinto: \u201cPodr\u00eda ser que volvamos a la vieja escuela, como las bandas que tocaban en los setenta, ya sabes, tocando de verdad, con errores, problemas de entonaci\u00f3n y de ritmo, pero suena genial y es org\u00e1nico\u201d.<\/p>\n<p>Kiko Loureiro llega a Per\u00fa para la gran final del <a rel=\"nofollow noopener\" href=\"https:\/\/www.joinnus.com\/events\/concerts\/lima-guitarfest-2025-kiko-loureiro-en-peru-69866\" target=\"_blank\">Guitarfest 2025<\/a>, que reunir\u00e1 a representantes de Argentina, Chile, Colombia, M\u00e9xico y Per\u00fa. El evento se realizar\u00e1 el pr\u00f3ximo s\u00e1bado, 4 de octubre, en el Teatro Plaza Norte, en el distrito lime\u00f1o de Independencia.<\/p>\n<p>\u201cTengo much\u00edsimas ganas de ir a Lima. Ha pasado mucho tiempo. Me encanta participar en esos eventos de guitarra, la guitarra es mi vida. Me alegra poder ayudar a otros guitarristas a encontrar su voz o su camino\u201d, remarc\u00f3.<\/p>\n","protected":false},"excerpt":{"rendered":"Hablar de Kiko Loureiro es hablar de uno de los guitarristas m\u00e1s destacados a nivel internacional de la&hellip;\n","protected":false},"author":2,"featured_media":142606,"comment_status":"","ping_status":"","sticky":false,"template":"","format":"standard","meta":{"footnotes":""},"categories":[170],"tags":[44210,146,147,25,24,188,44209,13321,184,185,23],"class_list":{"0":"post-142605","1":"post","2":"type-post","3":"status-publish","4":"format-standard","5":"has-post-thumbnail","7":"category-musica","8":"tag-angra","9":"tag-entertainment","10":"tag-entretenimiento","11":"tag-es","12":"tag-espana","13":"tag-heavy-metal","14":"tag-kiko-loureiro","15":"tag-megadeth","16":"tag-music","17":"tag-musica","18":"tag-spain"},"share_on_mastodon":{"url":"","error":""},"_links":{"self":[{"href":"https:\/\/www.europesays.com\/es\/wp-json\/wp\/v2\/posts\/142605","targetHints":{"allow":["GET"]}}],"collection":[{"href":"https:\/\/www.europesays.com\/es\/wp-json\/wp\/v2\/posts"}],"about":[{"href":"https:\/\/www.europesays.com\/es\/wp-json\/wp\/v2\/types\/post"}],"author":[{"embeddable":true,"href":"https:\/\/www.europesays.com\/es\/wp-json\/wp\/v2\/users\/2"}],"replies":[{"embeddable":true,"href":"https:\/\/www.europesays.com\/es\/wp-json\/wp\/v2\/comments?post=142605"}],"version-history":[{"count":0,"href":"https:\/\/www.europesays.com\/es\/wp-json\/wp\/v2\/posts\/142605\/revisions"}],"wp:featuredmedia":[{"embeddable":true,"href":"https:\/\/www.europesays.com\/es\/wp-json\/wp\/v2\/media\/142606"}],"wp:attachment":[{"href":"https:\/\/www.europesays.com\/es\/wp-json\/wp\/v2\/media?parent=142605"}],"wp:term":[{"taxonomy":"category","embeddable":true,"href":"https:\/\/www.europesays.com\/es\/wp-json\/wp\/v2\/categories?post=142605"},{"taxonomy":"post_tag","embeddable":true,"href":"https:\/\/www.europesays.com\/es\/wp-json\/wp\/v2\/tags?post=142605"}],"curies":[{"name":"wp","href":"https:\/\/api.w.org\/{rel}","templated":true}]}}