{"id":142613,"date":"2025-09-27T16:55:09","date_gmt":"2025-09-27T16:55:09","guid":{"rendered":"https:\/\/www.europesays.com\/es\/142613\/"},"modified":"2025-09-27T16:55:09","modified_gmt":"2025-09-27T16:55:09","slug":"yakuza-kiwami-3-muestra-su-combate-en-este-nuevo-trailer","status":"publish","type":"post","link":"https:\/\/www.europesays.com\/es\/142613\/","title":{"rendered":"Yakuza Kiwami 3 muestra su combate en este nuevo tr\u00e1iler"},"content":{"rendered":"<p><b>\u00a1Parece que tenemos novedades para los fans de la franquicia! Hablamos del reciente estreno de<\/b>\u00a0<a href=\"https:\/\/www.nintenderos.com\/2024\/08\/yakuza-kiwami-se-anuncia-con-fecha-para-nintendo-switch\/\" rel=\"nofollow noopener\" target=\"_blank\">Yakuza Kiwami<\/a>. \u00bfLo has probado ya? Ahora tenemos en camino\u00a0<a href=\"https:\/\/www.nintenderos.com\/nintendo-switch-2\/sega-ofrece-el-primer-gameplay-de-yakuza-kiwami-1-y-2-en-nintendo-switch-2\/\" rel=\"nofollow noopener\" target=\"_blank\">Yakuza Kiwami 2<\/a>, que recibir\u00e1 una nueva versi\u00f3n para Nintendo Switch 2. Los fans podr\u00e1n disfrutar del t\u00edtulo\u00a0<strong>el 13 de noviembre de 2025<\/strong>. Tambi\u00e9n el mismo d\u00eda, Yakuza Kiwami 1 tendr\u00e1 una versi\u00f3n nativa para Nintendo Switch 2. Contar\u00e1 con una frecuencia de im\u00e1genes y gr\u00e1ficos mejorados, entre otras cosas.<\/p>\n<p>Ambos t\u00edtulos llegar\u00e1n a Nintendo Switch 2 en esa fecha, y los jugadores que ya tengan una copia de Yakuza Kiwami para Nintendo Switch podr\u00e1n comprar el\u00a0<strong>paquete de mejora<\/strong> para Nintendo Switch 2 a menor precio. Por otro lado, tambi\u00e9n tenemos en camino\u00a0<strong data-start=\"157\" data-end=\"188\">Yakuza Kiwami 3 &amp; Dark Ties<\/strong>. Se lanza el <strong data-start=\"307\" data-end=\"332\">12 de febrero de 2026 en Switch 2 <\/strong>y ya <a href=\"https:\/\/www.nintenderos.com\/nintendo-switch-2\/anunciado-yakuza-kiwami-3-dark-ties-para-nintendo-switch-2-y-nuevos-detalles-de-yakuza-kiwami-y-yakuza-kiwami-2\/\" rel=\"nofollow noopener\" target=\"_blank\">se detallaron<\/a> los precios, ediciones y otros datos.<\/p>\n<p>Ahora tenemos este nuevo tr\u00e1iler centrado en el combate de Yakuza Kiwami 3:<\/p>\n<p>Otros contenidos en esta categor\u00eda:<\/p>\n<p>Estaremos atentos, en cualquier caso, a m\u00e1s detalles. \u00bfQu\u00e9 pens\u00e1is vosotros sobre Yakuza Kiwami? Pod\u00e9is leer\u00a0<a href=\"https:\/\/www.nintenderos.com\/2024\/10\/analisis-yakuza-kiwami-para-nintendo-switch\/\" rel=\"nofollow noopener\" target=\"_blank\">nuestro an\u00e1lisis de la primera entrega para Switch aqu\u00ed<\/a>.<\/p>\n<p><a class=\"external\" href=\"https:\/\/youtu.be\/g8qkvee03Qc\" rel=\"nofollow noopener\" target=\"_blank\">Fuente<\/a><\/p>\n","protected":false},"excerpt":{"rendered":"\u00a1Parece que tenemos novedades para los fans de la franquicia! Hablamos del reciente estreno de\u00a0Yakuza Kiwami. \u00bfLo has&hellip;\n","protected":false},"author":2,"featured_media":142614,"comment_status":"","ping_status":"","sticky":false,"template":"","format":"standard","meta":{"footnotes":""},"categories":[81],"tags":[119,123,124,25,24,117,121,122,23,118,120,183,2338,42963],"class_list":{"0":"post-142613","1":"post","2":"type-post","3":"status-publish","4":"format-standard","5":"has-post-thumbnail","7":"category-ciencia-y-tecnologia","8":"tag-ciencia","9":"tag-ciencia-y-tecnologia","10":"tag-cienciaytecnologia","11":"tag-es","12":"tag-espana","13":"tag-science","14":"tag-science-and-technology","15":"tag-scienceandtechnology","16":"tag-spain","17":"tag-technology","18":"tag-tecnologia","19":"tag-trailer","20":"tag-video","21":"tag-yakuza-kiwami-3"},"share_on_mastodon":{"url":"","error":""},"_links":{"self":[{"href":"https:\/\/www.europesays.com\/es\/wp-json\/wp\/v2\/posts\/142613","targetHints":{"allow":["GET"]}}],"collection":[{"href":"https:\/\/www.europesays.com\/es\/wp-json\/wp\/v2\/posts"}],"about":[{"href":"https:\/\/www.europesays.com\/es\/wp-json\/wp\/v2\/types\/post"}],"author":[{"embeddable":true,"href":"https:\/\/www.europesays.com\/es\/wp-json\/wp\/v2\/users\/2"}],"replies":[{"embeddable":true,"href":"https:\/\/www.europesays.com\/es\/wp-json\/wp\/v2\/comments?post=142613"}],"version-history":[{"count":0,"href":"https:\/\/www.europesays.com\/es\/wp-json\/wp\/v2\/posts\/142613\/revisions"}],"wp:featuredmedia":[{"embeddable":true,"href":"https:\/\/www.europesays.com\/es\/wp-json\/wp\/v2\/media\/142614"}],"wp:attachment":[{"href":"https:\/\/www.europesays.com\/es\/wp-json\/wp\/v2\/media?parent=142613"}],"wp:term":[{"taxonomy":"category","embeddable":true,"href":"https:\/\/www.europesays.com\/es\/wp-json\/wp\/v2\/categories?post=142613"},{"taxonomy":"post_tag","embeddable":true,"href":"https:\/\/www.europesays.com\/es\/wp-json\/wp\/v2\/tags?post=142613"}],"curies":[{"name":"wp","href":"https:\/\/api.w.org\/{rel}","templated":true}]}}