{"id":142617,"date":"2025-09-27T16:57:07","date_gmt":"2025-09-27T16:57:07","guid":{"rendered":"https:\/\/www.europesays.com\/es\/142617\/"},"modified":"2025-09-27T16:57:07","modified_gmt":"2025-09-27T16:57:07","slug":"en-alemania-se-debate-si-el-ejercito-podria-derribar-drones-mientras-vuelan-si-suponen-algun-peligro","status":"publish","type":"post","link":"https:\/\/www.europesays.com\/es\/142617\/","title":{"rendered":"En Alemania se debate si el Ej\u00e9rcito podr\u00eda derribar drones mientras vuelan si suponen alg\u00fan peligro"},"content":{"rendered":"<p>\n  Por&amp;nbsp<b>Euronews<\/b>\n<\/p>\n<p>\n                    Publicado                 27\/09\/2025 &#8211; 18:15 CEST<br \/>\n                \u2022Ultima actualizaci\u00f3n<br \/>\n                                     18:18\n                                        <\/p>\n<p>          <img decoding=\"async\" class=\"c-ad__placeholder__logo\" src=\"https:\/\/static.euronews.com\/website\/images\/logos\/logo-euronews-stacked-outlined-72x72-grey-9.svg\" width=\"72\" height=\"72\" alt=\"\" loading=\"lazy\"\/><br \/>\n          PUBLICIDAD<\/p>\n<p>Ante los repetidos incidentes con drones en Alemania, el ministro del Interior, Alexander Dobrindt (CSU), quiere <strong>permitir a las Fuerzas Armadas derribar los drones en el futuro. Tambi\u00e9n el canciller federal, Friedrich Merz (CDU), aboga por una acci\u00f3n decidida co<\/strong>ntra estos dispositivos. \u00abNo permitiremos que estos ataques contin\u00faen\u00bb, afirm\u00f3 Merz en una rueda de prensa.<\/p>\n<p>El viernes, s<strong>e avistaron drones sobre Schleswig-Holstein.<\/strong> La Polic\u00eda est\u00e1 investigando. \u00abSe trata de sabotaje y espionaje\u00bb, declar\u00f3 Dobrindt en una conferencia de prensa en el Ministerio del Interior. \u00ab<a href=\"https:\/\/es.euronews.com\/2025\/09\/27\/varios-drones-sobrevuelan-una-de-las-mayores-instalaciones-militares-de-dinamarca\" rel=\"nofollow noopener\" target=\"_blank\">Existe una amenaza<\/a>\u00ab, admiti\u00f3 Dobrindt, \u00abque puede considerarse elevada\u00bb. \u00abHay una carrera armamentista entre la amenaza de drones y su defensa. Debemos prepararnos para ello\u00bb, a\u00f1adi\u00f3 el ministro del Interior.<\/p>\n<p>Se construir\u00e1 un centro de defensa contra drones<\/p>\n<p>La estrategia de Dobrindt: <strong>mejorar tecnol\u00f3gicamente<\/strong>. Est\u00e1 previsto establecer un centro de defensa contra drones. En su desarrollo, <a href=\"https:\/\/es.euronews.com\/tag\/alemania\" rel=\"nofollow noopener\" target=\"_blank\">Alemania<\/a> coopera con Israel; seg\u00fan &#8216;Zeit&#8217;, existe un proyecto de investigaci\u00f3n conjunto.<\/p>\n<p>En el futuro, los drones ser\u00e1n detectados, interceptados y derribados. La defensa contra drones es un proyecto urgentemente necesario, enfatiz\u00f3 Dobrindt. La reforma de la Ley de Seguridad A\u00e9rea permitir\u00e1 llevar a cabo esta nueva iniciativa. <strong>Las Fuerzas Armadas estar\u00e1n legalmente autorizadas para usar armas y derribar drones si existe un peligro inminente<\/strong>. La responsabilidad recaer\u00e1 en el Ministerio de Defensa. Hasta ahora, esta responsabilidad la han tenido los estados federados y la Polic\u00eda.<\/p>\n<p>Esto cambiar\u00e1 ahora: las competencias del Gobierno federal y los estados, de <strong>la Polic\u00eda Federal y la Polic\u00eda estatal<\/strong>, se integrar\u00e1n, seg\u00fan Dobrindt.<\/p>\n<p>La cr\u00edtica proviene del <strong>Sindicato de la Polic\u00eda (GdP), que rechaza el plan del ministro del Interior de que las Fuerzas Armadas derriben drones<\/strong>. El jefe del GdP para la Polic\u00eda Federal declar\u00f3 a &#8216;Rheinische Post&#8217; que la pol\u00edtica debe equipar completamente a la Polic\u00eda Federal y a la Polic\u00eda estatal para la <a href=\"https:\/\/es.euronews.com\/tag\/drones\" rel=\"nofollow noopener\" target=\"_blank\">defensa contra drones<\/a> sobre infraestructuras cr\u00edticas. La Polic\u00eda es responsable de la seguridad en el pa\u00eds.<\/p>\n","protected":false},"excerpt":{"rendered":"Por&amp;nbspEuronews Publicado 27\/09\/2025 &#8211; 18:15 CEST \u2022Ultima actualizaci\u00f3n 18:18 PUBLICIDAD Ante los repetidos incidentes con drones en Alemania,&hellip;\n","protected":false},"author":2,"featured_media":142618,"comment_status":"","ping_status":"","sticky":false,"template":"","format":"standard","meta":{"footnotes":""},"categories":[42],"tags":[17,18,8232,44211,13,14,1661,11,61,62,63,64,19,20,9,10,15,16,1614,7354,12,21,22,65,66,67],"class_list":{"0":"post-142617","1":"post","2":"type-post","3":"status-publish","4":"format-standard","5":"has-post-thumbnail","7":"category-internacional","8":"tag-breaking-news","9":"tag-breakingnews","10":"tag-drones","11":"tag-ejercito-aleman","12":"tag-featured-news","13":"tag-featurednews","14":"tag-friedrich-merz","15":"tag-headlines","16":"tag-internacional","17":"tag-international","18":"tag-international-news","19":"tag-internationalnews","20":"tag-latest-news","21":"tag-latestnews","22":"tag-news","23":"tag-noticias","24":"tag-noticias-destacadas","25":"tag-noticiasdestacadas","26":"tag-rusia","27":"tag-rusia-ucrania-invasion","28":"tag-titulares","29":"tag-ultimas-noticias","30":"tag-ultimasnoticias","31":"tag-world","32":"tag-world-news","33":"tag-worldnews"},"share_on_mastodon":{"url":"","error":""},"_links":{"self":[{"href":"https:\/\/www.europesays.com\/es\/wp-json\/wp\/v2\/posts\/142617","targetHints":{"allow":["GET"]}}],"collection":[{"href":"https:\/\/www.europesays.com\/es\/wp-json\/wp\/v2\/posts"}],"about":[{"href":"https:\/\/www.europesays.com\/es\/wp-json\/wp\/v2\/types\/post"}],"author":[{"embeddable":true,"href":"https:\/\/www.europesays.com\/es\/wp-json\/wp\/v2\/users\/2"}],"replies":[{"embeddable":true,"href":"https:\/\/www.europesays.com\/es\/wp-json\/wp\/v2\/comments?post=142617"}],"version-history":[{"count":0,"href":"https:\/\/www.europesays.com\/es\/wp-json\/wp\/v2\/posts\/142617\/revisions"}],"wp:featuredmedia":[{"embeddable":true,"href":"https:\/\/www.europesays.com\/es\/wp-json\/wp\/v2\/media\/142618"}],"wp:attachment":[{"href":"https:\/\/www.europesays.com\/es\/wp-json\/wp\/v2\/media?parent=142617"}],"wp:term":[{"taxonomy":"category","embeddable":true,"href":"https:\/\/www.europesays.com\/es\/wp-json\/wp\/v2\/categories?post=142617"},{"taxonomy":"post_tag","embeddable":true,"href":"https:\/\/www.europesays.com\/es\/wp-json\/wp\/v2\/tags?post=142617"}],"curies":[{"name":"wp","href":"https:\/\/api.w.org\/{rel}","templated":true}]}}