{"id":142619,"date":"2025-09-27T16:58:08","date_gmt":"2025-09-27T16:58:08","guid":{"rendered":"https:\/\/www.europesays.com\/es\/142619\/"},"modified":"2025-09-27T16:58:08","modified_gmt":"2025-09-27T16:58:08","slug":"los-mutualistas-salen-a-las-calles-para-exigir-que-la-pasarela-al-reta-cuente-todos-los-anos-cotizados","status":"publish","type":"post","link":"https:\/\/www.europesays.com\/es\/142619\/","title":{"rendered":"Los mutualistas salen a las calles para exigir que la pasarela al RETA cuente todos los a\u00f1os cotizados"},"content":{"rendered":"<p style=\"\"><strong>Abogados, procuradores, ingenieros arquitectos&#8230;<\/strong> Los mutualistas han salido a las calles este s\u00e1bado en Madrid para exigir ante el Congreso su paso a la Seguridad Social con pensiones dignas. Los profesionales colegiados que han cotizado durante a\u00f1os en su mutualidad, se rebelan contra la  &#8230; ley que tramita el Congreso y que, a instancias de grupo socialista, acota la acogida a la pasarela a quienes tengan el m\u00ednimo de 15 a\u00f1os cotizados, est\u00e9n en activo a 31 de diciembre de 2022 y no sean pensionistas. La norma afecta a unos<strong> 200.000 profesionales.<\/strong><\/p>\n<p class=\"voc-p\" style=\"\">La movilizaci\u00f3n ha sido convocada por la Plataforma Pasarela al RETA, el Movimiento J2, la Asociaci\u00f3n Nacional de la Mutualidad de Abogados (Anama) y la Asociaci\u00f3n Nacional de la Mutualidad de Arquitectos (Anmarq) con el objetivo de reclamar una<strong> \u00abpasarela 1&#215;1\u00bb<\/strong> -a\u00f1o trabajado, a\u00f1o cotizado- al RETA y la integraci\u00f3n plena de los mutualistas en la Seguridad Social.<\/p>\n<p class=\"voc-p\" style=\"\">Esta semana ha concluido el plazo para presentar enmiendas a la proposici\u00f3n de ley que habilita la pasarela de los mutualistas al r\u00e9gimen de aut\u00f3nomos (RETA) despu\u00e9s de que los partidos hayan ido <strong>prorrog\u00e1ndolo de forma continuada esta reforma<\/strong> ante la imposibilidad de alcanzar ning\u00fan consenso. Ahora, se abre un nuevo tr\u00e1mite que pasar\u00e1 por la negociaci\u00f3n de las enmiendas que registren los partidos para su posterior remisi\u00f3n al pleno de la C\u00e1mara baja. El proyecto da as\u00ed un paso m\u00e1s en un largo camino parlamentario que se inici\u00f3 a principios de a\u00f1o cuando el grupo socialista present\u00f3 el primer texto que debe contar con la validaci\u00f3n de la mayor\u00eda de los diputados para que consiga salir a la luz.<\/p>\n<p>\nSoluci\u00f3n justa y universal\n<\/p>\n<p class=\"voc-p\" style=\"\">La Mutualidad de Procuradores ha asegurado en un comunicado que la movilizaci\u00f3n de este s\u00e1bado reclama una \u00absoluci\u00f3n justa y universal\u00bb que permita el<strong> reconocimiento \u00edntegro de todos los a\u00f1os cotizados<\/strong> y, con ella, se busca dejar claro que \u00abno aceptar\u00e1n una pasarela limitada\u00bb. En un comunicado, los mutualistas han advertido de que la Propuesta de Ley del PSOE sobre la pasarela al RETA, actualmente en tramitaci\u00f3n, resulta <strong>insuficiente y excluyente<\/strong>, ya que limita el acceso a determinados perfiles y deja fuera a miles de profesionales. As\u00ed, el colectivo ha insistido en que la pasarela debe configurarse como \u00abun mecanismo voluntario, universal y 1&#215;1 (a\u00f1o trabajado igual a a\u00f1o cotizado), sin restricciones arbitrarias\u00bb.<\/p>\n<p>\nPensiones por debajo de 600 euros\n<\/p>\n<p class=\"voc-p\" style=\"\">Los procuradores han recordado que en Espa\u00f1a m\u00e1s de 200.000 profesionales (abogados, procuradores, arquitectos, m\u00e9dicos, entre otros) han cotizado en mutualidades alternativas a la Seguridad Social y muchos de ellos perciben pensiones por debajo de los 600 euros, pese a haber contribuido durante d\u00e9cadas. En esta l\u00ednea, los mutualistas han asegurado que \u00abdurante a\u00f1os\u00bb han supuest<strong>o un \u00abahorro\u00bb para el Estado<\/strong>, al no recibir pensiones p\u00fablicas, y que seguir\u00e1n contribuyendo al sistema \u00absi se les permite integrarse en el RETA en condiciones de igualdad\u00bb.<\/p>\n<p>\nAportaciones algo m\u00e1s bajas\n<\/p>\n<p class=\"voc-p\" style=\"\">Hasta ahora, los mutualistas tienen la obligaci\u00f3n legal de haber aportado a lo largo de su vida laboral en activo el equivalente al 80% de la base m\u00ednima de cotizaci\u00f3n al RETA. Por lo que a lo largo de su carrera estos aut\u00f3nomos pueden satisfacer<strong> aportaciones algo m\u00e1s bajas que las m\u00ednima obligatorias<\/strong> para los afiliados al r\u00e9gimen de la Seguridad Social -una operativa que les ha otorgado a lo largo de los a\u00f1os una mayor maniobrabilidad financiera en el momento de la actividad pero que tambi\u00e9n ha determinado las exiguas rentas de jubilaci\u00f3n a percibir en el momento del retiro-.<\/p>\n<p class=\"voc-p\" style=\"\">En otro comunicado sobre las movilizaciones, &#8216;Mutualistas x el Futuro&#8217; han exigido<strong> \u00abgarant\u00edas firmes\u00bb<\/strong> de que cualquier mecanismo de pasarela al RETA \u00abno suponga un perjuicio econ\u00f3mico ni jur\u00eddico para el fondo acumulado de quienes hemos confiado durante a\u00f1os en la Mutualidad para proteger nuestro futuro\u00bb. Tambi\u00e9n exigen que el proyecto de ley que pasa por el Parlamento detalle de forma \u00abclara\u00bb la f\u00f3rmula y el momento en que se realizar\u00eda un eventual traspaso de fondos de quienes decidan abandonar la mutualidad, lo que, deber\u00eda producirse \u00ab\u00fanicamente -dicen- en el momento efectivo de su jubilaci\u00f3n\u00bb.<\/p>\n","protected":false},"excerpt":{"rendered":"Abogados, procuradores, ingenieros arquitectos&#8230; Los mutualistas han salido a las calles este s\u00e1bado en Madrid para exigir ante&hellip;\n","protected":false},"author":2,"featured_media":142620,"comment_status":"","ping_status":"","sticky":false,"template":"","format":"standard","meta":{"footnotes":""},"categories":[8],"tags":[988,17,18,1346,44212,24194,25,24,18689,13,14,11,19,20,17658,9,10,15,16,30421,20300,19791,23,12,21,22],"class_list":{"0":"post-142619","1":"post","2":"type-post","3":"status-publish","4":"format-standard","5":"has-post-thumbnail","7":"category-espana","8":"tag-anos","9":"tag-breaking-news","10":"tag-breakingnews","11":"tag-calles","12":"tag-cotizados","13":"tag-cuente","14":"tag-es","15":"tag-espana","16":"tag-exigir","17":"tag-featured-news","18":"tag-featurednews","19":"tag-headlines","20":"tag-latest-news","21":"tag-latestnews","22":"tag-mutualistas","23":"tag-news","24":"tag-noticias","25":"tag-noticias-destacadas","26":"tag-noticiasdestacadas","27":"tag-pasarela","28":"tag-reta","29":"tag-salen","30":"tag-spain","31":"tag-titulares","32":"tag-ultimas-noticias","33":"tag-ultimasnoticias"},"share_on_mastodon":{"url":"","error":""},"_links":{"self":[{"href":"https:\/\/www.europesays.com\/es\/wp-json\/wp\/v2\/posts\/142619","targetHints":{"allow":["GET"]}}],"collection":[{"href":"https:\/\/www.europesays.com\/es\/wp-json\/wp\/v2\/posts"}],"about":[{"href":"https:\/\/www.europesays.com\/es\/wp-json\/wp\/v2\/types\/post"}],"author":[{"embeddable":true,"href":"https:\/\/www.europesays.com\/es\/wp-json\/wp\/v2\/users\/2"}],"replies":[{"embeddable":true,"href":"https:\/\/www.europesays.com\/es\/wp-json\/wp\/v2\/comments?post=142619"}],"version-history":[{"count":0,"href":"https:\/\/www.europesays.com\/es\/wp-json\/wp\/v2\/posts\/142619\/revisions"}],"wp:featuredmedia":[{"embeddable":true,"href":"https:\/\/www.europesays.com\/es\/wp-json\/wp\/v2\/media\/142620"}],"wp:attachment":[{"href":"https:\/\/www.europesays.com\/es\/wp-json\/wp\/v2\/media?parent=142619"}],"wp:term":[{"taxonomy":"category","embeddable":true,"href":"https:\/\/www.europesays.com\/es\/wp-json\/wp\/v2\/categories?post=142619"},{"taxonomy":"post_tag","embeddable":true,"href":"https:\/\/www.europesays.com\/es\/wp-json\/wp\/v2\/tags?post=142619"}],"curies":[{"name":"wp","href":"https:\/\/api.w.org\/{rel}","templated":true}]}}