{"id":142621,"date":"2025-09-27T16:59:09","date_gmt":"2025-09-27T16:59:09","guid":{"rendered":"https:\/\/www.europesays.com\/es\/142621\/"},"modified":"2025-09-27T16:59:09","modified_gmt":"2025-09-27T16:59:09","slug":"hoyo-de-manzanares-celebra-el-dia-mundial-del-turismo-con-una-jornada-dedicada-a-la-inclusion-y-al-patrimonio-local","status":"publish","type":"post","link":"https:\/\/www.europesays.com\/es\/142621\/","title":{"rendered":"Hoyo de Manzanares celebra el D\u00eda Mundial del Turismo con una jornada dedicada a la inclusi\u00f3n y al patrimonio local"},"content":{"rendered":"<p>\t\t\t\t\t\ud83d\udd0a Escuchar la entrada<\/p>\n<p>Hoyo de Manzanares se suma a<strong>l D\u00eda Mundial del Turismo<\/strong>, que se conmemora hoy 27 de septiembre, con dos actividades que destacan el compromiso de nuestro municipio con la accesibilidad, la cultura y la valorizaci\u00f3n de nuestro patrimonio.<\/p>\n<p>La jornada ha contado con la visita de <a href=\"https:\/\/www.fasocide.org\/\" target=\"_blank\" rel=\"noopener nofollow\"><strong>FASOCIDE<\/strong><\/a><strong> (Federaci\u00f3n de Asociaciones de Personas Sordociegas de Espa\u00f1a)<\/strong> al <a href=\"https:\/\/vivehoyo.com\/visita-una-aldea-visigoda\/\" target=\"_blank\" rel=\"noopener nofollow\"><strong>Yacimiento Arqueol\u00f3gico de La Cabilda<\/strong><\/a>, uno de los enclaves m\u00e1s representativos de nuestro patrimonio local.<\/p>\n<p>La actividad ha sido dirigida por las gu\u00edas locales Luc\u00eda Villaescusa y Sandra G\u00f3mez, y se ha adaptado a nuestros visitantes con el apoyo de gu\u00edas int\u00e9rpretes de la asociaci\u00f3n, para garantizar una experiencia plenamente accesible. La <strong>alcaldesa de Hoyo de Manzanares, Victoria Barderas,<\/strong> ha dado la bienvenida al grupo, destacando l<strong>a importancia de seguir construyendo un turismo inclusivo<\/strong> que se accesible para todas las personas.<\/p>\n<p>Esta iniciativa forma parte del esfuerzo continuo de la <strong>Oficina de Turismo<\/strong> por mejorar la accesibilidad del destino, en l\u00ednea con los est\u00e1ndares del <strong>sello SICTED<\/strong> (Sistema Integral de Calidad Tur\u00edstica Espa\u00f1ola en Destinos), del cual formamos parte desde 2013.<\/p>\n<p>Esta acci\u00f3n suma su granito de arena al proyecto <a href=\"https:\/\/www.adesgam.org\/proyectos\/\" rel=\"nofollow noopener\" target=\"_blank\"><strong>\u00abSierra de Guadarrama Inclusiva\u00bb<\/strong>,<\/a> coordinado por <strong>ADESGAM<\/strong>, cuyo objetivo es <strong>promover un turismo accesible en toda la comarca.\u00a0<\/strong><\/p>\n<p>La presencia de FASOCIDE en Hoyo de Manzanares es una oportunidad para seguir avanzando en el dise\u00f1o de experiencias tur\u00edsticas inclusivas y reconocer la labor de una organizaci\u00f3n comprometida con los derechos y la visibilidad de las personas sordociegas en Espa\u00f1a.<\/p>\n<p><strong>Visita exclusiva a los decorados Golden City\u00a0<\/strong><\/p>\n<p>Paralelamente, al otro lado de Hoyo, se ha llevado a cabo una visita exclusiva, en colaboraci\u00f3n con la Asociaci\u00f3n HoyoCine, a los <strong>antiguos decorados cinematogr\u00e1ficos de Golden City<\/strong>, uno de los principales atractivos tur\u00edsticos del municipio.<\/p>\n<p>La visita coincide con los 60 a\u00f1os (27 de septiembre de 1965) del estreno de \u00abPor un pu\u00f1ado de d\u00f3lares\u00bb en los cines de Madrid. El western,\u00a0uno de los m\u00e1s influyentes de Sergio Leone, filmado en los decorados de Golden City, marc\u00f3 el nacimiento de un g\u00e9nero cinematogr\u00e1fico: spaghetti western,\u00a0cambiando la historia de Hoyo de Manzanares para siempre y conformando su identidad.<\/p>\n<p>Toda esta historia se recoge en el documental <a href=\"https:\/\/www.youtube.com\/watch?v=rZo6Xv7qLTg\" target=\"_blank\" rel=\"noopener nofollow\"><strong>The Magnificent Stranger<\/strong><\/a>, que rinde homenaje a los a\u00f1os dorados del cine western rodado en Hoyo. Esta actividad ha contado con la participaci\u00f3n de aquellos que optaron por esta recompensa en la <strong>campa\u00f1a de crowdfunding<\/strong> del documental.<\/p>\n<p>Con estas dos actividades, Hoyo de Manzanares pone en valor dos de sus recursos tur\u00edsticos m\u00e1s emblem\u00e1ticos:<strong> el legado arqueol\u00f3gico de La Cabilda y la historia cinematogr\u00e1fica de los decorados Golden City. <\/strong>Una doble cita que ha unido en una misma jornada la <strong>inclusi\u00f3n, la cultura y la memoria local,<\/strong> pilares fundamentales para construir un destino abierto, acogedor y respetuoso con la diversidad.<\/p>\n<p><img loading=\"lazy\" decoding=\"async\" class=\"alignnone wp-image-54803\" src=\"https:\/\/www.europesays.com\/es\/wp-content\/uploads\/2025\/09\/Visita-decorados-Golden-City.jpg\" alt=\"\" width=\"956\" height=\"718\"\/><\/p>\n","protected":false},"excerpt":{"rendered":"\ud83d\udd0a Escuchar la entrada Hoyo de Manzanares se suma al D\u00eda Mundial del Turismo, que se conmemora hoy&hellip;\n","protected":false},"author":2,"featured_media":142622,"comment_status":"","ping_status":"","sticky":false,"template":"","format":"standard","meta":{"footnotes":""},"categories":[5],"tags":[17,18,25,24,13,14,11,19,20,9,10,15,16,23,12,21,22],"class_list":{"0":"post-142621","1":"post","2":"type-post","3":"status-publish","4":"format-standard","5":"has-post-thumbnail","7":"category-titulares","8":"tag-breaking-news","9":"tag-breakingnews","10":"tag-es","11":"tag-espana","12":"tag-featured-news","13":"tag-featurednews","14":"tag-headlines","15":"tag-latest-news","16":"tag-latestnews","17":"tag-news","18":"tag-noticias","19":"tag-noticias-destacadas","20":"tag-noticiasdestacadas","21":"tag-spain","22":"tag-titulares","23":"tag-ultimas-noticias","24":"tag-ultimasnoticias"},"share_on_mastodon":{"url":"","error":""},"_links":{"self":[{"href":"https:\/\/www.europesays.com\/es\/wp-json\/wp\/v2\/posts\/142621","targetHints":{"allow":["GET"]}}],"collection":[{"href":"https:\/\/www.europesays.com\/es\/wp-json\/wp\/v2\/posts"}],"about":[{"href":"https:\/\/www.europesays.com\/es\/wp-json\/wp\/v2\/types\/post"}],"author":[{"embeddable":true,"href":"https:\/\/www.europesays.com\/es\/wp-json\/wp\/v2\/users\/2"}],"replies":[{"embeddable":true,"href":"https:\/\/www.europesays.com\/es\/wp-json\/wp\/v2\/comments?post=142621"}],"version-history":[{"count":0,"href":"https:\/\/www.europesays.com\/es\/wp-json\/wp\/v2\/posts\/142621\/revisions"}],"wp:featuredmedia":[{"embeddable":true,"href":"https:\/\/www.europesays.com\/es\/wp-json\/wp\/v2\/media\/142622"}],"wp:attachment":[{"href":"https:\/\/www.europesays.com\/es\/wp-json\/wp\/v2\/media?parent=142621"}],"wp:term":[{"taxonomy":"category","embeddable":true,"href":"https:\/\/www.europesays.com\/es\/wp-json\/wp\/v2\/categories?post=142621"},{"taxonomy":"post_tag","embeddable":true,"href":"https:\/\/www.europesays.com\/es\/wp-json\/wp\/v2\/tags?post=142621"}],"curies":[{"name":"wp","href":"https:\/\/api.w.org\/{rel}","templated":true}]}}