{"id":142627,"date":"2025-09-27T17:05:09","date_gmt":"2025-09-27T17:05:09","guid":{"rendered":"https:\/\/www.europesays.com\/es\/142627\/"},"modified":"2025-09-27T17:05:09","modified_gmt":"2025-09-27T17:05:09","slug":"asturias-enamora-por-lo-que-ves-y-tambien-por-lo-que-sientes","status":"publish","type":"post","link":"https:\/\/www.europesays.com\/es\/142627\/","title":{"rendered":"Asturias enamora por lo que ves y tambi\u00e9n por lo que sientes"},"content":{"rendered":"<p class=\"ft-text ft-helper-align-justify\">Cuatro cicloviajeros estadounidenses, Albert y Stacy Avalos (California) y Bob y Carrie Dentic (Las Vegas) han emprendido una traves\u00eda inolvidable:\u00a0recorrer el Camino del Norte como \u00abbicigrinos\u00bb desde San Sebasti\u00e1n hasta Santiago de Compostela. Una ruta de 840 kil\u00f3metros que, seg\u00fan cuentan durante su paso por Villaviciosa, les est\u00e1 regalando \u00abmucho m\u00e1s que paisajes\u00bb.<\/p>\n<p class=\"ft-text ft-helper-align-justify\">\u00abEs nuestra primera vez haciendo el Camino y est\u00e1 resultando una aventura\u00a0que est\u00e1 superando nuestras mejores expectativas\u00bb, afirman, sorprendidos, los \u00abbicigrinos\u00bb, que han elegido pedalear por el norte de Espa\u00f1a atra\u00eddos por la belleza natural y su cultura. Pero lo que m\u00e1s les ha sorprendido en su ruta no ha sido el mar Cant\u00e1brico, los pueblos con encanto, \u00a0ni las monta\u00f1as verdes, sino \u201cel esp\u00edritu que envuelve Asturias y la hospitalidad de su gente\u201d, aseguran los peregrinos llegados desde Estados Unidos<\/p>\n<p>Asturias: paisajes que impresionan, gente que enamora<\/p>\n<p class=\"ft-text ft-helper-align-justify\">Aunque reconocen la belleza de todo el norte espa\u00f1ol, \u00a0los viajeros coinciden en que Asturias posee \u00abalgo especial\u00bb que no hab\u00edan experimentado en otros lugares. \u201cLo que m\u00e1s nos ha sorprendido no son los paisajes que hemos admirado, \u2014aunque son impresionantes\u2014 sino lo bien acogidos que nos hemos sentido. En Villaviciosa hemos vivido un extraordinario sentido de comunidad,\u00a0la gente conversa y comparte contigo, y hemos sentido una hospitalidad que hace que \u00a0no te sientes turista ni forastero\u2026 te sientes parte de la comunidad\u00bb, destacan Albert, Stacy, Bob y Carrie<\/p>\n<p class=\"ft-text ft-helper-align-justify\">Los viajeros relatan una an\u00e9cdota que los marc\u00f3 profundamente en Villaviciosa. \u00abEra domingo y no encontr\u00e1bamos d\u00f3nde comer, todo estaba lleno. Entonces, una persona que no nos conoc\u00eda se ofreci\u00f3 a acompa\u00f1arnos a tres restaurantes hasta que logramos mesa. En estos tiempos sentir este \u00a0acto desinteresado nos emocion\u00f3 mucho,\u00a0esa generosidad espont\u00e1nea es algo que no hemos sentido en otros lugares. Es la esencia de la hospitalidad asturiana\u00bb, destacan \u00a0con emoci\u00f3n los estadounidenses<\/p>\n<p class=\"ft-text ft-helper-align-justify\">Adem\u00e1s de la acogida, la cocina asturiana se ha convertido en otro de los grandes descubrimientos de su viaje. \u00abProbamos la fabada en un restaurante galardonado como la Mejor Fabada del Mundo y no exageran, es excepcional\u00bb, afirman los peregrinos. \u00abCada plato ha sido una celebraci\u00f3n: rape, merluza, solomillo\u2026En pocos lugares hemos comido tan bien y a precios tan razonables. Cuando viajas con cierta edad, valoras especialmente el trato cercano y profesional, adem\u00e1s de una buena relaci\u00f3n calidad-precio\u201d, destacan Albert y\u00a0Carrie<\/p>\n<p class=\"ft-text ft-helper-align-justify\">Los cuatro ciclistas se despiden de Villaviciosa \u201cenamorados\u201d, con la promesa de volver alg\u00fan d\u00eda sin bicicletas. \u00abAsturias nos ha conquistado en todos los aspectos. No solo por lo que hemos visto, sino por lo que hemos sentido\u00bb, afirman con emoci\u00f3n antes de subirse\u00a0de nuevo a pedalear en\u00a0sus bicicleta\u00a0camino hacia Compostela.<\/p>\n","protected":false},"excerpt":{"rendered":"Cuatro cicloviajeros estadounidenses, Albert y Stacy Avalos (California) y Bob y Carrie Dentic (Las Vegas) han emprendido una&hellip;\n","protected":false},"author":2,"featured_media":142628,"comment_status":"","ping_status":"","sticky":false,"template":"","format":"standard","meta":{"footnotes":""},"categories":[273],"tags":[1770,3451,44214,313,312,168,25,24,7817,260,44215,23,167,14872,12140],"class_list":{"0":"post-142627","1":"post","2":"type-post","3":"status-publish","4":"format-standard","5":"has-post-thumbnail","7":"category-ciclismo","8":"tag-asturias","9":"tag-belleza","10":"tag-bicigrinos","11":"tag-ciclismo","12":"tag-cycling","13":"tag-deportes","14":"tag-es","15":"tag-espana","16":"tag-estadounidense","17":"tag-gente","18":"tag-pedalean","19":"tag-spain","20":"tag-sports","21":"tag-viajeros","22":"tag-villaviciosa"},"share_on_mastodon":{"url":"","error":""},"_links":{"self":[{"href":"https:\/\/www.europesays.com\/es\/wp-json\/wp\/v2\/posts\/142627","targetHints":{"allow":["GET"]}}],"collection":[{"href":"https:\/\/www.europesays.com\/es\/wp-json\/wp\/v2\/posts"}],"about":[{"href":"https:\/\/www.europesays.com\/es\/wp-json\/wp\/v2\/types\/post"}],"author":[{"embeddable":true,"href":"https:\/\/www.europesays.com\/es\/wp-json\/wp\/v2\/users\/2"}],"replies":[{"embeddable":true,"href":"https:\/\/www.europesays.com\/es\/wp-json\/wp\/v2\/comments?post=142627"}],"version-history":[{"count":0,"href":"https:\/\/www.europesays.com\/es\/wp-json\/wp\/v2\/posts\/142627\/revisions"}],"wp:featuredmedia":[{"embeddable":true,"href":"https:\/\/www.europesays.com\/es\/wp-json\/wp\/v2\/media\/142628"}],"wp:attachment":[{"href":"https:\/\/www.europesays.com\/es\/wp-json\/wp\/v2\/media?parent=142627"}],"wp:term":[{"taxonomy":"category","embeddable":true,"href":"https:\/\/www.europesays.com\/es\/wp-json\/wp\/v2\/categories?post=142627"},{"taxonomy":"post_tag","embeddable":true,"href":"https:\/\/www.europesays.com\/es\/wp-json\/wp\/v2\/tags?post=142627"}],"curies":[{"name":"wp","href":"https:\/\/api.w.org\/{rel}","templated":true}]}}