{"id":142629,"date":"2025-09-27T17:06:28","date_gmt":"2025-09-27T17:06:28","guid":{"rendered":"https:\/\/www.europesays.com\/es\/142629\/"},"modified":"2025-09-27T17:06:28","modified_gmt":"2025-09-27T17:06:28","slug":"se-que-frank-williams-estaria-muy-orgulloso","status":"publish","type":"post","link":"https:\/\/www.europesays.com\/es\/142629\/","title":{"rendered":"\u00a1S\u00e9 que Frank Williams estar\u00eda muy orgulloso!"},"content":{"rendered":"<p data-mrf-recirculation=\"Links P\u00e1rrafos\" class=\"ue-c-article__paragraph paragraph ue-c-article--first-letter-highlighted\">C<strong>arlos Sainz<\/strong> no para de recibir felicitaciones por su resultado en el <strong>Gran Premio de Azerbaiy\u00e1n<\/strong>. El madrile\u00f1o escribi\u00f3 el punto final a una &#8216;sequ\u00eda&#8217; de seis domingos consecutivos sin sumar puntos, tras subir al tercer escal\u00f3n del podio en las impredecibles calles de <strong>Bak\u00fa<\/strong>. Con su resultado, tambi\u00e9n dio por finalizada la espera de un &#8216;<strong>top3<\/strong>&#8216; para <strong>Williams<\/strong>, puesto que celebraron el \u00faltimo en <strong>2021 <\/strong>con el segundo lugar de <strong>George Russell en Spa.\u00a0<\/strong><\/p>\n<p data-mrf-recirculation=\"Links P\u00e1rrafos\" class=\"ue-c-article__paragraph paragraph\"><strong>Claire Williams, exdirectora de la escuder\u00eda de Grove<\/strong>, fue la \u00faltima en elogiar la actuaci\u00f3n del espa\u00f1ol. Aprovecho las redes sociales para felicitarlo, resaltado que su difunto padre, <strong>Sir Frank Williams<\/strong>, se habr\u00eda sentido \u00ab<strong>muy orgulloso<\/strong>\u00ab.\u00a0\u00abMuch\u00edsimas felicidades a Carlos Sainz y a todo el equipo de Williams Racing tras su podio. <strong>\u00a1S\u00e9 que Frank estar\u00eda muy orgulloso! \u00a1Yo tambi\u00e9n!\u00bb,<\/strong> escribi\u00f3.<\/p>\n<blockquote class=\"ue-c-article__blockquote\">\n<p>Much\u00edsimas felicidades a Carlos Sainz y a todo el equipo.\u00a0\u00a1S\u00e9 que Frank estar\u00eda muy orgulloso!<\/p>\n<p>Claire Williams<\/p><\/blockquote>\n<p>Un v\u00ednculo que se pudo haber formado en el pasado<\/p>\n<p data-mrf-recirculation=\"Links P\u00e1rrafos\" class=\"ue-c-article__paragraph paragraph\">A pesar de que el v\u00ednculo entre ambas partes se cre\u00f3 [oficialmente] al comienzo de la temporada <strong>2025<\/strong>, Claire habl\u00f3 con el sitio web oficial de la <strong>F\u00f3rmula 1<\/strong> el pasado mes de marzo y confirm\u00f3 que hab\u00edan estado en contacto, en m\u00e1s de una ocasi\u00f3n, para hacerse con sus servicios.\u00a0<\/p>\n<p><img decoding=\"async\" width=\"1980\" height=\"1320\" class=\"ue-c-article__image lazyload\" alt=\"Carlos Sainz celebra con su equipo el tercer lugar del GP de Azerbaiy\u00e1n.\" loading=\"lazy\" src=\"https:\/\/www.europesays.com\/es\/wp-content\/uploads\/2025\/09\/68d28b921eab8.jpeg\"\/><\/p>\n<p>Carlos Sainz celebra con su equipo el tercer lugar del GP de Azerbaiy\u00e1n.EFE<\/p>\n<p data-mrf-recirculation=\"Links P\u00e1rrafos\" class=\"ue-c-article__paragraph paragraph\">\u00abLa llegada\u00a0de <strong>Carlos Sainz a Williams<\/strong> es una historia brillante. Pas\u00e9 un tiempo intentando negociar con \u00e9l\u00a0para que se uniera al equipo cuando yo lo dirig\u00eda. <strong>Han pasado diez a\u00f1os y por fin lo ha conseguido\u00bb<\/strong>, destac\u00f3. Ella dirigi\u00f3 a la escuder\u00eda entre 2013 y 2020, a\u00f1o en el que la vendi\u00f3 a &#8216;Dorilton Capital&#8217;.\u00a0<\/p>\n<p>Una vida alejada de los circuitos<\/p>\n<p data-mrf-recirculation=\"Links P\u00e1rrafos\" class=\"ue-c-article__paragraph paragraph\">Como mencion\u00f3 en una entrevista exclusiva en el &#8216;<strong>Canal 4<\/strong>&#8216;, recogida por &#8216;<strong>PlanetF1<\/strong>&#8216; a principios de este mes, no tiene planes de regresar al &#8216;<strong>Gran Circo<\/strong>&#8216;. \u00abFue realmente abrumador en muchos sentidos. Hab\u00eda estado alejada desde 2020 y volver a ese ambiente en <strong>Silverstone<\/strong>, no con el peso de la responsabilidad, sino con la oportunidad de simplemente disfrutarlo, fue muy emotivo\u00bb, coment\u00f3.<\/p>\n<blockquote class=\"ue-c-article__blockquote\">\n<p>Williams fue la vida de mi familia y la m\u00eda durante mucho tiempo, y dejarlo dej\u00f3 un gran vac\u00edo&#8230;<\/p>\n<p>Claire Williams<\/p><\/blockquote>\n<p data-mrf-recirculation=\"Links P\u00e1rrafos\" class=\"ue-c-article__paragraph paragraph\">Habl\u00f3 de su etapa con <strong>Williams <\/strong>y lo complicado que fue tomar la decisi\u00f3n de abandonar la m\u00edtica escuder\u00eda. \u00ab<strong>Williams <\/strong>fue la vida de mi familia y la m\u00eda durante mucho tiempo, y dejarlo dej\u00f3 un gran vac\u00edo&#8230; pero en los a\u00f1os transcurridos desde entonces, he encontrado la verdadera felicidad en mi vida personal. Volver a Silverstone no reabri\u00f3 heridas. A<strong>l contrario, me dio la oportunidad de verlo todo de otra manera. Fue m\u00e1s como un cierre que cualquier otra cosa, y una experiencia muy positiva\u00bb,<\/strong> sentenci\u00f3 <strong>Claire Williams.\u00a0<\/strong><\/p>\n","protected":false},"excerpt":{"rendered":"Carlos Sainz no para de recibir felicitaciones por su resultado en el Gran Premio de Azerbaiy\u00e1n. El madrile\u00f1o&hellip;\n","protected":false},"author":2,"featured_media":142630,"comment_status":"","ping_status":"","sticky":false,"template":"","format":"standard","meta":{"footnotes":""},"categories":[270],"tags":[168,25,24,306,271,272,23,167],"class_list":{"0":"post-142629","1":"post","2":"type-post","3":"status-publish","4":"format-standard","5":"has-post-thumbnail","7":"category-formula-1","8":"tag-deportes","9":"tag-es","10":"tag-espana","11":"tag-f1","12":"tag-formula-1","13":"tag-formula1","14":"tag-spain","15":"tag-sports"},"share_on_mastodon":{"url":"","error":""},"_links":{"self":[{"href":"https:\/\/www.europesays.com\/es\/wp-json\/wp\/v2\/posts\/142629","targetHints":{"allow":["GET"]}}],"collection":[{"href":"https:\/\/www.europesays.com\/es\/wp-json\/wp\/v2\/posts"}],"about":[{"href":"https:\/\/www.europesays.com\/es\/wp-json\/wp\/v2\/types\/post"}],"author":[{"embeddable":true,"href":"https:\/\/www.europesays.com\/es\/wp-json\/wp\/v2\/users\/2"}],"replies":[{"embeddable":true,"href":"https:\/\/www.europesays.com\/es\/wp-json\/wp\/v2\/comments?post=142629"}],"version-history":[{"count":0,"href":"https:\/\/www.europesays.com\/es\/wp-json\/wp\/v2\/posts\/142629\/revisions"}],"wp:featuredmedia":[{"embeddable":true,"href":"https:\/\/www.europesays.com\/es\/wp-json\/wp\/v2\/media\/142630"}],"wp:attachment":[{"href":"https:\/\/www.europesays.com\/es\/wp-json\/wp\/v2\/media?parent=142629"}],"wp:term":[{"taxonomy":"category","embeddable":true,"href":"https:\/\/www.europesays.com\/es\/wp-json\/wp\/v2\/categories?post=142629"},{"taxonomy":"post_tag","embeddable":true,"href":"https:\/\/www.europesays.com\/es\/wp-json\/wp\/v2\/tags?post=142629"}],"curies":[{"name":"wp","href":"https:\/\/api.w.org\/{rel}","templated":true}]}}