{"id":142637,"date":"2025-09-27T17:10:10","date_gmt":"2025-09-27T17:10:10","guid":{"rendered":"https:\/\/www.europesays.com\/es\/142637\/"},"modified":"2025-09-27T17:10:10","modified_gmt":"2025-09-27T17:10:10","slug":"75-anos-sin-el-arquitecto-que-dio-forma-a-la-modernidad-de-jerez","status":"publish","type":"post","link":"https:\/\/www.europesays.com\/es\/142637\/","title":{"rendered":"75 a\u00f1os sin el arquitecto que dio forma a la modernidad de Jerez"},"content":{"rendered":"<p>27\/09\/2025<br \/>\n<br \/><strong><br \/>\nActualizado a las 11:06h.<br \/>\n<\/strong><\/p>\n<p class=\"voc-p\" style=\"\"><strong>El 27 de septiembre de 1950, Jerez de la Frontera desped\u00eda a uno de sus hijos m\u00e1s ilustres:<\/strong><strong> Francisco Hern\u00e1ndez-Rubio y G\u00f3mez. S<\/strong>u muerte, causada por un atropello frente a su casa de la calle Porvera, pon\u00eda fin a una vida larga y fecunda, dedicada por entero a la arquitectura. Hoy, setenta y cinco a\u00f1os despu\u00e9s, su nombre sigue ligado al paisaje urbano de la ciudad y a una obra que atraves\u00f3 diversos estilos; desde el eclecticismo finisecular hasta las corrientes modernistas y regionalistas del primer tercio del siglo XX.<\/p>\n<p class=\"voc-p\" style=\"\">Nacido en Jerez en 1859, Hern\u00e1ndez-Rubio se form\u00f3 en Madrid, donde se titul\u00f3 como n\u00famero uno de su promoci\u00f3n y obtuvo el Premio Marqu\u00e9s de Urquijo al mejor expediente nacional. Aquella brillantez acad\u00e9mica se tradujo pronto en una carrera profesional de gran proyecci\u00f3n. En la capital colabor\u00f3 con Ricardo Vel\u00e1zquez Bosco, participando en proyectos de restauraci\u00f3n como la Mezquita de C\u00f3rdoba y el Monasterio de La R\u00e1bida. <strong>All\u00ed aprendi\u00f3 el rigor t\u00e9cnico y el eclecticismo que marcar\u00edan sus primeras obras.<\/strong><\/p>\n<p class=\"voc-p\" style=\"\">De vuelta a Jerez en la d\u00e9cada de 1890, comenz\u00f3 una etapa de consolidaci\u00f3n profesional en la que dej\u00f3 algunas de sus creaciones m\u00e1s reconocibles. En 1894 dirigi\u00f3 la reconstrucci\u00f3n de la Plaza de Toros, una obra clave para la vida social de la ciudad. Dos a\u00f1os m\u00e1s tarde proyect\u00f3 el baldaquino de la Colegiata de Jerez, de aire historicista, ejemplo de su sensibilidad hacia lo monumental. Fue nombrado arquitecto municipal auxiliar en 1899, cargo desde el cual asumi\u00f3 proyectos urban\u00edsticos de envergadura, como el trazado del Parque Gonz\u00e1lez Hontoria, donde adem\u00e1s ide\u00f3 varias casetas permanentes de claro aire modernista, estilo al que se adscribi\u00f3 tras su visita en 1900 a la Exposici\u00f3n Universal de Par\u00eds. Estas fueron la del Ayuntamiento, Casino Nacional, Casino Jerezano, C\u00edrculo Lebrero, Pedro Domecq o la del Casino Militar, entre otras, de las que algunas todav\u00eda se conservan hoy en d\u00eda como memoria viva de aquel impulso arquitect\u00f3nico. Otras obras de inter\u00e9s que realiza durante estos a\u00f1os son el desaparecido Tiro de Pich\u00f3n (1903) en <strong>El Puerto de Santa Mar\u00eda, el pabell\u00f3n del Jockey Club (1905) actual Dep\u00f3sito de Sementales, el p\u00f3rtico de la bodega Pedro Domecq (1907) o la Farmacia Cafranga (1908) en la calle Larga.<\/strong><\/p>\n<p class=\"voc-p\" style=\"\">En 1898 fue nombrado Arquitecto Conservador de la Cartuja de Jerez, cargo que desempe\u00f1\u00f3 durante m\u00e1s de cuatro d\u00e9cadas. El monasterio, en ruinas tras guerras, desamortizaciones y saqueos, sobrevivi\u00f3 gracias a su empe\u00f1o personal. Solicit\u00f3 fondos, redact\u00f3 informes minuciosos y dirigi\u00f3 obras de consolidaci\u00f3n que evitaron su colapso. Su labor alcanz\u00f3 un momento de gloria en 1927, cuando durante unas obras se descubri\u00f3 el c\u00e9lebre Vaso de la Alhambra, joya hispano-\u00e1rabe que hoy se conserva en el Museo Arqueol\u00f3gico Nacional. La Cartuja debe en gran medida a Hern\u00e1ndez-Rubio el haber llegado al presente como uno de los grandes hitos patrimoniales de Andaluc\u00eda.<\/p>\n<p><img decoding=\"async\" loading=\"lazy\" src=\"https:\/\/www.europesays.com\/es\/wp-content\/uploads\/2025\/09\/ArquitectoFranciscoHernandez-RubioyGomez-U61144137260JBG-760x427@abc.jpeg\" class=\"voc-img\" width=\"760\" height=\"427\" alt=\"Francisco Hern\u00e1ndez-Rubio: 75 a\u00f1os sin el arquitecto que dio forma a la modernidad de Jerez\" data-voc-vtm-id=\"in-text-traffic\"\/><\/p>\n<p class=\"voc-p\" style=\"\">En el terreno de la arquitectura civil, su firma aparece en edificios que a\u00fan definen la identidad urbana de Jerez. El m\u00e1s destacado es, sin duda, el antiguo Banco de Espa\u00f1a, en la Plaza del Banco, un imponente edificio que hoy alberga la Biblioteca Municipal<strong>. Tambi\u00e9n proyect\u00f3 bodegas y casas se\u00f1oriales que incorporaban tanto la tradici\u00f3n andaluza como gui\u00f1os modernistas. <\/strong><\/p>\n<p class=\"voc-p\" style=\"\">Su prestigio lo llev\u00f3 tambi\u00e9n a trabajar fuera de Jerez. En Sevilla, donde dej\u00f3 huella en el Paseo de la Palmera, dise\u00f1ando entre 1910 y 1915 cuatro notables residencias: la Casa de C\u00e9sar Puente, considerado el \u00faltimo gran canto del modernismo en Sevilla; la Casa de Francisco Castillo, de aire anglicista; la Casa Sundheim y el chalet de la familia Seras, una elegante residencia de inspiraci\u00f3n inglesa. En Huelva proyect\u00f3 la Casa Mu\u00f1oz (1909) o la Casa Antonio Guijarro (1910). Estas obras muestran su capacidad para dialogar con los lenguajes internacionales sin perder la esencia regional. <\/p>\n<p class=\"voc-p\" style=\"\">Su estilo atraves\u00f3 distintas etapas. Del eclecticismo monumentalista de sus inicios pas\u00f3 a un historicismo refinado, visible en sus obras religiosas. M\u00e1s tarde, en contacto con las corrientes internacionales y tras su paso por la Exposici\u00f3n Universal de Par\u00eds de 1900, se dej\u00f3 seducir por el modernismo y posteriormente por el anglicismo. Finalmente, en las d\u00e9cadas de 1920 y 1930, abraz\u00f3 con naturalidad el regionalismo andaluz, integrando azulejos, ladrillos vistos y soluciones populares en sus edificios<strong>. Esa versatilidad lo convierte en un testigo privilegiado de la evoluci\u00f3n de la arquitectura espa\u00f1ola en medio siglo.<\/strong><\/p>\n<p class=\"voc-p\" style=\"\">El 27 de septiembre de 1950, a los 91 a\u00f1os, la vida de Hern\u00e1ndez-Rubio se apag\u00f3 de forma inesperada y tr\u00e1gica: fue atropellado frente a su casa en la calle Porvera, la misma donde hab\u00eda nacido y donde hab\u00eda desarrollado su vida familiar y profesional. Su entierro congreg\u00f3 a autoridades y vecinos, en un multitudinario homenaje que reflej\u00f3 el respeto y el cari\u00f1o de toda la ciudad.<\/p>\n<p class=\"voc-p\" style=\"\">Se cerraba as\u00ed el ciclo de un hombre que hab\u00eda dedicado su vida al arte de construir y conserva<strong>r. Su legado, visible en plazas, parques, iglesias, bodegas, casetas de feria y residencias se\u00f1oriales de Jerez,<\/strong> sigue record\u00e1ndonos que la arquitectura no es solo t\u00e9cnica o adorno, sino tambi\u00e9n memoria y compromiso con la ciudad.<\/p>\n<p>Reportar un error<\/p>\n","protected":false},"excerpt":{"rendered":"27\/09\/2025 Actualizado a las 11:06h. El 27 de septiembre de 1950, Jerez de la Frontera desped\u00eda a uno&hellip;\n","protected":false},"author":2,"featured_media":142638,"comment_status":"","ping_status":"","sticky":false,"template":"","format":"standard","meta":{"footnotes":""},"categories":[173],"tags":[988,839,229,233,231,230,232,13653,234,146,147,25,24,1142,11826,44216,15643,21728,23],"class_list":{"0":"post-142637","1":"post","2":"type-post","3":"status-publish","4":"format-standard","5":"has-post-thumbnail","7":"category-arte-y-diseno","8":"tag-anos","9":"tag-arquitecto","10":"tag-arte","11":"tag-arte-y-diseno","12":"tag-arts","13":"tag-arts-and-design","14":"tag-design","15":"tag-dio","16":"tag-diseno","17":"tag-entertainment","18":"tag-entretenimiento","19":"tag-es","20":"tag-espana","21":"tag-forma","22":"tag-francisco","23":"tag-hernandezrubio","24":"tag-jerez","25":"tag-modernidad","26":"tag-spain"},"share_on_mastodon":{"url":"","error":""},"_links":{"self":[{"href":"https:\/\/www.europesays.com\/es\/wp-json\/wp\/v2\/posts\/142637","targetHints":{"allow":["GET"]}}],"collection":[{"href":"https:\/\/www.europesays.com\/es\/wp-json\/wp\/v2\/posts"}],"about":[{"href":"https:\/\/www.europesays.com\/es\/wp-json\/wp\/v2\/types\/post"}],"author":[{"embeddable":true,"href":"https:\/\/www.europesays.com\/es\/wp-json\/wp\/v2\/users\/2"}],"replies":[{"embeddable":true,"href":"https:\/\/www.europesays.com\/es\/wp-json\/wp\/v2\/comments?post=142637"}],"version-history":[{"count":0,"href":"https:\/\/www.europesays.com\/es\/wp-json\/wp\/v2\/posts\/142637\/revisions"}],"wp:featuredmedia":[{"embeddable":true,"href":"https:\/\/www.europesays.com\/es\/wp-json\/wp\/v2\/media\/142638"}],"wp:attachment":[{"href":"https:\/\/www.europesays.com\/es\/wp-json\/wp\/v2\/media?parent=142637"}],"wp:term":[{"taxonomy":"category","embeddable":true,"href":"https:\/\/www.europesays.com\/es\/wp-json\/wp\/v2\/categories?post=142637"},{"taxonomy":"post_tag","embeddable":true,"href":"https:\/\/www.europesays.com\/es\/wp-json\/wp\/v2\/tags?post=142637"}],"curies":[{"name":"wp","href":"https:\/\/api.w.org\/{rel}","templated":true}]}}