{"id":142648,"date":"2025-09-27T17:17:18","date_gmt":"2025-09-27T17:17:18","guid":{"rendered":"https:\/\/www.europesays.com\/es\/142648\/"},"modified":"2025-09-27T17:17:18","modified_gmt":"2025-09-27T17:17:18","slug":"es-todo-culpa-de-kiko-jimenez","status":"publish","type":"post","link":"https:\/\/www.europesays.com\/es\/142648\/","title":{"rendered":"Es todo culpa de Kiko Jim\u00e9nez"},"content":{"rendered":"<p data-journey-content=\"true\" data-node-id=\"3\" class=\"css-6wxqfj emevuu60\">La familia Suescun vuelve a estar en el punto de mira medi\u00e1tico. Ha pasado un mes desde que <strong data-node-id=\"3.1\"><a href=\"https:\/\/www.diezminutos.es\/famosos-corazon\/famosos-espanoles\/a65588061\/cristian-suescun-mensaje-sofia-suescun-distanciamiento\/\" target=\"_blank\" data-vars-ga-outbound-link=\"https:\/\/www.diezminutos.es\/famosos-corazon\/famosos-espanoles\/a65588061\/cristian-suescun-mensaje-sofia-suescun-distanciamiento\/\" data-vars-ga-ux-element=\"Hyperlink\" data-vars-ga-call-to-action=\"Cristian Suescun ha roto su silencio \" data-node-id=\"3.1.0\" data-mrf-link=\"https:\/\/www.diezminutos.es\/famosos-corazon\/famosos-espanoles\/a65588061\/cristian-suescun-mensaje-sofia-suescun-distanciamiento\/\" class=\"body-link css-177bzfx emevuu60\" rel=\"nofollow noopener\">Cristian Suescun rompiera su silencio <\/a>para confirmar que la relaci\u00f3n con su hermana Sof\u00eda est\u00e1 completamente rota.<\/strong> Con motivo de <a href=\"https:\/\/www.diezminutos.es\/famosos-corazon\/famosos-espanoles\/a65574893\/preocupacion-salud-cristian-suescun-preocupante-imagen-hospital\/\" target=\"_blank\" data-vars-ga-outbound-link=\"https:\/\/www.diezminutos.es\/famosos-corazon\/famosos-espanoles\/a65574893\/preocupacion-salud-cristian-suescun-preocupante-imagen-hospital\/\" data-vars-ga-ux-element=\"Hyperlink\" data-vars-ga-call-to-action=\"su reciente problema de salud, Cristian\" data-node-id=\"3.3\" data-mrf-link=\"https:\/\/www.diezminutos.es\/famosos-corazon\/famosos-espanoles\/a65574893\/preocupacion-salud-cristian-suescun-preocupante-imagen-hospital\/\" class=\"body-link css-177bzfx emevuu60\" rel=\"nofollow noopener\">su problema de salud, Cristian<\/a> dejaba claro que se sent\u00eda defraudado por su hermana puesto que no se ha acercado al hospital. Ahora, 14 meses despu\u00e9s de su distanciamiento con Maite Galdeano, ha aceptado acudir al plat\u00f3 de &#8216;De Viernes&#8217; para sellar una reconciliaci\u00f3n con ella. <\/p>\n<p data-journey-content=\"true\" data-node-id=\"6\" class=\"css-6wxqfj emevuu60\">Despu\u00e9s de confesar que ambos <strong data-node-id=\"6.1\">est\u00e1n arrepentidos y pedirse perd\u00f3n,<\/strong> madre e hijo dejaban un bonito momento en el plat\u00f3 uni\u00e9ndose a un dulce abrazo. <\/p>\n<p><img draggable=\"true\" alt=\"maite galdeano cristian suescun de viernes\" title=\"cristian suescun maite galdeano de viernes\" loading=\"lazy\" width=\"2580\" height=\"1451\" decoding=\"async\" data-nimg=\"1\" style=\"color:transparent;width:100%;height:auto;\"   src=\"https:\/\/www.europesays.com\/es\/wp-content\/uploads\/2025\/09\/cristian-suescun-maite-galdeano-68d723b7e027e.jpg\" class=\"css-0 e1g79fud0\"\/><\/p>\n<p>Telecinco<\/p>\n<p data-journey-content=\"true\" data-node-id=\"9\" class=\"css-6wxqfj emevuu60\">Tanto Cristian como Maite <a href=\"https:\/\/www.diezminutos.es\/famosos-corazon\/famosos-espanoles\/a65637466\/cristian-suescun-acusa-kiko-jimenez-responde-abogados\/\" target=\"_blank\" data-vars-ga-outbound-link=\"https:\/\/www.diezminutos.es\/famosos-corazon\/famosos-espanoles\/a65637466\/cristian-suescun-acusa-kiko-jimenez-responde-abogados\/\" data-vars-ga-ux-element=\"Hyperlink\" data-vars-ga-call-to-action=\"han se\u00f1alado a Kiko Jim\u00e9nez como causante\" data-node-id=\"9.1\" class=\"body-link css-177bzfx emevuu60\" rel=\"nofollow noopener\">han se\u00f1alado a Kiko Jim\u00e9nez como causante<\/a> de la distancia con Sof\u00eda Suescun. \u00abMi hermana por decisi\u00f3n propia no van a querer distanciarme a mi de mi madre. Es todo culpa de Kiko\u00bb, dec\u00eda \u00e9l que incluso le\u00eda un mensaje que su hermana le hab\u00eda mandado se\u00f1alando que \u00abmi hermana no habla as\u00ed, son palabras de Kiko\u00bb. \u00abElla es lista porque le ha educado la Maite, pero <strong data-node-id=\"9.3\">para los hombres es muy tonta porque tiene una herida fruto de su padre<\/strong>\u00ab, explicaba su madre. <\/p>\n<p data-journey-content=\"true\" data-node-id=\"13\" class=\"css-6wxqfj emevuu60\">\u00abAhora a ver qui\u00e9n le abre los ojos a mi hermana. <strong data-node-id=\"13.1\">No solo ha roto relaci\u00f3n conmigo o mi madre: entrenadores personales, amigos&#8230;\u00bb<\/strong>, apuntaba Cristian, quien ha calificado de \u00abnarcisista\u00bb a Kiko Jim\u00e9nez. Y es que asegura que es \u00abmuy maquiav\u00e9lico\u00bb, tanto que form\u00f3 parte de un complot para separar a Maite de Sof\u00eda: \u00abYo hablaba con mi madre y quien grababa la conversaci\u00f3n era Kiko. Todo, guionizado por Kiko\u00bb. <\/p>\n<p>La entrevista de Sof\u00eda Suescun en De Viernes<\/p>\n<p data-journey-content=\"true\" data-node-id=\"16\" class=\"css-6wxqfj emevuu60\">Pero las acusaciones de Cristian han ido m\u00e1s all\u00e1. \u00c9l ha asegurado que la entrevista con la que toda la guerra familiar comenz\u00f3, tambi\u00e9n estaba dirigida por Kiko Jim\u00e9nez. \u00abLo mismo que <a href=\"https:\/\/www.diezminutos.es\/famosos-corazon\/famosos-espanoles\/a61962539\/mensaje-sofia-suescun-maite-galdeano-de-viernes\/\" target=\"_blank\" data-vars-ga-outbound-link=\"https:\/\/www.diezminutos.es\/famosos-corazon\/famosos-espanoles\/a61962539\/mensaje-sofia-suescun-maite-galdeano-de-viernes\/\" data-vars-ga-ux-element=\"Hyperlink\" data-vars-ga-call-to-action=\"su entrevista aqu\u00ed en De Viernes,\" data-node-id=\"16.1\" class=\"body-link css-177bzfx emevuu60\" rel=\"nofollow noopener\">su entrevista aqu\u00ed en De Viernes,<\/a> que estaba guionizado\u00bb, ha explicado Cristian. Una acusaci\u00f3n que \u00c1ngela Portero corroboraba: <strong data-node-id=\"16.3\">\u00abYo vi que entraban juntos en el ba\u00f1o, que fue muy raro, y Kiko le estaba diciendo qu\u00e9 decir\u00bb.<\/strong> Palabras de la colaboradora que dejaban a todos con la boca abierta. Eso s\u00ed, Cristian no quiso seguir con las acusaciones a Kiko y Sof\u00eda ya que, asegura, \u00abquiero que sea feliz. Que siga con los ojos tapados. \u00c9l d\u00eda que los abra, se caer\u00e1\u00bb. <\/p>\n<p><img src=\"https:\/\/www.europesays.com\/es\/wp-content\/uploads\/2025\/09\/1758993438_137_323095e3-d675-4360-ad79-c3a735f161a1_1681830139.file\" alt=\"Headshot of Aroa D\u00edaz\" title=\"Headshot of Aroa D\u00edaz\" width=\"100%\" height=\"100%\" decoding=\"async\" loading=\"lazy\" class=\"css-o0wq4v ev8dhu53\"\/><\/p>\n<p>Aroa D\u00edaz es experta en realities, televisi\u00f3n y actualidad en general. No hay momento del d\u00eda en el que no tenga encendida la televisi\u00f3n conociendo los \u00faltimos desvelos de los famosos, disfrutando de los realities como Supervivientes o de los concursos m\u00e1s rocambolescos. Las \u00faltimas novedades de los famosos del coraz\u00f3n son su perdici\u00f3n y la actualidad de las Casas Reales, su gran pasi\u00f3n. \u00a0\u00a0<\/p>\n<p>En sus ratos libres disfruta de las pel\u00edculas y series de moda, y bucea por los cat\u00e1logos de las plataformas de podcast buscando nuevas entrevistas y charlas de famosos.<\/p>\n<p>Adem\u00e1s, no ha parado de formarse en todos los aspectos convirti\u00e9ndose en una periodista 360: locuci\u00f3n, doblaje, grabaci\u00f3n de v\u00eddeo, periodismo m\u00f3vil, producci\u00f3n de podcast y SEO. Actualmente est\u00e1 form\u00e1ndose en el M\u00e1ster universitario de Periodismo y Comunicaci\u00f3n Digital: Datos y Nuevas Narrativas de la UOC.<\/p>\n<p>Graduada en periodismo por la Universidad Rey Juan Carlos, no ha parado de trabajar desde que obtuvo su t\u00edtulo all\u00e1 por el 2013. Despu\u00e9s de un breve impass en Palma de Mallorca, volvi\u00f3 a Legan\u00e9s donde arranc\u00f3 su experiencia con Legan\u00e9s Activo. En este tiempo he pasado por las redacciones de varios medios recayendo finalmente en Hearst Espa\u00f1a (Telenovela, Qu\u00e9 me dices y Diez Minutos). Tambi\u00e9n tiene experiencia en diferentes radios. \u00a0<\/p>\n","protected":false},"excerpt":{"rendered":"La familia Suescun vuelve a estar en el punto de mira medi\u00e1tico. Ha pasado un mes desde que&hellip;\n","protected":false},"author":2,"featured_media":142649,"comment_status":"","ping_status":"","sticky":false,"template":"","format":"standard","meta":{"footnotes":""},"categories":[91],"tags":[253,146,147,25,24,23],"class_list":{"0":"post-142648","1":"post","2":"type-post","3":"status-publish","4":"format-standard","5":"has-post-thumbnail","7":"category-entretenimiento","8":"tag-discover","9":"tag-entertainment","10":"tag-entretenimiento","11":"tag-es","12":"tag-espana","13":"tag-spain"},"share_on_mastodon":{"url":"","error":""},"_links":{"self":[{"href":"https:\/\/www.europesays.com\/es\/wp-json\/wp\/v2\/posts\/142648","targetHints":{"allow":["GET"]}}],"collection":[{"href":"https:\/\/www.europesays.com\/es\/wp-json\/wp\/v2\/posts"}],"about":[{"href":"https:\/\/www.europesays.com\/es\/wp-json\/wp\/v2\/types\/post"}],"author":[{"embeddable":true,"href":"https:\/\/www.europesays.com\/es\/wp-json\/wp\/v2\/users\/2"}],"replies":[{"embeddable":true,"href":"https:\/\/www.europesays.com\/es\/wp-json\/wp\/v2\/comments?post=142648"}],"version-history":[{"count":0,"href":"https:\/\/www.europesays.com\/es\/wp-json\/wp\/v2\/posts\/142648\/revisions"}],"wp:featuredmedia":[{"embeddable":true,"href":"https:\/\/www.europesays.com\/es\/wp-json\/wp\/v2\/media\/142649"}],"wp:attachment":[{"href":"https:\/\/www.europesays.com\/es\/wp-json\/wp\/v2\/media?parent=142648"}],"wp:term":[{"taxonomy":"category","embeddable":true,"href":"https:\/\/www.europesays.com\/es\/wp-json\/wp\/v2\/categories?post=142648"},{"taxonomy":"post_tag","embeddable":true,"href":"https:\/\/www.europesays.com\/es\/wp-json\/wp\/v2\/tags?post=142648"}],"curies":[{"name":"wp","href":"https:\/\/api.w.org\/{rel}","templated":true}]}}