{"id":142653,"date":"2025-09-27T17:20:11","date_gmt":"2025-09-27T17:20:11","guid":{"rendered":"https:\/\/www.europesays.com\/es\/142653\/"},"modified":"2025-09-27T17:20:11","modified_gmt":"2025-09-27T17:20:11","slug":"trump-autoriza-el-envio-de-tropas-y-el-uso-de-la-fuerza-total-en-portland","status":"publish","type":"post","link":"https:\/\/www.europesays.com\/es\/142653\/","title":{"rendered":"Trump autoriza el env\u00edo de tropas y el uso de la \u00abfuerza total\u00bb en Portland"},"content":{"rendered":"\n<p> El presidente estadounidense, <a href=\"https:\/\/www.elconfidencial.com\/mundo\/2025-08-21\/trump-washington-patrullar-policia-ejercito-estados-unidos_4194896\/\" target=\"_self\" rel=\"nofollow noopener\">Donald Trump<\/a>, <strong>ha dado la orden de desplegar tropas<\/strong> en <strong>Portland<\/strong> y ha autorizado el uso de la \u00ab<strong>fuerza total<\/strong>\u00bb como parte de su estrategia para <strong>restaurar el orden<\/strong> en las <strong>principales urbes del pa\u00eds<\/strong>. <\/p>\n<p> <strong>Trump<\/strong>, a trav\u00e9s de un mensaje publicado en su red social <strong>Truth Social<\/strong>, ha explicado que, a solicitud de la <strong>secretaria de Seguridad Interior<\/strong>, <strong>Kirti Noem<\/strong>, ha instruido al <strong>secretario de Guerra<\/strong>, <strong>Pete Hegseth<\/strong>, para que env\u00ede todos los <strong>efectivos militares necesarios<\/strong> con el fin de proteger Portland, ciudad que ha calificado de \u00aben guerra\u00bb. <\/p>\n<p> El mandatario ha denunciado que varias instalaciones del <strong>Servicio de Control de Inmigraci\u00f3n y Aduanas<\/strong> (<strong>ICE<\/strong>) est\u00e1n siendo \u00abasediadas\u00bb por \u00abantifas y otros terroristas dom\u00e9sticos\u00bb, motivo por el cual ha autorizado el uso de la \u00abfuerza total\u00bb si la situaci\u00f3n lo requiere. <\/p>\n<p> Si bien Trump ya hab\u00eda ordenado intervenciones en otras grandes ciudades, es la <strong>primera ocasi\u00f3n en la que menciona expl\u00edcitamente<\/strong> la posibilidad de emplear la \u00abfuerza total\u00bb. <\/p>\n<p>              <img decoding=\"async\" class=\"inTextNews__img\" alt=\"Foto: trump-elecciones-fraude-leyes-voto-1hms\" src=\"https:\/\/www.europesays.com\/es\/wp-content\/uploads\/2025\/09\/f.elconfidencial.com\/original\/d04\/e6e\/93d\/d04e6e93d381115a643f077ff6b9fe4a.jpg\"  \/>     <\/p>\n<p>TE PUEDE INTERESAR<\/p>\n<p>      <a class=\"inTextNews__title\" href=\"https:\/\/www.elconfidencial.com\/mundo\/2025-09-15\/trump-elecciones-fraude-leyes-voto-1hms_4205333\/\" onclick=\"window.ECCO.emit(&#039;amplitude&#039;, { dataEventName: &#039;click_related_article_module&#039;, data: { related_article_url: &#039;https:\/\/www.elconfidencial.com\/mundo\/2025-09-15\/trump-elecciones-fraude-leyes-voto-1hms_4205333\/&#039;, related_article_author: &#039;Argemino Barro&#039;, related_article_section: &#039;mundo&#039; } })\" rel=\"nofollow noopener\" target=\"_blank\"> El manual de Donald Trump para asegurarse las pr\u00f3ximas elecciones <\/a>   <\/p>\n<p>    Argemino Barro. Nueva York   <\/p>\n<p> El pasado viernes, el presidente alert\u00f3 sobre un clima de \u00abanarqu\u00eda\u00bb en <a href=\"https:\/\/www.elconfidencial.com\/mundo\/2020-08-30\/donald-trump-racismo-protestas-portland-elecciones-estados-unidos_2729712\/\" target=\"_self\" rel=\"nofollow noopener\">Portland<\/a>, se\u00f1alando la presencia de \u00ablocos\u00bb que intentan incendiar edificios, incluyendo sedes de organismos federales, en referencia a las <strong>protestas frente a la sede del ICE<\/strong> en el sur de la ciudad. <\/p>\n<p> Trump arremeti\u00f3 contra los \u00ab<strong>agitadores profesionales y anarquistas<\/strong>\u00ab, advirtiendo que utilizar\u00eda el \u00abl\u00e1tigo\u00bb para \u00ab<strong>restaurar el orden en estas ciudades<\/strong>\u00ab. Subray\u00f3 que, aunque se trata de un <strong>caso concreto<\/strong>, es el <strong>m\u00e1s violento<\/strong> y que los <strong>disturbios se repiten<\/strong> cada noche desde hace a\u00f1os. <\/p>\n<p>              <img decoding=\"async\" class=\"inTextNews__img\" alt=\"Foto: trump-washington-patrullar-policia-ejercito-estados-unidos\" src=\"https:\/\/www.europesays.com\/es\/wp-content\/uploads\/2025\/09\/f.elconfidencial.com\/original\/823\/867\/67e\/82386767e1d3f4d0e5eb224407d505bb.jpg\"  \/>     <\/p>\n<p>TE PUEDE INTERESAR<\/p>\n<p>      <a class=\"inTextNews__title\" href=\"https:\/\/www.elconfidencial.com\/mundo\/2025-08-21\/trump-washington-patrullar-policia-ejercito-estados-unidos_4194896\/\" onclick=\"window.ECCO.emit(&#039;amplitude&#039;, { dataEventName: &#039;click_related_article_module&#039;, data: { related_article_url: &#039;https:\/\/www.elconfidencial.com\/mundo\/2025-08-21\/trump-washington-patrullar-policia-ejercito-estados-unidos_4194896\/&#039;, related_article_author: &#039;Laura Guti\u00e9rrez&#039;, related_article_section: &#039;mundo&#039; } })\" rel=\"nofollow noopener\" target=\"_blank\"> Trump dice que saldr\u00e1 hoy a patrullar las calles de Washington con polic\u00eda y ej\u00e9rcito <\/a>   <\/p>\n<p>    EFE   <\/p>\n<p> La ciudad de Portland est\u00e1 bajo la administraci\u00f3n del <strong>alcalde dem\u00f3crata Keith Wilson<\/strong>, partido que suele ser blanco de las cr\u00edticas del presidente. Hasta el momento, Trump ha desplegado la <a href=\"https:\/\/www.elconfidencial.com\/mundo\/2025-08-22\/guardia-nacional-washington-armas_4195457\/\" target=\"_self\" rel=\"nofollow noopener\">Guardia Nacional<\/a> en ciudades como <strong>Los \u00c1ngeles<\/strong>, Washington D.C., <strong>Chicago<\/strong> y <strong>Memphis<\/strong>. <\/p>\n<p> La <a href=\"https:\/\/www.elconfidencial.com\/mundo\/2025-09-02\/trump-los-angeles-tropas-guardia-nacional-ilegal-federal_4200974\/\" target=\"_self\" rel=\"nofollow noopener\">Ley Posse Comitatus<\/a>, <strong>una normativa federal de 1878<\/strong>, impide que el presidente utilice <strong>fuerzas militares<\/strong> como <strong>cuerpos de seguridad internos<\/strong>, salvo en <strong>circunstancias muy excepcionales<\/strong>. Hasta ahora, la <strong>Guardia Nacional<\/strong>, equipada con recursos militares, ha actuado principalmente como <strong>fuerza de apoyo<\/strong> y <strong>reserva de las unidades militares regulares<\/strong>. <\/p>\n<p> El presidente estadounidense, <a href=\"https:\/\/www.elconfidencial.com\/mundo\/2025-08-21\/trump-washington-patrullar-policia-ejercito-estados-unidos_4194896\/\" target=\"_self\" rel=\"nofollow noopener\">Donald Trump<\/a>, <strong>ha dado la orden de desplegar tropas<\/strong> en <strong>Portland<\/strong> y ha autorizado el uso de la \u00ab<strong>fuerza total<\/strong>\u00bb como parte de su estrategia para <strong>restaurar el orden<\/strong> en las <strong>principales urbes del pa\u00eds<\/strong>. <\/p>\n","protected":false},"excerpt":{"rendered":"El presidente estadounidense, Donald Trump, ha dado la orden de desplegar tropas en Portland y ha autorizado el&hellip;\n","protected":false},"author":2,"featured_media":142654,"comment_status":"","ping_status":"","sticky":false,"template":"","format":"standard","meta":{"footnotes":""},"categories":[42],"tags":[17,18,13,14,11,61,62,63,64,19,20,9,10,15,16,12,21,22,65,66,67],"class_list":{"0":"post-142653","1":"post","2":"type-post","3":"status-publish","4":"format-standard","5":"has-post-thumbnail","7":"category-internacional","8":"tag-breaking-news","9":"tag-breakingnews","10":"tag-featured-news","11":"tag-featurednews","12":"tag-headlines","13":"tag-internacional","14":"tag-international","15":"tag-international-news","16":"tag-internationalnews","17":"tag-latest-news","18":"tag-latestnews","19":"tag-news","20":"tag-noticias","21":"tag-noticias-destacadas","22":"tag-noticiasdestacadas","23":"tag-titulares","24":"tag-ultimas-noticias","25":"tag-ultimasnoticias","26":"tag-world","27":"tag-world-news","28":"tag-worldnews"},"share_on_mastodon":{"url":"","error":""},"_links":{"self":[{"href":"https:\/\/www.europesays.com\/es\/wp-json\/wp\/v2\/posts\/142653","targetHints":{"allow":["GET"]}}],"collection":[{"href":"https:\/\/www.europesays.com\/es\/wp-json\/wp\/v2\/posts"}],"about":[{"href":"https:\/\/www.europesays.com\/es\/wp-json\/wp\/v2\/types\/post"}],"author":[{"embeddable":true,"href":"https:\/\/www.europesays.com\/es\/wp-json\/wp\/v2\/users\/2"}],"replies":[{"embeddable":true,"href":"https:\/\/www.europesays.com\/es\/wp-json\/wp\/v2\/comments?post=142653"}],"version-history":[{"count":0,"href":"https:\/\/www.europesays.com\/es\/wp-json\/wp\/v2\/posts\/142653\/revisions"}],"wp:featuredmedia":[{"embeddable":true,"href":"https:\/\/www.europesays.com\/es\/wp-json\/wp\/v2\/media\/142654"}],"wp:attachment":[{"href":"https:\/\/www.europesays.com\/es\/wp-json\/wp\/v2\/media?parent=142653"}],"wp:term":[{"taxonomy":"category","embeddable":true,"href":"https:\/\/www.europesays.com\/es\/wp-json\/wp\/v2\/categories?post=142653"},{"taxonomy":"post_tag","embeddable":true,"href":"https:\/\/www.europesays.com\/es\/wp-json\/wp\/v2\/tags?post=142653"}],"curies":[{"name":"wp","href":"https:\/\/api.w.org\/{rel}","templated":true}]}}