{"id":142655,"date":"2025-09-27T17:21:09","date_gmt":"2025-09-27T17:21:09","guid":{"rendered":"https:\/\/www.europesays.com\/es\/142655\/"},"modified":"2025-09-27T17:21:09","modified_gmt":"2025-09-27T17:21:09","slug":"pasarela-al-reta-abogados-arquitectos-y-otros-mutualistas-se-manifiestan-en-madrid-para-exigir-su-paso-a-la-seguridad-social-economia","status":"publish","type":"post","link":"https:\/\/www.europesays.com\/es\/142655\/","title":{"rendered":"Pasarela al RETA: Abogados, arquitectos y otros mutualistas se manifiestan en Madrid para exigir su paso a la Seguridad Social | Econom\u00eda"},"content":{"rendered":"<p class=\"\">Miles de abogados, procuradores, arquitectos, arquitectos t\u00e9cnicos y otros profesionales que han cotizado hasta ahora a sus respectivas mutualidades en lugar de a la Seguridad Social han vuelto a salir a las calles en Madrid este s\u00e1bado para exigir un sistema <a href=\"https:\/\/cincodias.elpais.com\/legal\/2025-09-25\/la-ley-de-la-pasarela-al-reta-entra-en-su-recta-final-si-no-se-consigue-una-ley-justa-iremos-a-los-tribunales-advierten-los-mutualistas.html\" target=\"_self\" rel=\"nofollow noopener\" title=\"https:\/\/cincodias.elpais.com\/legal\/2025-09-25\/la-ley-de-la-pasarela-al-reta-entra-en-su-recta-final-si-no-se-consigue-una-ley-justa-iremos-a-los-tribunales-advierten-los-mutualistas.html\">\u2014que denominan pasarela\u2014 <\/a>que les permita poder cobrar una pensi\u00f3n p\u00fablica, en lugar de las prestaciones de la mutualidad. En lo que los manifestantes han denominado una marea negra, ya que muchos de ellos vest\u00edan sus togas, han exigido por el centro de la capital y <a href=\"https:\/\/elpais.com\/economia\/2024-11-11\/el-paso-de-los-abogados-mutualistas-a-la-seguridad-social-se-atasca-en-el-congreso.html\" target=\"_self\" rel=\"nofollow noopener\" title=\"https:\/\/elpais.com\/economia\/2024-11-11\/el-paso-de-los-abogados-mutualistas-a-la-seguridad-social-se-atasca-en-el-congreso.html\">ante las puertas del Congreso de los Diputados,<\/a> donde se tramita una proposici\u00f3n de ley para dar soluci\u00f3n a su problem\u00e1tica, \u201cpensiones dignas ya\u201d. <\/p>\n<p class=\"\">La necesidad de organizarse y reclamar esta pasarela surgi\u00f3 entre estos profesionales hace unos tres a\u00f1os cuando muchos de ellos se encontraron con que, tras m\u00e1s de 30 o 40 a\u00f1os de cotizaci\u00f3n a estas entidades, <a href=\"https:\/\/elpais.com\/economia\/2024-11-02\/los-abogados-mutualistas-calculan-que-deberian-pagar-33000-euros-para-que-les-reconozcan-15-anos-de-cotizacion-minima.html\" target=\"_self\" rel=\"nofollow noopener\" title=\"https:\/\/elpais.com\/economia\/2024-11-02\/los-abogados-mutualistas-calculan-que-deberian-pagar-33000-euros-para-que-les-reconozcan-15-anos-de-cotizacion-minima.html\">las prestaciones que iban a cobrar eran mucho m\u00e1s bajas<\/a> que las pensiones m\u00ednimas que cobran los aut\u00f3nomos del sistema p\u00fablico, ya que, por lo general sus aportaciones tambi\u00e9n han sido menores.<\/p>\n<p class=\"\">Dos abogadas de 63 a\u00f1os, llegadas desde Sevilla a la manifestaci\u00f3n, cuentan que tienen 40 a\u00f1os cotizados a la mutualidad de la abogac\u00eda porque cuando se colegiaron era obligatorio y despu\u00e9s \u201cnadie nos inform\u00f3 de los cambios que se produc\u00edan en el sistema ni en nuestras aportaciones\u201d, explican; y, ahora, les han calculado que su pensi\u00f3n oscilar\u00e1 entre los 168 y 200 euros al mes. <\/p>\n<p class=\"\">La problem\u00e1tica afecta a m\u00e1s de 100.000 de estos trabajadores de toda Espa\u00f1a (m\u00e1s de 70.000 abogados y procuradores y unos 35.000 arquitectos y arquitectos t\u00e9cnicos fundamentalmente) que cotizaron de forma obligatoria a las mutualidades de previsi\u00f3n social de sus respectivos colegios profesionales hasta 1996. Desde entonces, deb\u00edan escoger seguir en la mutualidad o pasar a la Seguridad Social, pero no pod\u00edan rescatar sus aportaciones a las mutualidades hasta su jubilaci\u00f3n, por lo que muchos decidieron no pasar al sistema p\u00fablico. <\/p>\n<p class=\"\">Por ello, hace ya unos tres a\u00f1os que se organizaron en distintas asociaciones para reclamar al Gobierno la citada pasarela con la que llevar sus cotizaciones al <a href=\"https:\/\/cincodias.elpais.com\/legal\/2025-09-23\/reves-judicial-para-los-mutualistas-el-supremo-impide-a-un-ingeniero-optar-por-la-mutualidad-alternativa-al-reta.html\" target=\"_self\" rel=\"nofollow noopener\" title=\"https:\/\/cincodias.elpais.com\/legal\/2025-09-23\/reves-judicial-para-los-mutualistas-el-supremo-impide-a-un-ingeniero-optar-por-la-mutualidad-alternativa-al-reta.html\">r\u00e9gimen de aut\u00f3nomos de la Seguridad Social (RETA)<\/a>. Tras presionar desde distintos frentes para que se llevara a cabo esta regulaci\u00f3n, consiguieron que sus reivindicaciones entraran en el Congreso de los Diputados, primero a trav\u00e9s de enmiendas a la ley de Eficiencia de la justicia, donde no prosperaron; y desde hace cuatro meses, mediante una proposici\u00f3n de ley del Partido Socialista. <\/p>\n<p class=\"\">Este proyecto normativo acaba de reactivarse con la finalizaci\u00f3n del plazo de presentaci\u00f3n de enmiendas parciales este pasado jueves, 25 de septiembre. Ahora, los diputados deber\u00e1n negociar qu\u00e9 cambios incluyen el el proyecto de ley, primero en ponencia y luego en comisi\u00f3n. Posteriormente el texto que se consens\u00fae ir\u00e1 al Pleno del Congreso, que a su vez lo enviar\u00e1 al Senado, para despu\u00e9s volver a la c\u00e1mara baja y entrar finalmente en vigor.<\/p>\n<p class=\"\">Precisamente, los organizadores de estas protestas (la Plataforma de Afectados por las Mutualidades que integra a #J2 Altermutua, #J2 provinciales, ALA, Marea Negra y el Sindicato Venia; el Movimiento #J2 Abogac\u00eda y Procura, la Asociaci\u00f3n ANAMA y la Asociaci\u00f3n ANMARQ) pretenden ejercer presi\u00f3n en las calles para influir en el dise\u00f1o final del proyecto de ley que se tramita en el Congreso. <\/p>\n<p class=\"\">No obstante, aunque han logrado aunar fuerzas en la protesta de este domingo, no han podido consensuar una plataforma conjunta de reivindicaciones.<\/p>\n<p class=\"\">De hecho, la Plataforma de Afectados por las Mutualidades y el movimiento #J2 defienden como clave de esta pasarela que, por cada a\u00f1o cotizado en la mutualidad, se considere cotizado al RETA, tanto en el n\u00famero de a\u00f1os como en sus bases de cotizaci\u00f3n. De ah\u00ed su lema 1&#215;1 para todos. Esta reclamaci\u00f3n solo es apoyada por los grupos minoritarios del Congreso, ya que el PSOE defiende que solo puedan acceder a la pasarela quienes hayan cotizado al menos 15 a\u00f1os a la mutualidad, fueran mutualistas a 1 de enero de 2013 y estuvieran en activo a 31 de diciembre de 2022. Pero sobre todo, los socialistas quieren aplicar unos coeficientes que ajusten la cotizaci\u00f3n de cada a\u00f1o a las contingencias exclusivas que sirven para generar los derechos de jubilaci\u00f3n. Mientras, desde el PP abogan porque esta f\u00f3rmula para determinar el traspaso de cotizaciones se estudie en una subcomisi\u00f3n dependiente de la Comisi\u00f3n del Pacto de Toledo.<\/p>\n<p class=\"\">Adem\u00e1s de esta f\u00f3rmula, que podr\u00eda salir adelante seg\u00fan lo que pacten PSOE y PP, las fuentes consultadas indican que hay otras cuestiones en liza relacionadas con los criterios de exclusi\u00f3n de mutualistas que plantea la proposici\u00f3n de ley socialista. Por ejemplo, el citado requisito de que solo puedan acogerse a la pasarela quienes estuvieran cotizando a una mutualidad antes enero de 2013; la eliminaci\u00f3n del sistema de alternancia desde 2027 (que obligar\u00eda a que a partir de ese a\u00f1o todos estos profesionales cotizaran forzosamente a la Seguridad Social) o poder extender la pasarela a los profesionales pasivos, que ya no ejercen (alrededor de 3.000 personas).<\/p>\n<p class=\"\">En cualquier caso, la abogada de la ANAMA, Raquel Rico, ha explicado que es necesario que la proposici\u00f3n de ley que se tramita ahora en la c\u00e1mara baja salga adelante, para que, al menos, todos los que no puedan beneficiarse de ella o no est\u00e9n de acuerdo con las pensiones que vayan a recibir puedan acudir a reclamar sus pensiones a los tribunales.<\/p>\n","protected":false},"excerpt":{"rendered":"Miles de abogados, procuradores, arquitectos, arquitectos t\u00e9cnicos y otros profesionales que han cotizado hasta ahora a sus respectivas&hellip;\n","protected":false},"author":2,"featured_media":142656,"comment_status":"","ping_status":"","sticky":false,"template":"","format":"standard","meta":{"footnotes":""},"categories":[8],"tags":[12242,3739,44222,17,18,95,25,24,13,14,11,8881,19,20,205,44220,44221,9,10,15,16,12865,11755,23,12,21,22],"class_list":{"0":"post-142655","1":"post","2":"type-post","3":"status-publish","4":"format-standard","5":"has-post-thumbnail","7":"category-espana","8":"tag-abogados","9":"tag-arquitectos","10":"tag-arquitectos-tecnicos","11":"tag-breaking-news","12":"tag-breakingnews","13":"tag-economia","14":"tag-es","15":"tag-espana","16":"tag-featured-news","17":"tag-featurednews","18":"tag-headlines","19":"tag-jubilacion","20":"tag-latest-news","21":"tag-latestnews","22":"tag-madrid","23":"tag-mutualidad-de-la-abogacia","24":"tag-mutualidades","25":"tag-news","26":"tag-noticias","27":"tag-noticias-destacadas","28":"tag-noticiasdestacadas","29":"tag-pensiones","30":"tag-seguridad-social","31":"tag-spain","32":"tag-titulares","33":"tag-ultimas-noticias","34":"tag-ultimasnoticias"},"share_on_mastodon":{"url":"","error":""},"_links":{"self":[{"href":"https:\/\/www.europesays.com\/es\/wp-json\/wp\/v2\/posts\/142655","targetHints":{"allow":["GET"]}}],"collection":[{"href":"https:\/\/www.europesays.com\/es\/wp-json\/wp\/v2\/posts"}],"about":[{"href":"https:\/\/www.europesays.com\/es\/wp-json\/wp\/v2\/types\/post"}],"author":[{"embeddable":true,"href":"https:\/\/www.europesays.com\/es\/wp-json\/wp\/v2\/users\/2"}],"replies":[{"embeddable":true,"href":"https:\/\/www.europesays.com\/es\/wp-json\/wp\/v2\/comments?post=142655"}],"version-history":[{"count":0,"href":"https:\/\/www.europesays.com\/es\/wp-json\/wp\/v2\/posts\/142655\/revisions"}],"wp:featuredmedia":[{"embeddable":true,"href":"https:\/\/www.europesays.com\/es\/wp-json\/wp\/v2\/media\/142656"}],"wp:attachment":[{"href":"https:\/\/www.europesays.com\/es\/wp-json\/wp\/v2\/media?parent=142655"}],"wp:term":[{"taxonomy":"category","embeddable":true,"href":"https:\/\/www.europesays.com\/es\/wp-json\/wp\/v2\/categories?post=142655"},{"taxonomy":"post_tag","embeddable":true,"href":"https:\/\/www.europesays.com\/es\/wp-json\/wp\/v2\/tags?post=142655"}],"curies":[{"name":"wp","href":"https:\/\/api.w.org\/{rel}","templated":true}]}}