{"id":142657,"date":"2025-09-27T17:22:23","date_gmt":"2025-09-27T17:22:23","guid":{"rendered":"https:\/\/www.europesays.com\/es\/142657\/"},"modified":"2025-09-27T17:22:23","modified_gmt":"2025-09-27T17:22:23","slug":"petro-responde-a-eeuu-por-la-retirada-de-su-visado","status":"publish","type":"post","link":"https:\/\/www.europesays.com\/es\/142657\/","title":{"rendered":"Petro responde a EEUU por la retirada de su visado"},"content":{"rendered":"<p>Bogot\u00e1 (EFE).- El presidente colombiano, Gustavo Petro, respondi\u00f3 este s\u00e1bado a Estados Unidos que <a href=\"https:\/\/efe.com\/mundo\/2025-09-27\/eeuu-colombia-gustavo-petro-revoca-visa\/\" target=\"_blank\" rel=\"noreferrer noopener nofollow\">la revocatoria de su visado<\/a>, anunciada el viernes por el Departamento de Estado, viola el derecho internacional y las normas de inmunidad diplom\u00e1tica y por eso considera que la sede de la ONU no puede seguir en Nueva York.<\/p>\n<p>\u00abLo que hace el gobierno de EEUU conmigo, rompe todas las normas de inmunidad en que se basa el funcionamiento de las Naciones Unidas y su Asamblea General. Hay total inmunidad para los presidentes que asisten a la Asamblea y el gobierno de EEUU no puede condicionar la opini\u00f3n de los EEUU (sic)\u00bb, escribi\u00f3 Petro en su cuenta de X.<\/p>\n<p>El mandatario volvi\u00f3 hoy al pa\u00eds procedente de Nueva York donde esta semana intervino en el debate del octog\u00e9simo periodo de sesiones de la Asamblea General de la ONU y afirm\u00f3: \u00abLlegu\u00e9 a Bogot\u00e1 y me encuentro que ya no tengo visa a EEUU\u00bb. <\/p>\n","protected":false},"excerpt":{"rendered":"Bogot\u00e1 (EFE).- El presidente colombiano, Gustavo Petro, respondi\u00f3 este s\u00e1bado a Estados Unidos que la revocatoria de su&hellip;\n","protected":false},"author":2,"featured_media":142658,"comment_status":"","ping_status":"","sticky":false,"template":"","format":"standard","meta":{"footnotes":""},"categories":[5],"tags":[17,18,115,25,24,13,14,11,19,20,9,10,15,16,23,12,936,21,22],"class_list":{"0":"post-142657","1":"post","2":"type-post","3":"status-publish","4":"format-standard","5":"has-post-thumbnail","7":"category-titulares","8":"tag-breaking-news","9":"tag-breakingnews","10":"tag-eeuu","11":"tag-es","12":"tag-espana","13":"tag-featured-news","14":"tag-featurednews","15":"tag-headlines","16":"tag-latest-news","17":"tag-latestnews","18":"tag-news","19":"tag-noticias","20":"tag-noticias-destacadas","21":"tag-noticiasdestacadas","22":"tag-spain","23":"tag-titulares","24":"tag-trump","25":"tag-ultimas-noticias","26":"tag-ultimasnoticias"},"share_on_mastodon":{"url":"","error":""},"_links":{"self":[{"href":"https:\/\/www.europesays.com\/es\/wp-json\/wp\/v2\/posts\/142657","targetHints":{"allow":["GET"]}}],"collection":[{"href":"https:\/\/www.europesays.com\/es\/wp-json\/wp\/v2\/posts"}],"about":[{"href":"https:\/\/www.europesays.com\/es\/wp-json\/wp\/v2\/types\/post"}],"author":[{"embeddable":true,"href":"https:\/\/www.europesays.com\/es\/wp-json\/wp\/v2\/users\/2"}],"replies":[{"embeddable":true,"href":"https:\/\/www.europesays.com\/es\/wp-json\/wp\/v2\/comments?post=142657"}],"version-history":[{"count":0,"href":"https:\/\/www.europesays.com\/es\/wp-json\/wp\/v2\/posts\/142657\/revisions"}],"wp:featuredmedia":[{"embeddable":true,"href":"https:\/\/www.europesays.com\/es\/wp-json\/wp\/v2\/media\/142658"}],"wp:attachment":[{"href":"https:\/\/www.europesays.com\/es\/wp-json\/wp\/v2\/media?parent=142657"}],"wp:term":[{"taxonomy":"category","embeddable":true,"href":"https:\/\/www.europesays.com\/es\/wp-json\/wp\/v2\/categories?post=142657"},{"taxonomy":"post_tag","embeddable":true,"href":"https:\/\/www.europesays.com\/es\/wp-json\/wp\/v2\/tags?post=142657"}],"curies":[{"name":"wp","href":"https:\/\/api.w.org\/{rel}","templated":true}]}}