{"id":142662,"date":"2025-09-27T17:28:08","date_gmt":"2025-09-27T17:28:08","guid":{"rendered":"https:\/\/www.europesays.com\/es\/142662\/"},"modified":"2025-09-27T17:28:08","modified_gmt":"2025-09-27T17:28:08","slug":"el-giro-de-emilia-excluye-al-israel-premier-tech","status":"publish","type":"post","link":"https:\/\/www.europesays.com\/es\/142662\/","title":{"rendered":"El Giro de Emilia excluye al Israel Premier Tech"},"content":{"rendered":"<p class=\"ft-text ft-helper-closenews\">El <strong>Giro de Emilia<\/strong>, la segunda cl\u00e1sica en importancia despu\u00e9s de Il Lombard\u00eda que se disputa en Italia como cierre de la temporada ciclista, ha decidido excluir al conjunto <strong>Israel-Premier Tech<\/strong>, con derecho a participar en la carrera, por \u201crazones de seguridad\u201d. Varias organizaciones a favor de Palestina en la ciudad de Bolonia, donde acaba la prueba, hab\u00edan amenazado con cortar la carrera y, a la vez, el ayuntamiento de la localidad hab\u00eda declarado que no los quer\u00edan en carrera debido al genocidio de Gaza y por ser un equipo cuya direcci\u00f3n est\u00e1 pr\u00f3xima al Gobierno de Tel Aviv.<\/p>\n<p>Petici\u00f3n inicial a la UCI<\/p>\n<p class=\"ft-text\">La organizaci\u00f3n, antes de tomar la decisi\u00f3n, hab\u00eda solicitado a la <strong>Uni\u00f3n Ciclista Internacional<\/strong> (UCI), con los directivos desplazados Ruanda, con motivo del Mundial, que tomase una. En la Vuelta, cuyas protestas motivaron, sobre todo, la cancelaci\u00f3n de la \u00faltima etapa, en Madrid, la UCI defendi\u00f3 la participaci\u00f3n del conjunto israel\u00ed en la ronda espa\u00f1ola.<\/p>\n<p class=\"ft-text\">Sin esperar a una respuesta de la federaci\u00f3n internacional, los responsables del <strong>Giro de Emilia<\/strong> le retiraron este s\u00e1bado la invitaci\u00f3n, para evitar incidentes y despu\u00e9s de meditar, incluso, la cancelaci\u00f3n de la prueba que se disputa el pr\u00f3ximo s\u00e1bado. <strong>Tadej Pogacar<\/strong> fue el ganador en 2024, en una cl\u00e1sica de un d\u00eda que <strong>Primoz Roglic<\/strong> se adjudic\u00f3 en 2023 y <strong>Enric Mas<\/strong>, en 2022.<\/p>\n<p data-close=\"closedContent\" class=\"subscribeHideForDisplay\">Suscr\u00edbete para seguir leyendo<\/p>\n","protected":false},"excerpt":{"rendered":"El Giro de Emilia, la segunda cl\u00e1sica en importancia despu\u00e9s de Il Lombard\u00eda que se disputa en Italia&hellip;\n","protected":false},"author":2,"featured_media":142663,"comment_status":"","ping_status":"","sticky":false,"template":"","format":"standard","meta":{"footnotes":""},"categories":[273],"tags":[313,312,168,9135,25,24,44223,7957,74,28210,628,17656,23,167,17765],"class_list":{"0":"post-142662","1":"post","2":"type-post","3":"status-publish","4":"format-standard","5":"has-post-thumbnail","7":"category-ciclismo","8":"tag-ciclismo","9":"tag-cycling","10":"tag-deportes","11":"tag-emilia","12":"tag-es","13":"tag-espana","14":"tag-excluye","15":"tag-giro","16":"tag-israel","17":"tag-israel-premier-tech","18":"tag-italia","19":"tag-premier","20":"tag-spain","21":"tag-sports","22":"tag-tech"},"share_on_mastodon":{"url":"","error":""},"_links":{"self":[{"href":"https:\/\/www.europesays.com\/es\/wp-json\/wp\/v2\/posts\/142662","targetHints":{"allow":["GET"]}}],"collection":[{"href":"https:\/\/www.europesays.com\/es\/wp-json\/wp\/v2\/posts"}],"about":[{"href":"https:\/\/www.europesays.com\/es\/wp-json\/wp\/v2\/types\/post"}],"author":[{"embeddable":true,"href":"https:\/\/www.europesays.com\/es\/wp-json\/wp\/v2\/users\/2"}],"replies":[{"embeddable":true,"href":"https:\/\/www.europesays.com\/es\/wp-json\/wp\/v2\/comments?post=142662"}],"version-history":[{"count":0,"href":"https:\/\/www.europesays.com\/es\/wp-json\/wp\/v2\/posts\/142662\/revisions"}],"wp:featuredmedia":[{"embeddable":true,"href":"https:\/\/www.europesays.com\/es\/wp-json\/wp\/v2\/media\/142663"}],"wp:attachment":[{"href":"https:\/\/www.europesays.com\/es\/wp-json\/wp\/v2\/media?parent=142662"}],"wp:term":[{"taxonomy":"category","embeddable":true,"href":"https:\/\/www.europesays.com\/es\/wp-json\/wp\/v2\/categories?post=142662"},{"taxonomy":"post_tag","embeddable":true,"href":"https:\/\/www.europesays.com\/es\/wp-json\/wp\/v2\/tags?post=142662"}],"curies":[{"name":"wp","href":"https:\/\/api.w.org\/{rel}","templated":true}]}}