{"id":142670,"date":"2025-09-27T17:33:12","date_gmt":"2025-09-27T17:33:12","guid":{"rendered":"https:\/\/www.europesays.com\/es\/142670\/"},"modified":"2025-09-27T17:33:12","modified_gmt":"2025-09-27T17:33:12","slug":"la-junta-de-andalucia-reivindica-al-escultor-jose-de-mora-con-una-gran-exposicion-en-la-catedral-de-granada","status":"publish","type":"post","link":"https:\/\/www.europesays.com\/es\/142670\/","title":{"rendered":"La Junta de Andaluc\u00eda reivindica al escultor Jos\u00e9 de Mora con una gran exposici\u00f3n en la Catedral de Granada"},"content":{"rendered":"<p style=\"\">La consejera de Cultura y Deporte, <strong>Patricia del Pozo<\/strong>, ha inaugurado este viernes, acompa\u00f1ada por el arzobispo <strong>Jos\u00e9 Mar\u00eda Gil Tamayo<\/strong>, la exposici\u00f3n <strong>&#8216;Jos\u00e9 de Mora. El barroco espiritual&#8217;<\/strong>, que re\u00fane un total de 54 obras del escultor y sus contempor\u00e1neos  &#8230; en la Catedral de Granada hasta el pr\u00f3ximo 1 de febrero. \u00abAndaluc\u00eda salda as\u00ed la deuda contra\u00edda con un artista que llev\u00f3 a la escultura sacra a sus m\u00e1s altas cotas y que permite reivindicar la alta calidad de la escuela barroca granadina\u00bb, ha se\u00f1alado la consejera.<\/p>\n<p class=\"voc-p\" style=\"\">Enmarcada en las celebraciones del quinto centenario de la construcci\u00f3n de la Catedral de Granada y de los 300 a\u00f1os del fallecimiento del escultor, la muestra revisa, en palabras de la consejera de Cultura y Deporte, \u00abuna amplia selecci\u00f3n de la producci\u00f3n de Jos\u00e9 de Mora, escogida como resultado de una profunda revisi\u00f3n cr\u00edtica de su legado, junto a algunos de los artistas m\u00e1s relevantes de su \u00e9poca, como Alonso Cano y Pedro de Mena\u00bb.<\/p>\n<p class=\"voc-p\" style=\"\">Del Pozo ha resaltado que la muestra organizada conjuntamente por el Arzobispado de Granada y la Junta de Andaluc\u00eda \u00abpermite la contemplaci\u00f3n conjunta de estas obras por vez primera, algo que no ocurri\u00f3 ni siquiera en los m\u00e1s de 30 a\u00f1os que el bastetano tuvo abierto su taller en la ciudad\u00bb. Para hacerlo posible, se ha contado con la colaboraci\u00f3n de una veintena de prestatarios, entre los que se encuentran templos, hermandades, parroquias, colecciones y museos de Granada, C\u00f3rdoba, M\u00e1laga y Sevilla.<\/p>\n<p class=\"voc-p\" style=\"\">La consejera ha resaltado que este proyecto ha propiciado la restauraci\u00f3n de 15 obras capitales, llevada a cabo por hasta doce equipos de especialistas, bajo la supervisi\u00f3n de la Consejer\u00eda de Cultura y la oficina t\u00e9cnica de Patrimonio de la Archidi\u00f3cesis. \u00abCumplimos as\u00ed con la triple labor sobre la que asientan los programas expositivos de excelencia: realizar una revisi\u00f3n cr\u00edtica de nuestro legado hist\u00f3rico-art\u00edstico; garantizar la salvaguarda del patrimonio y darlo a conocer a la sociedad\u00bb, ha se\u00f1alado Del Pozo.<\/p>\n<p class=\"voc-p\" style=\"\">Del Pozo ha enmarcado esta gran exposici\u00f3n dedicada a Jos\u00e9 de Mora (1642-1724) en la apuesta del Gobierno de <strong>Juanma Moreno<\/strong> por el estudio y la conservaci\u00f3n del patrimonio cultural de car\u00e1cter religioso en Andaluc\u00eda, al que se habr\u00e1n destinado en torno a 16 millones de euros entre 2019 y 2026. En este punto, ha recordado que actualmente se est\u00e1n valorando los proyectos presentados a la \u00faltima convocatoria de ayudas a la restauraci\u00f3n de bienes, por importe de 2,2 millones de euros.<\/p>\n<p class=\"voc-p\" style=\"\">Por su parte, el arzobispo Gil Tamayo ha asegurado que con esta exposici\u00f3n \u00abno solo ponemos en valor un<strong> patrimonio hist\u00f3rico de gran valor<\/strong>, sino que tambi\u00e9n reavivamos una memoria espiritual que pertenece a la Iglesia y al pueblo de Granada. La contemplaci\u00f3n de estas obras nos invita a reconocer que el arte sacro, cuando brota de la fe, es capaz de abrir caminos hacia el Misterio de Dios y de suscitar esperanza en quienes lo contemplan\u00bb.<\/p>\n<p class=\"voc-p\" style=\"\">Asimismo, el arzobispo ha expresado su agradecimiento \u00aba la Consejer\u00eda de Cultura de la Junta de Andaluc\u00eda, a su consejera, por esta iniciativa, al comisario y organizadores de la muestra, y a las comunidades cristianas que han custodiado con amor estas obras durante generaciones. Gracias a todos ellos podemos hoy ofrecer este <strong>testimonio de arte y fe<\/strong> en el marco incomparable de la Catedral y en el de las efem\u00e9rides de su V Centenario\u00bb.<\/p>\n<p>\nLas claves de la exposici\u00f3n\n<\/p>\n<p class=\"voc-p\" style=\"\">Entre las 54 obras que van a poder verse de manera conjunta en esta exposici\u00f3n ubicada en la girola de la Catedral de Granada hay m\u00e1s de 30 de Jos\u00e9 de Mora. Destacan, entre ellas, el Cristo de la Misericordia, de la iglesia parroquial de San Jos\u00e9, recientemente restaurado por el<strong> Instituto Andaluz de Patrimonio Hist\u00f3rico (IAPH)<\/strong>, y el Cristo de la Sentencia, de la iglesia de San Pedro y San Pablo, una de las grandes tallas devocionales de la Semana Santa granadina.<\/p>\n<p class=\"voc-p\" style=\"\">Tambi\u00e9n, algunas de las esculturas monumentales del Sagrario de la Cartuja de Granada, incluyendo el popular San Brunillo, los santos franciscanos de San Pedro Ap\u00f3stol de Priego de C\u00f3rdoba o las esculturas de la Capilla Salazar de la Mezquita-Catedral de C\u00f3rdoba.<\/p>\n<p class=\"voc-p\" style=\"\">De Jos\u00e9 de Mora tambi\u00e9n pueden verse los bustos de la Dolorosa y Ecce Homo, del Museo de Bellas Artes de Granada; San Pantale\u00f3n, de la iglesia de Santa Ana; San Jos\u00e9 con el Ni\u00f1o, de la parroquia de Santa Mar\u00eda Magdalena; San Francisco de Borja, de la iglesia parroquial de los Santos Justo y Pastor; las Inmaculadas de San Justo y Pastor, de la catedral de Guadix y de Priego de C\u00f3rdoba; la Virgen de la Soledad, de la parroquia de San Gil y Santa Ana; la Virgen de los Dolores de Osuna; el San Antonio de Padua, de la bas\u00edlica de San Juan de Dios.<\/p>\n<p class=\"voc-p\" style=\"\">Tambi\u00e9n hay un busto de una Dolorosa de la Puebla de Don Fadrique; Jes\u00fas Ca\u00eddo de \u00dabeda; el Cristo de los Agonizantes, del convento de San Ant\u00f3n; dos bustos de las monjas de Santa Catalina, de Zafra, y otro de las agustinas del Corpus Christi, as\u00ed como San Juan Capistrano de la Capilla Real de Granada. La muestra se completa con la exhibici\u00f3n de una veintena de obras firmadas por Alonso Cano, Pedro de Mena, Jos\u00e9 Risue\u00f1o, Diego de Mora, Juan Puche y Bernardo de Mora el Joven, y Agust\u00edn Vera Moreno.<\/p>\n<p><img decoding=\"async\" loading=\"lazy\" src=\"https:\/\/www.europesays.com\/es\/wp-content\/uploads\/2025\/09\/andalucia-foto-apoyo-U40376438763RlX-760x427@diario_abc.jpg\" class=\"voc-img\" width=\"760\" height=\"427\" alt=\"\" data-voc-vtm-id=\"in-text-traffic\"\/><\/p>\n<p>El barroco m\u00e1s espiritual<\/p>\n<p class=\"voc-p\">Considerado uno de los escultores m\u00e1s relevantes de la Monarqu\u00eda Hisp\u00e1nica, Jos\u00e9 de Mora (Baza, 1642-Granada,1724) fue nombrado escultor del rey Carlos II. Muy vinculado a la capital nazar\u00ed, su legado art\u00edstico comprende un amplio conjunto de obras que se encuentran distribuidas en numerosas iglesias y museos de Granada capital y de su provincia, as\u00ed como en diversos templos de Andaluc\u00eda, Espa\u00f1a e, incluso, en museos de pa\u00edses como Reino Unido. La exposici\u00f3n se articula en seis \u00e1mbitos tem\u00e1ticos, que permiten recorrer la espiritualidad barroca desde distintas perspectivas: la versatilidad del artista, la visi\u00f3n interior, el misterio de la Inmaculada, la pasi\u00f3n de Cristo, la devoci\u00f3n \u00edntima y el teatro sacro. La muestra tuvo un precedente de peque\u00f1o formato en la organizada entre septiembre de 2024 y febrero de 2025, centrada en la obra de otro maestro del barroco granadino: el escultor Torcuato Ruiz del Peral. Organizada por la Consejer\u00eda de Cultura en el Museo de Bellas Artes de Granada, convoc\u00f3 a m\u00e1s de 83.000 visitantes, cifra que podr\u00eda superarse en la muestra centrada en la obra de Jos\u00e9 de Mora.<\/p>\n","protected":false},"excerpt":{"rendered":"La consejera de Cultura y Deporte, Patricia del Pozo, ha inaugurado este viernes, acompa\u00f1ada por el arzobispo Jos\u00e9&hellip;\n","protected":false},"author":2,"featured_media":142671,"comment_status":"","ping_status":"","sticky":false,"template":"","format":"standard","meta":{"footnotes":""},"categories":[173],"tags":[259,229,233,231,230,26907,21863,232,234,146,147,25,14397,24,2003,3956,494,2467,2024,12944,9137,23],"class_list":{"0":"post-142670","1":"post","2":"type-post","3":"status-publish","4":"format-standard","5":"has-post-thumbnail","7":"category-arte-y-diseno","8":"tag-andalucia","9":"tag-arte","10":"tag-arte-y-diseno","11":"tag-arts","12":"tag-arts-and-design","13":"tag-barroco","14":"tag-catedral","15":"tag-design","16":"tag-diseno","17":"tag-entertainment","18":"tag-entretenimiento","19":"tag-es","20":"tag-escultor","21":"tag-espana","22":"tag-exposicion","23":"tag-gran","24":"tag-granada","25":"tag-jose","26":"tag-junta","27":"tag-mora","28":"tag-reivindica","29":"tag-spain"},"share_on_mastodon":{"url":"","error":""},"_links":{"self":[{"href":"https:\/\/www.europesays.com\/es\/wp-json\/wp\/v2\/posts\/142670","targetHints":{"allow":["GET"]}}],"collection":[{"href":"https:\/\/www.europesays.com\/es\/wp-json\/wp\/v2\/posts"}],"about":[{"href":"https:\/\/www.europesays.com\/es\/wp-json\/wp\/v2\/types\/post"}],"author":[{"embeddable":true,"href":"https:\/\/www.europesays.com\/es\/wp-json\/wp\/v2\/users\/2"}],"replies":[{"embeddable":true,"href":"https:\/\/www.europesays.com\/es\/wp-json\/wp\/v2\/comments?post=142670"}],"version-history":[{"count":0,"href":"https:\/\/www.europesays.com\/es\/wp-json\/wp\/v2\/posts\/142670\/revisions"}],"wp:featuredmedia":[{"embeddable":true,"href":"https:\/\/www.europesays.com\/es\/wp-json\/wp\/v2\/media\/142671"}],"wp:attachment":[{"href":"https:\/\/www.europesays.com\/es\/wp-json\/wp\/v2\/media?parent=142670"}],"wp:term":[{"taxonomy":"category","embeddable":true,"href":"https:\/\/www.europesays.com\/es\/wp-json\/wp\/v2\/categories?post=142670"},{"taxonomy":"post_tag","embeddable":true,"href":"https:\/\/www.europesays.com\/es\/wp-json\/wp\/v2\/tags?post=142670"}],"curies":[{"name":"wp","href":"https:\/\/api.w.org\/{rel}","templated":true}]}}