{"id":142678,"date":"2025-09-27T17:37:09","date_gmt":"2025-09-27T17:37:09","guid":{"rendered":"https:\/\/www.europesays.com\/es\/142678\/"},"modified":"2025-09-27T17:37:09","modified_gmt":"2025-09-27T17:37:09","slug":"el-director-del-ultimo-predator-avisa-a-los-espectadores-en-la-comic-con-malaga-os-sangraran-los-oidos","status":"publish","type":"post","link":"https:\/\/www.europesays.com\/es\/142678\/","title":{"rendered":"El director del \u00faltimo &#8216;Predator&#8217; avisa a los espectadores en la Comic-Con M\u00e1laga: \u00abOs sangrar\u00e1n los o\u00eddos\u00bb"},"content":{"rendered":"<p>Entre las exclusivas de <a href=\"https:\/\/www.diariosur.es\/culturas\/comic-con\/\" data-voc-vtm-id=\"in-text-traffic\" title=\"San Diego Comic-Con M\u00e1laga\" data-mrf-link=\"www.diariosur.es\" rel=\"nofollow noopener\" target=\"_blank\">San Diego Comic-Con M\u00e1laga<\/a> este s\u00e1bado tocaba una cinta con una de las grades sagas del cine fant\u00e1stico, &#8216;Predator&#8217;, que  &#8230; ha rejuvenecido desde que Disney se hizo cargo de la franquicia. La \u00faltima entrega, &#8216;Badlands&#8217;, ha tra\u00eddo a la convenci\u00f3n a la coprotagonista, Elle Fanning, y al director, Dan Trachtenberg, que han estrenado en primicia en el gran auditorio Hall M los primeros 20 minutos de la pel\u00edcula. El realizador ha avisado al p\u00fablico: \u00abOs sangrar\u00e1n los o\u00eddos\u00bb. Y por los aplausos y ovaciones del personal, la pel\u00edcula no ha defraudado.<\/p>\n<p class=\"v-p\">Como ha avanzado el propio Trachtenberg, \u00abla principal diferencia es que esta vez el depredador es el protagonista, el monstruo es el personaje principal y la v\u00edctima en lugar del villano\u00bb. As\u00ed, &#8216;Predator: Badlands&#8217; se centra en la historia de un joven depredador, marginado por su clan, del cual huye encontrado un aliado inesperado, una androide que solo conserva la mitad superior de su cuerpo, y con la que se embarca en un peligroso viaje en busca del peor adversario. <\/p>\n<p><a class=\"v-a-link\" href=\"https:\/\/www.diariosur.es\/culturas\/comic-con\/san-diego-comiccon-malaga-mejores-imagenes-tercera-20250927120959-ga.html\" data-voc-vtm-id=\"in-text-traffic\" title=\"\" aria-label=\"Imagen\" rel=\"nofollow noopener\" target=\"_blank\"><br \/>\n<img decoding=\"async\" loading=\"lazy\" src=\"https:\/\/www.europesays.com\/es\/wp-content\/uploads\/2025\/09\/migue4-kMuB--366x256@Diario Sur-DiarioSur.jpg\" class=\"v-a-img\" width=\"258\" height=\"180\" alt=\"\" data-voc-vtm-id=\"in-text-traffic\"\/><\/p>\n<p><\/a><\/p>\n<p class=\"v-p\">\u00abUn emparejamiento inesperado y divertido ya que ambos forman una alianza inc\u00f3moda que hace que la historia hable de una relaci\u00f3n\u00bb, ha explicado el cineasta. Acompa\u00f1ados del tambi\u00e9n director \u00c1lex de la Iglesia, convertido en maestro de ceremonias de los eventos en el Hall M de SDCCM, Dan Trachtenberg ha tirado de cinefilia para explicar que la pel\u00edcula tambi\u00e9n homenajea al &#8216;King Kong&#8217; de Ray Harrihausen, ya que el \u00abpeligro viene de las criaturas que rodean al protagonista, algunos diez veces m\u00e1s grande\u00bb en una tierra hostil. <\/p>\n<p>\u00abEstoy muy emocionado y deseando que todo el mundo la vea. Es un guion incre\u00edble\u00bb<\/p>\n<p class=\"v-p\">El cineasta est\u00e1 deseando que se estrene esta nueva entrega en cartelera el pr\u00f3ximo mes de noviembre. \u00abEstoy muy emocionado y deseando que todo el mundo la vea. Es un guion incre\u00edble y, a pesar de ser una pel\u00edcula de Predator, \u00a1hay tanta humanidad en esta pel\u00edcula!\u00bb. Aunque sangren los o\u00eddos.<\/p>\n<p><img decoding=\"async\" loading=\"lazy\" src=\"https:\/\/www.europesays.com\/es\/wp-content\/uploads\/2025\/09\/predator2-U64324402432nqn-650x455@Diario Sur.jpg\" class=\"v-a-img\" width=\"650\" height=\"455\" alt=\"Elle Fanning, coreada y aplaudida por el p\u00fablico de la Comic-Con.\" data-voc-vtm-id=\"in-text-traffic\"\/><\/p>\n<p>Elle Fanning, coreada y aplaudida por el p\u00fablico de la Comic-Con.<\/p>\n<p>Migue Fern\u00e1ndez<\/p>\n<p><img loading=\"lazy\" decoding=\"async\" src=\"https:\/\/www.europesays.com\/es\/wp-content\/uploads\/2025\/09\/predator2-U64324402432nqn-650x455@Diario Sur.jpg\" class=\"v-mdl__img-z\" width=\"650\" height=\"455\" alt=\"\"\/><\/p>\n<p class=\"v-p\">Por su parte, la actriz Elle Fanning, muy coreada por el p\u00fablico, ha confesado que, aunque le \u00abencantan las pel\u00edculas de ciencia ficci\u00f3n\u00bb, \u00abeste es un g\u00e9nero diferente para m\u00ed\u00bb. De hecho, su inmersi\u00f3n en el mundo &#8216;Predator&#8217; ha sido con esta entrega, aunque hab\u00eda visto \u00abla primera de Arnold (Schwarzenegger),  que es tan ic\u00f3nica\u00bb. <\/p>\n<p class=\"v-p\">Adem\u00e1s, ha explicado que el rodaje tuvo su complicaci\u00f3n ya que, en el filme, da vida a un droide a la que le falta medio cuerpo (la parte inferior) por lo que su aliado predator carga con ella a la espalda como si fuera una \u00abmochila\u00bb. \u00abLo que me encanta de esta franquicia es que, por supuesto, hay efectos visuales, pero muchos son tangibles. No hay mucha pantalla verde\u00bb, ha valorado la actriz que tuvo que sincronizarse perfectamente con su compa\u00f1ero de reparto, Dimitrius Schuster-Koloamatangi: \u00abAprendimos a caminar juntos porque est\u00e1bamos espalda con espalda gran parte del tiempo\u00bb.<\/p>\n","protected":false},"excerpt":{"rendered":"Entre las exclusivas de San Diego Comic-Con M\u00e1laga este s\u00e1bado tocaba una cinta con una de las grades&hellip;\n","protected":false},"author":2,"featured_media":142679,"comment_status":"","ping_status":"","sticky":false,"template":"","format":"standard","meta":{"footnotes":""},"categories":[169],"tags":[7994,177,35951,411,146,147,25,24,4725,176,3855,175,30752,44226,44227,23,3667],"class_list":{"0":"post-142678","1":"post","2":"type-post","3":"status-publish","4":"format-standard","5":"has-post-thumbnail","7":"category-cine","8":"tag-avisa","9":"tag-cine","10":"tag-comiccon","11":"tag-director","12":"tag-entertainment","13":"tag-entretenimiento","14":"tag-es","15":"tag-espana","16":"tag-espectadores","17":"tag-film","18":"tag-malaga","19":"tag-movies","20":"tag-oidos","21":"tag-predator","22":"tag-sangraran","23":"tag-spain","24":"tag-ultimo"},"share_on_mastodon":{"url":"","error":""},"_links":{"self":[{"href":"https:\/\/www.europesays.com\/es\/wp-json\/wp\/v2\/posts\/142678","targetHints":{"allow":["GET"]}}],"collection":[{"href":"https:\/\/www.europesays.com\/es\/wp-json\/wp\/v2\/posts"}],"about":[{"href":"https:\/\/www.europesays.com\/es\/wp-json\/wp\/v2\/types\/post"}],"author":[{"embeddable":true,"href":"https:\/\/www.europesays.com\/es\/wp-json\/wp\/v2\/users\/2"}],"replies":[{"embeddable":true,"href":"https:\/\/www.europesays.com\/es\/wp-json\/wp\/v2\/comments?post=142678"}],"version-history":[{"count":0,"href":"https:\/\/www.europesays.com\/es\/wp-json\/wp\/v2\/posts\/142678\/revisions"}],"wp:featuredmedia":[{"embeddable":true,"href":"https:\/\/www.europesays.com\/es\/wp-json\/wp\/v2\/media\/142679"}],"wp:attachment":[{"href":"https:\/\/www.europesays.com\/es\/wp-json\/wp\/v2\/media?parent=142678"}],"wp:term":[{"taxonomy":"category","embeddable":true,"href":"https:\/\/www.europesays.com\/es\/wp-json\/wp\/v2\/categories?post=142678"},{"taxonomy":"post_tag","embeddable":true,"href":"https:\/\/www.europesays.com\/es\/wp-json\/wp\/v2\/tags?post=142678"}],"curies":[{"name":"wp","href":"https:\/\/api.w.org\/{rel}","templated":true}]}}