{"id":142683,"date":"2025-09-27T17:40:07","date_gmt":"2025-09-27T17:40:07","guid":{"rendered":"https:\/\/www.europesays.com\/es\/142683\/"},"modified":"2025-09-27T17:40:07","modified_gmt":"2025-09-27T17:40:07","slug":"sassa-de-osma-con-vestido-camisero-de-invitada-y-sandalias-doradas","status":"publish","type":"post","link":"https:\/\/www.europesays.com\/es\/142683\/","title":{"rendered":"Sassa de Osma con vestido camisero de invitada y sandalias doradas"},"content":{"rendered":"<p>La presencia de <a href=\"https:\/\/www.glamour.es\/galerias\/sassa-de-osma-mejores-looks\" rel=\"nofollow noopener\" target=\"_blank\"><strong>Sassa de Osma<\/strong><\/a>, y m\u00e1s cuando hablamos de looks de invitadas, es una garant\u00eda de estilo indiscutible. En ella coinciden dos valiosas caracter\u00edsticas: una elegancia innata que no se aprende y una voluntad por experimentar, divertirse con la moda y no ir a lo f\u00e1cil, que suele tener como resultado el tipo de conjuntos que copiar\u00edamos con los ojos cerrados. Hoy, en la <a href=\"https:\/\/www.glamour.es\/articulos\/novia-manoletinas-plateadas-choker-perlas-boda-toledo\" rel=\"nofollow noopener\" target=\"_blank\">boda de Luc\u00eda Entrecanales<\/a> y Laszlo Bene en el hospital de Tavera de Toledo, nos ha dado la en\u00e9sima prueba de este saber hacer que posee en lo tocante a la moda. Porque no todos los d\u00edas vemos un vestido camisero que algunas podr\u00edan elegir para ir a la oficina, elevado a la categor\u00eda de dise\u00f1o apto para una boda. Pero hay algo en la manera de elegir los accesorios y en su modo de defender el estilismo que convierte a esta pieza en el dise\u00f1o de invitada m\u00e1s especial.<\/p>\n<p><img decoding=\"async\" alt=\"Sassa de Osma llegando a la boda de Luc\u00eda Entrecanales y Laszlo Bene en Toledo. lleva melena suelta vestido camisero de...\" loading=\"lazy\" class=\"ResponsiveImageContainer-eNxvmU cfBbTk responsive-image__image\"   src=\"https:\/\/www.europesays.com\/es\/wp-content\/uploads\/2025\/09\/DL_u592060_042.jpg\"\/><\/p>\n<p>Sassa de Osma llegando a la boda de Luc\u00eda Entrecanales y Laszlo Bene en Toledo.\u00a9 GAA\/Gtres Online<\/p>\n<p>Manga larga, escote cerrado totalmente -con un na\u00edf cuello beb\u00e9 y un lazo a\u00fan m\u00e1s dulce-, fila de botones, cadera baja, estampado de flores oto\u00f1ales\u2026 Lo cierto es que este podr\u00eda ser el perfecto vestido de rentr\u00e9e para una comida con amigas, pero para Sassa de Osma ha sido su candidato perfecto para convertirse en la invitada m\u00e1s elegante del lugar. Y para conseguirlo, no ha necesitado un gran tour de force; de hecho, no hay nada complicado en el look. S\u00ed existe, en cambio, una elecci\u00f3n de accesorios especial. Porque, aunque a simple vista parezcan discretos, el intrincado juego de geometr\u00edas y vol\u00famenes de su clutch de mimbre ya a\u00f1ade inter\u00e9s a la ecuaci\u00f3n por s\u00ed solo. Y ese infinito tac\u00f3n de las <a href=\"https:\/\/www.glamour.es\/articulos\/sandalias-doradas-tacon-planas-fiesta-verano\" rel=\"nofollow noopener\" target=\"_blank\">sandalias doradas<\/a> coloca al vestido en un inesperado nivel de fiesta que no vimos venir en un primer vistazo.<\/p>\n","protected":false},"excerpt":{"rendered":"La presencia de Sassa de Osma, y m\u00e1s cuando hablamos de looks de invitadas, es una garant\u00eda de&hellip;\n","protected":false},"author":2,"featured_media":142684,"comment_status":"","ping_status":"","sticky":false,"template":"","format":"standard","meta":{"footnotes":""},"categories":[91],"tags":[146,147,25,24,5740,44228,23],"class_list":{"0":"post-142683","1":"post","2":"type-post","3":"status-publish","4":"format-standard","5":"has-post-thumbnail","7":"category-entretenimiento","8":"tag-entertainment","9":"tag-entretenimiento","10":"tag-es","11":"tag-espana","12":"tag-invitadas","13":"tag-sassa-de-osma","14":"tag-spain"},"share_on_mastodon":{"url":"","error":""},"_links":{"self":[{"href":"https:\/\/www.europesays.com\/es\/wp-json\/wp\/v2\/posts\/142683","targetHints":{"allow":["GET"]}}],"collection":[{"href":"https:\/\/www.europesays.com\/es\/wp-json\/wp\/v2\/posts"}],"about":[{"href":"https:\/\/www.europesays.com\/es\/wp-json\/wp\/v2\/types\/post"}],"author":[{"embeddable":true,"href":"https:\/\/www.europesays.com\/es\/wp-json\/wp\/v2\/users\/2"}],"replies":[{"embeddable":true,"href":"https:\/\/www.europesays.com\/es\/wp-json\/wp\/v2\/comments?post=142683"}],"version-history":[{"count":0,"href":"https:\/\/www.europesays.com\/es\/wp-json\/wp\/v2\/posts\/142683\/revisions"}],"wp:featuredmedia":[{"embeddable":true,"href":"https:\/\/www.europesays.com\/es\/wp-json\/wp\/v2\/media\/142684"}],"wp:attachment":[{"href":"https:\/\/www.europesays.com\/es\/wp-json\/wp\/v2\/media?parent=142683"}],"wp:term":[{"taxonomy":"category","embeddable":true,"href":"https:\/\/www.europesays.com\/es\/wp-json\/wp\/v2\/categories?post=142683"},{"taxonomy":"post_tag","embeddable":true,"href":"https:\/\/www.europesays.com\/es\/wp-json\/wp\/v2\/tags?post=142683"}],"curies":[{"name":"wp","href":"https:\/\/api.w.org\/{rel}","templated":true}]}}