{"id":142693,"date":"2025-09-27T17:45:42","date_gmt":"2025-09-27T17:45:42","guid":{"rendered":"https:\/\/www.europesays.com\/es\/142693\/"},"modified":"2025-09-27T17:45:42","modified_gmt":"2025-09-27T17:45:42","slug":"donald-trump-difunde-una-fotografia-con-el-rey-felipe-vi-cuatro-dias-despues-de-su-encuentro-en-la-onu","status":"publish","type":"post","link":"https:\/\/www.europesays.com\/es\/142693\/","title":{"rendered":"Donald Trump difunde una fotograf\u00eda con el rey Felipe VI cuatro d\u00edas despu\u00e9s de su encuentro en la ONU"},"content":{"rendered":"<p class=\"c-paragraph\">La <a href=\"https:\/\/www.20minutos.es\/tags\/temas\/casa-blanca.html\" title=\"Casa Blanca\" rel=\"nofollow noopener\" target=\"_blank\">Casa Blanca<\/a> ha difundido este s\u00e1bado una foto del rey <a href=\"https:\/\/www.20minutos.es\/tags\/personas\/rey-felipe-vi.html\" title=\"Rey Felipe VI\" rel=\"nofollow noopener\" target=\"_blank\">Felipe VI<\/a> de Espa\u00f1a posando junto al presidente de Estados Unidos, <a href=\"https:\/\/www.20minutos.es\/tags\/personas\/donald-trump.html\" title=\"Donald Trump\" rel=\"nofollow noopener\" target=\"_blank\">Donald Trump<\/a>, y la primera dama, <a href=\"https:\/\/www.20minutos.es\/tags\/personas\/melania-trump.html\" title=\"Melania Trump\" rel=\"nofollow noopener\" target=\"_blank\">Melania<\/a>, cuatro d\u00edas despu\u00e9s de su encuentro en la <b>Asamblea General de la ONU en Nueva York.<\/b><\/p>\n<p class=\"c-paragraph\">En la imagen se ve a ambos jefes de Estado posando muy sonrientes sobre fondo azul, junto a la bandera de Estados Unidos y <b>el estandarte presidencial. <\/b>En la foto, Trump hace un gesto con el pulgar arriba.<\/p>\n<p class=\"c-paragraph\">El mi\u00e9rcoles, <b>el rey de Espa\u00f1a intervino ante la Asamblea General <\/b>de la ONU, donde dijo que Israel tiene el derecho a defenderse del terrorismo, pero que \u00abla masacre\u00bb en Gaza debe detenerse.<\/p>\n<p class=\"c-paragraph\">El monarca pronunci\u00f3 un discurso en el que se cuid\u00f3 de separar la figura del primer ministro Benjamin Netanyahu de la del pueblo de Israel o el pueblo jud\u00edo: \u00abEspa\u00f1a es <b>un pueblo profundamente orgulloso de sus ra\u00edces sefard\u00edes.<\/b> Cuando hablamos al pueblo de Israel, estamos hablando a un pueblo de hermanos\u00bb, dijo.<\/p>\n<p class=\"c-paragraph\">Trump intervino el martes, donde denunci\u00f3 que el reconocimiento del Estado palestino por parte de varios pa\u00edses occidentale<b>s supone una \u00abrecompensa\u00bb <\/b>para el grupo terrorista Ham\u00e1s.<\/p>\n<p class=\"c-paragraph\">\u00abNo podemos olvidar el 7 de octubre. \u00bfY ahora, como si fuera para alentar el conflicto continuo, algunos en este organismo buscan reconocer unilateralmente un Estado palestino? La recompensa ser\u00eda demasiado grande para los<b> terroristas de Ham\u00e1s por sus atrocidades<\/b>\u00ab, dijo el republicano durante su intervenci\u00f3n.<\/p>\n","protected":false},"excerpt":{"rendered":"La Casa Blanca ha difundido este s\u00e1bado una foto del rey Felipe VI de Espa\u00f1a posando junto al&hellip;\n","protected":false},"author":2,"featured_media":142694,"comment_status":"","ping_status":"","sticky":false,"template":"","format":"standard","meta":{"footnotes":""},"categories":[5],"tags":[17,18,17559,12069,25,24,13,14,244,11,19,20,9,10,15,16,23,12,936,21,22,20877],"class_list":{"0":"post-142693","1":"post","2":"type-post","3":"status-publish","4":"format-standard","5":"has-post-thumbnail","7":"category-titulares","8":"tag-breaking-news","9":"tag-breakingnews","10":"tag-difunde","11":"tag-donald","12":"tag-es","13":"tag-espana","14":"tag-featured-news","15":"tag-featurednews","16":"tag-fotografia","17":"tag-headlines","18":"tag-latest-news","19":"tag-latestnews","20":"tag-news","21":"tag-noticias","22":"tag-noticias-destacadas","23":"tag-noticiasdestacadas","24":"tag-spain","25":"tag-titulares","26":"tag-trump","27":"tag-ultimas-noticias","28":"tag-ultimasnoticias","29":"tag-una"},"share_on_mastodon":{"url":"","error":""},"_links":{"self":[{"href":"https:\/\/www.europesays.com\/es\/wp-json\/wp\/v2\/posts\/142693","targetHints":{"allow":["GET"]}}],"collection":[{"href":"https:\/\/www.europesays.com\/es\/wp-json\/wp\/v2\/posts"}],"about":[{"href":"https:\/\/www.europesays.com\/es\/wp-json\/wp\/v2\/types\/post"}],"author":[{"embeddable":true,"href":"https:\/\/www.europesays.com\/es\/wp-json\/wp\/v2\/users\/2"}],"replies":[{"embeddable":true,"href":"https:\/\/www.europesays.com\/es\/wp-json\/wp\/v2\/comments?post=142693"}],"version-history":[{"count":0,"href":"https:\/\/www.europesays.com\/es\/wp-json\/wp\/v2\/posts\/142693\/revisions"}],"wp:featuredmedia":[{"embeddable":true,"href":"https:\/\/www.europesays.com\/es\/wp-json\/wp\/v2\/media\/142694"}],"wp:attachment":[{"href":"https:\/\/www.europesays.com\/es\/wp-json\/wp\/v2\/media?parent=142693"}],"wp:term":[{"taxonomy":"category","embeddable":true,"href":"https:\/\/www.europesays.com\/es\/wp-json\/wp\/v2\/categories?post=142693"},{"taxonomy":"post_tag","embeddable":true,"href":"https:\/\/www.europesays.com\/es\/wp-json\/wp\/v2\/tags?post=142693"}],"curies":[{"name":"wp","href":"https:\/\/api.w.org\/{rel}","templated":true}]}}