{"id":142695,"date":"2025-09-27T17:46:09","date_gmt":"2025-09-27T17:46:09","guid":{"rendered":"https:\/\/www.europesays.com\/es\/142695\/"},"modified":"2025-09-27T17:46:09","modified_gmt":"2025-09-27T17:46:09","slug":"el-caja-rural-aula-rescata-un-punto-desde-la-lona","status":"publish","type":"post","link":"https:\/\/www.europesays.com\/es\/142695\/","title":{"rendered":"El Caja Rural Aula rescata un punto desde la lona"},"content":{"rendered":"<p>Hay empates que se aprecian m\u00e1s con el tiempo y puntos que saben mejor que algunas victorias. Y el cosechado este s\u00e1bado por el Aula,  &#8230; en el sentido m\u00e1s literal porque antes de la recolecci\u00f3n hubo que doblar el espinazo, se puede catalogar de triunfo por m\u00faltiples razones. Porque enfrente ten\u00eda una plantilla a d\u00eda de hoy superior, porque de ese plantel salieron dos y hasta tres unidades que dieron m\u00e1s y mejores rotaciones, y porque jugar con quince jugadores le dio al Elda aire suficiente como para dominar durante muchos m\u00e1s minutos de lo que fue capaz de alcanzar su rival.<\/p>\n<p class=\"v-p\">En la lista hay alg\u00fan motivo m\u00e1s, y probablemente el compendio de todos da mucho m\u00e1s valor al punto conseguido por el Aula, que pese a todo supo resignarse y defenderse como gato panza arriba para agarrarse al partido y sacar petr\u00f3leo de esa te\u00f3rica inferioridad. <\/p>\n<p class=\"v-p\">El empate, como el de M\u00e1laga, descubre un car\u00e1cter con el que nadie contaba en una plantilla tan joven como la que este a\u00f1o presenta el Aula, y deja una puerta abierta a que el curso no sea de transici\u00f3n y s\u00ed de pelea por estar con los mejores de la competici\u00f3n. Esa personalidad es un primer paso, y a ella debe agarrarse el equipo de Salva Puig para no dar por perdido ning\u00fan partido, ni siquiera perdiendo por cuatro goles a 6 minutos del final (21-25).<\/p>\n<p class=\"v-scr__t\">Caja Rural Aula<\/p>\n<p class=\"v-scr__p v-scr__p--3\">Carrat\u00fa y Mamen Sanz; Inao Lucio (-), Jallow (1), Naroa Baquedano (7), Amaia (7, 3p), Sandra Monteaguado (2, 1p) y Z\u00fcrni (3) -equipo inicial-, Savina Bergara (4), Polina Gorbatsjova (2), Valeska Lovera (1), y M\u00f3nica Guti\u00e9rrez-Paris (-). <\/p>\n<p class=\"v-scr__n-c v-scr__n-c--1 \">\n 27\n<\/p>\n<p class=\"v-scr__n-c v-scr__n-c--2\">\n&#8211;\n<\/p>\n<p class=\"v-scr__n-c v-scr__n-c--3 \">\n 27\n<\/p>\n<p class=\"v-scr__t\">BM Elda<\/p>\n<p class=\"v-scr__p v-scr__p--3\">Virginia Fern\u00e1ndez y Meriem Ezbida; Sol Azcune (4), Malena Valles (4, 3p), Elena Cuadrado (1), Rafaela Gon\u00e7alves (4, 2p), Mar\u00eda Rodr\u00edguez (-), y Aitana Pastor (2) -equipo inicial-, Bengoetxea (2), Heilmann (3), Marina Gonz\u00e1lez (2), Lora Sarandeva (2), Julia Terrado (1), Paula Lluch (2), Luc\u00eda Garc\u00eda (-) y Claudia Mart\u00ednez (-). <\/p>\n<ul class=\"v-u\">\n<li class=\"v-u__l\">\n<p class=\"v-p\">\n\u00c1rbitras:<br \/>\nLas hermanas Breatriz y Patricia del Valle. Excluyeron a Gorbatsjova, Lovera, Baquedano, Jallow, Carrat\u00fa y Amaia por las locales, y a Bengoetxea, Prades y Marina Gonz\u00e1lez por las visitantes\n<\/p>\n<\/li>\n<li class=\"v-u__l\">\n<p class=\"v-p\">\nParciales:<br \/>\n2-0, 4-3, 7-7, 8-10, 11-11, y 13-15 (descanso); 16-17, 18-17, 18-17, 21-21, 23-27 y 27-27 (final).\n<\/p>\n<\/li>\n<li class=\"v-u__l\">\n<p class=\"v-p\">\nIncidencias:<br \/>\nJornada 4\u00aa de la Liga Guerreras, disputada en el pabell\u00f3n Huerta del Rey ante 400 espectadores. Se guard\u00f3 un minuto de silencio por el fallecimiento de Pablo Bermuy, hist\u00f3rico del arbitraje espa\u00f1ol. El delegado federativo, Antonio Mart\u00edn Franco, ejerci\u00f3 de VAR desde su posici\u00f3n de mesa, adquiriendo m\u00e1s protagonismo que la pareja arbitral en la toma de decisiones.\n<\/p>\n<\/li>\n<\/ul>\n<p class=\"v-p\">El subconsciente jug\u00f3 de inicio en favor del Aula que, con la mala imagen mostrada en su estreno en Huerta del Rey bien presente, salt\u00f3 a la pista pleno de intensidad y dispuesto a poner tierra por medio muy r\u00e1pido. De hecho, en siete minutos se apunt\u00f3 un parcial de 3-0 y oblig\u00f3 a Prades a pedir tiempo muerto para llamar a cap\u00edtulo a las suyas. Un impulso que dio el control y la ventaja de salida al equipo de Salva Puig, pero que se diluy\u00f3 pronto como un azucarillo con la primera rotaci\u00f3n de las visitantes, y la falta de respuesta en el banquillo local.<\/p>\n<p class=\"v-p\">El exseleccionador recompuso su siete, dotando de m\u00e1s kilos y cent\u00edmetros al centro de la defensa, y su movimiento tard\u00f3 un suspiro en surtir efecto. Si hab\u00edan sido siete minutos de p\u00e1jara para las suyas, fueron ocho los empleados en darle la vuelta al marcador&#8230; y al partido (6-7, minuto 15), con las torres Heilman y Sarandeva como principales catalizadoras de la reacci\u00f3n visitante (7-9, minuto 18, con tiempo muerto local). Elda amag\u00f3 entonces con tomar el mando y no soltarlo a juzgar por el muro levantado atr\u00e1s, pero se top\u00f3 con un hueso duro de roer. Las de Salva Puig iban a recibir varios golpes en su l\u00ednea de flotaci\u00f3n y de todos supo levantarse. Del primero, que afect\u00f3 a ambos equipos provocado por la confusi\u00f3n generada por la pareja arbitral -con la surrealista colaboraci\u00f3n del delegado federativo-, supo sobrevivir antes del descanso (12-14 con dos jugadoras menos y Savina de portera con el reloj a cero por lesi\u00f3n de Mamen Sanz). Del segundo, 13-17 en el arranque de segunda parte, se recompuso a golpe de garra y apoyado en la intensidad de Savina en el pivote (18-17, minuto 40).<\/p>\n<p><img decoding=\"async\" loading=\"lazy\" src=\"https:\/\/www.europesays.com\/es\/wp-content\/uploads\/2025\/09\/AulaEldaq1-kjGG-U2303202259801gpB-624x385@El Norte.jpg\" class=\"v-a-img\" width=\"624\" height=\"385\" alt=\"Salva Puig reflexivo al fondo, con Prades en primer t\u00e9rmino.\" data-voc-vtm-id=\"in-text-traffic\"\/><\/p>\n<p>Salva Puig reflexivo al fondo, con Prades en primer t\u00e9rmino.<\/p>\n<p>R. Jim\u00e9nez<\/p>\n<p><img loading=\"lazy\" decoding=\"async\" src=\"https:\/\/www.europesays.com\/es\/wp-content\/uploads\/2025\/09\/AulaEldaq1-kjGG-U2303202259801gpB-624x385@El Norte.jpg\" class=\"v-mdl__img-z\" width=\"624\" height=\"385\" alt=\"\"\/><\/p>\n<p class=\"v-p\">Por entonces, el BM Elda ya parec\u00eda m\u00e1s equipo, mucho m\u00e1s armado que el Aula y con un plus en la rotaci\u00f3n que le sirvi\u00f3 para ir por delante muchos m\u00e1s minutos que su rival. Ni siquiera cuando Sandra Monteagudo volte\u00f3 el partido por en\u00e9sima vez (18-17, minuto 40) dio sensaci\u00f3n de hundirse ni verse contra las cuerdas. El Elda, como el Aula antes, volvi\u00f3 al partido para dar un \u00faltimo golpe en la mesa y ponerle en chino el triunfo al equipo de casa. Con protagonismo de Azcune (4 goles tras el descanso) y dos goles consecutivos de Sarandeva, el segundo a porter\u00eda vac\u00eda, la renta pareci\u00f3 imposible de levantar (21-25, minuto 54)&#8230; y, sin embargo, tambi\u00e9n de ese golpe al ment\u00f3n supo rehacerse el equipo de Salva Puig, esta vez apoyado en la porter\u00eda (Carrat\u00fa) en busca de una \u00faltima oportunidad para sumar puntos. <\/p>\n<p class=\"v-p\">Con doble pivote en ataque fue Baquedano quien, con 35 segundos por jugarse, igual\u00f3 con un latigazo desde 9 metros que a\u00fan tendr\u00eda hasta tres r\u00e9plicas en la pista. La primera desaprovechada por Malena Valles, cara a cara con Carrat\u00fa; la siguiente se sald\u00f3 con falta de ataque en la acci\u00f3n desesperada del Aula; y la \u00faltima dej\u00f3 de nuevo a Valles descompuesta al perder un segundo de oro en su postrero lanzamiento en seis metros.<\/p>\n<p class=\"v-p\">El empate, m\u00e1s que hacer justicia, ajusticiaba al BM Elda en un partido de vaivenes con demasiadas imprecisiones, y al mismo tiempo dejaba un solo vencedor, que se vio en la lona en varias ocasiones pero que supo levantarse en todas para agarrarse a la pista y ara\u00f1ar un punto como premio a su fe y perseverancia.<\/p>\n","protected":false},"excerpt":{"rendered":"Hay empates que se aprecian m\u00e1s con el tiempo y puntos que saben mejor que algunas victorias. Y&hellip;\n","protected":false},"author":2,"featured_media":142696,"comment_status":"","ping_status":"","sticky":false,"template":"","format":"standard","meta":{"footnotes":""},"categories":[278],"tags":[17429,376,8221,168,25,24,375,30725,2320,6964,2241,23,167],"class_list":{"0":"post-142695","1":"post","2":"type-post","3":"status-publish","4":"format-standard","5":"has-post-thumbnail","7":"category-balonmano","8":"tag-aula","9":"tag-balonmano","10":"tag-caja","11":"tag-deportes","12":"tag-es","13":"tag-espana","14":"tag-handball","15":"tag-lona","16":"tag-punto","17":"tag-rescata","18":"tag-rural","19":"tag-spain","20":"tag-sports"},"share_on_mastodon":{"url":"","error":""},"_links":{"self":[{"href":"https:\/\/www.europesays.com\/es\/wp-json\/wp\/v2\/posts\/142695","targetHints":{"allow":["GET"]}}],"collection":[{"href":"https:\/\/www.europesays.com\/es\/wp-json\/wp\/v2\/posts"}],"about":[{"href":"https:\/\/www.europesays.com\/es\/wp-json\/wp\/v2\/types\/post"}],"author":[{"embeddable":true,"href":"https:\/\/www.europesays.com\/es\/wp-json\/wp\/v2\/users\/2"}],"replies":[{"embeddable":true,"href":"https:\/\/www.europesays.com\/es\/wp-json\/wp\/v2\/comments?post=142695"}],"version-history":[{"count":0,"href":"https:\/\/www.europesays.com\/es\/wp-json\/wp\/v2\/posts\/142695\/revisions"}],"wp:featuredmedia":[{"embeddable":true,"href":"https:\/\/www.europesays.com\/es\/wp-json\/wp\/v2\/media\/142696"}],"wp:attachment":[{"href":"https:\/\/www.europesays.com\/es\/wp-json\/wp\/v2\/media?parent=142695"}],"wp:term":[{"taxonomy":"category","embeddable":true,"href":"https:\/\/www.europesays.com\/es\/wp-json\/wp\/v2\/categories?post=142695"},{"taxonomy":"post_tag","embeddable":true,"href":"https:\/\/www.europesays.com\/es\/wp-json\/wp\/v2\/tags?post=142695"}],"curies":[{"name":"wp","href":"https:\/\/api.w.org\/{rel}","templated":true}]}}