{"id":142701,"date":"2025-09-27T17:52:10","date_gmt":"2025-09-27T17:52:10","guid":{"rendered":"https:\/\/www.europesays.com\/es\/142701\/"},"modified":"2025-09-27T17:52:10","modified_gmt":"2025-09-27T17:52:10","slug":"laurent-mekies-le-da-un-ultimatum-a-yuki-tsunoda-en-red-bull-f1-tenemos-tiempo","status":"publish","type":"post","link":"https:\/\/www.europesays.com\/es\/142701\/","title":{"rendered":"Laurent Mekies le da un \u2018ultim\u00e1tum\u2019 a Yuki Tsunoda en Red Bull F1: \u201cTenemos tiempo\u201d"},"content":{"rendered":"<p data-journey-content=\"true\" data-node-id=\"3\" class=\"css-6wxqfj emevuu60\"><strong data-node-id=\"3.0\">Yuki Tsunoda <\/strong>al fin pudo celebrar un fin de semana con<strong data-node-id=\"3.2\"> Red Bull<\/strong>. El piloto no ha conseguido ser s\u00f3lido en los puntos desde que sustituy\u00f3 a Liam Lawson. <strong data-node-id=\"3.4\">Helmut Marko<\/strong>, asesor de la escuder\u00eda, reconoci\u00f3 que estaban <a href=\"https:\/\/www.caranddriver.com\/es\/formula-1\/a65829456\/helmut-marko-reconoce-dudas-red-bull-f1-yuki-tsunoda-todo-esta-abierto\/\" target=\"_blank\" data-vars-ga-outbound-link=\"https:\/\/www.caranddriver.com\/es\/formula-1\/a65829456\/helmut-marko-reconoce-dudas-red-bull-f1-yuki-tsunoda-todo-esta-abierto\/\" data-vars-ga-ux-element=\"Hyperlink\" data-vars-ga-call-to-action=\"evaluando todas las opciones \" data-node-id=\"3.6\" class=\"body-link css-168zq96 emevuu60\" rel=\"nofollow noopener\">evaluando todas las opciones <\/a>para la pr\u00f3xima temporada, teniendo la opci\u00f3n de ascender a<strong data-node-id=\"3.8\"> Isack Hadjar<\/strong>. Sin embargo, el sexto puesto en Bak\u00fa podr\u00eda suponer un punto de inflexi\u00f3n. En las declaraciones postcarrera, <strong data-node-id=\"3.10\">Laurent Mekies <\/strong>pide calma: \u201cEs una buena noticia ver a Yuki mantenerse ah\u00ed. Se lo merece, por eso nos veis tranquilos con este tema, porque tenemos tiempo. <strong data-node-id=\"3.12\">\u00bfPor qu\u00e9 deber\u00edamos apresurarnos?<\/strong>\u201d.<\/p>\n<p>La mentalidad podr\u00eda cambiar<\/p>\n<p data-journey-content=\"true\" data-node-id=\"7\" class=\"css-6wxqfj emevuu60\">Un buen resultado en la F\u00f3rmula 1 puede suponer un gran punto de inflexi\u00f3n. El rendimiento de Red Bull en 2026 es clave para retener a <strong data-node-id=\"7.1\">Max Verstappen<\/strong> de cara al futuro, por lo que el equipo no arriesgar\u00e1. El rookie franco-argelino ya ha conseguido su primer podio con Racing Bulls y se postula como uno de los favoritos para ocupar el puesto, aunque el jefe del equipo a\u00fan conf\u00eda en la evoluci\u00f3n del japon\u00e9s: \u201c<strong data-node-id=\"7.3\">La velocidad no desaparece<\/strong>, los pilotos progresan. Este es un negocio en el que <strong data-node-id=\"7.5\">la confianza lo es todo<\/strong>, y se ve que la confianza de Yuki estaba ciertamente muy alta. Y lo hizo de manera muy, muy s\u00f3lida\u201d.<\/p>\n<p data-journey-content=\"true\" data-node-id=\"9\" class=\"css-6wxqfj emevuu60\">El piloto tiene 7 carreras por delante para convencer y demostrar que merece el asiento. En Bak\u00fa las sensaciones fueron muy buenas tras una gran defensa sobre <strong data-node-id=\"9.1\">Lando Norris<\/strong>. No obstante, la carrera en Azerbaiy\u00e1n fue muy alocada debido a una clasificaci\u00f3n muy accidentada que permiti\u00f3 m\u00faltiples cambios de posici\u00f3n. Mekies recalca que a\u00fan hay margen para decidir: \u201c\u00bbAs\u00ed que tenemos m\u00e1s tiempo. Como dijimos, <strong data-node-id=\"9.3\">no vamos a esperar hasta Abu Dhabi<\/strong>, pero todav\u00eda nos quedan unas cuantas carreras seguro\u201d.<\/p>\n<p><img draggable=\"true\" alt=\"f1 grand prix of azerbaijan\" title=\"F1 Grand Prix of Azerbaijan\" loading=\"lazy\" width=\"4908\" height=\"3279\" decoding=\"async\" data-nimg=\"1\" style=\"color:transparent;width:100%;height:auto;\"   src=\"https:\/\/www.europesays.com\/es\/wp-content\/uploads\/2025\/09\/yuki-tsunoda-of-japan-driving-the-oracle-red-bull-racing-news-photo-1758970495.pjpeg\" class=\"css-0 e1g79fud0\"\/><a target=\"_blank\" rel=\"noopener nofollow\" data-theme-key=\"base-link\" href=\"https:\/\/pinterest.com\/pin\/create\/button\/?url=https:\/\/www.caranddriver.com\/es\/formula-1\/a68088411\/laurent-mekies-da-ultimatum-yuki-tsunoda-red-bull-f1-tenemos-tiempo\/&amp;description=&amp;media=https:\/\/hips.hearstapps.com\/hmg-prod\/images\/yuki-tsunoda-of-japan-driving-the-oracle-red-bull-racing-news-photo-1758970495.pjpeg?resize=1600:*\" class=\"pinterest css-on9hn5 e1c1bym14\"><img decoding=\"async\" data-dynamic-svg=\"true\" src=\"https:\/\/www.caranddriver.com\/_assets\/design-tokens\/fre\/static\/icons\/social\/pinterest.e8cf655.svg?primary=%2523ffffff\" loading=\"lazy\" data-testid=\"dynamic-svg-base\" height=\"auto\" width=\"auto\" alt=\"pinterest\" class=\"css-4lml0h e1mlxuuw1\"\/><\/a><\/p>\n<p>Mark Thompson\/\/Getty Images<\/p>\n<p data-journey-content=\"true\" data-node-id=\"14\" class=\"css-6wxqfj emevuu60\">Tsunoda ha tenido que soportar momentos de verdadera tensi\u00f3n. Liam Lawson ya experiment\u00f3 la gran exigencia de Red Bull. La resiliencia es un aspecto fundamental para rendir en el proyecto de los de Milton Keynes. En ese sentido, el jefe de la escuder\u00eda destaca la actitud de Tsunoda tras el <strong data-node-id=\"14.1\">GP de Hungr\u00eda<\/strong>: \u201cEst\u00e1 trabajando muy duro. Nunca ha bajado los brazos. Quiero decir, hablamos despu\u00e9s de que fuera un momento dif\u00edcil en Budapest, y <strong data-node-id=\"14.3\">en lugar de irse de vacaciones<\/strong>, fue directamente al simulador; dijo: \u2018No, no, volver\u00e9 al simulador con el equipo y trabajaremos al d\u00eda siguiente\u2019\u201d.<\/p>\n<p>Isack Hadjar tendr\u00e1 que cumplir<\/p>\n<p data-journey-content=\"true\" data-node-id=\"17\" class=\"css-6wxqfj emevuu60\">El franco-argelino se ha convertido en uno de los rookies m\u00e1s destacados de 2025. Sin embargo, relajarse no es una opci\u00f3n. Adem\u00e1s de la posibilidad de Yuki Tsunoda para mantener el puesto, Red Bull tiene otras opciones disponibles como <strong data-node-id=\"17.1\">Arvid Lindblad<\/strong>, que <a href=\"https:\/\/www.caranddriver.com\/es\/formula-1\/a64988637\/red-bull-pelea-fia-superlicencia-f1-arvid-lindbland-posible-sustituto-yuki-tsunoda\/\" target=\"_blank\" data-vars-ga-outbound-link=\"https:\/\/www.caranddriver.com\/es\/formula-1\/a64988637\/red-bull-pelea-fia-superlicencia-f1-arvid-lindbland-posible-sustituto-yuki-tsunoda\/\" data-vars-ga-ux-element=\"Hyperlink\" data-vars-ga-call-to-action=\"cuenta con superlicencia\" data-node-id=\"17.3\" class=\"body-link css-168zq96 emevuu60\" rel=\"nofollow noopener\">cuenta con superlicencia<\/a> pese a tener solo 17 a\u00f1os, incluso podr\u00edan llegar a replantearse el regreso de Liam Lawson.<\/p>\n<p>Contenidos relacionados<img src=\"https:\/\/www.europesays.com\/es\/wp-content\/uploads\/2025\/09\/1758995530_444_d3baca1e-d34f-44ac-842c-f2c50fb6b579_1737539442.file\" alt=\"Headshot of Alejandro Fern\u00e1ndez Montealegre\" title=\"Headshot of Alejandro Fern\u00e1ndez Montealegre\" width=\"100%\" height=\"100%\" decoding=\"async\" loading=\"lazy\" class=\"css-o0wq4v ev8dhu53\"\/><\/p>\n<p>Amante del mundo del motor en todas sus versiones, desde salir tranquilamente de ruta hasta escuchar a Lobato dej\u00e1ndose las cuerdas vocales en una vuelta importante de F1. Que mi abuelo fuera mec\u00e1nico seguramente influyera en que me llamara la atenci\u00f3n todo este mundo. \u00a0<\/p>\n","protected":false},"excerpt":{"rendered":"Yuki Tsunoda al fin pudo celebrar un fin de semana con Red Bull. El piloto no ha conseguido&hellip;\n","protected":false},"author":2,"featured_media":142702,"comment_status":"","ping_status":"","sticky":false,"template":"","format":"standard","meta":{"footnotes":""},"categories":[270],"tags":[168,253,25,24,306,271,272,23,167],"class_list":{"0":"post-142701","1":"post","2":"type-post","3":"status-publish","4":"format-standard","5":"has-post-thumbnail","7":"category-formula-1","8":"tag-deportes","9":"tag-discover","10":"tag-es","11":"tag-espana","12":"tag-f1","13":"tag-formula-1","14":"tag-formula1","15":"tag-spain","16":"tag-sports"},"share_on_mastodon":{"url":"","error":""},"_links":{"self":[{"href":"https:\/\/www.europesays.com\/es\/wp-json\/wp\/v2\/posts\/142701","targetHints":{"allow":["GET"]}}],"collection":[{"href":"https:\/\/www.europesays.com\/es\/wp-json\/wp\/v2\/posts"}],"about":[{"href":"https:\/\/www.europesays.com\/es\/wp-json\/wp\/v2\/types\/post"}],"author":[{"embeddable":true,"href":"https:\/\/www.europesays.com\/es\/wp-json\/wp\/v2\/users\/2"}],"replies":[{"embeddable":true,"href":"https:\/\/www.europesays.com\/es\/wp-json\/wp\/v2\/comments?post=142701"}],"version-history":[{"count":0,"href":"https:\/\/www.europesays.com\/es\/wp-json\/wp\/v2\/posts\/142701\/revisions"}],"wp:featuredmedia":[{"embeddable":true,"href":"https:\/\/www.europesays.com\/es\/wp-json\/wp\/v2\/media\/142702"}],"wp:attachment":[{"href":"https:\/\/www.europesays.com\/es\/wp-json\/wp\/v2\/media?parent=142701"}],"wp:term":[{"taxonomy":"category","embeddable":true,"href":"https:\/\/www.europesays.com\/es\/wp-json\/wp\/v2\/categories?post=142701"},{"taxonomy":"post_tag","embeddable":true,"href":"https:\/\/www.europesays.com\/es\/wp-json\/wp\/v2\/tags?post=142701"}],"curies":[{"name":"wp","href":"https:\/\/api.w.org\/{rel}","templated":true}]}}