{"id":142703,"date":"2025-09-27T17:53:12","date_gmt":"2025-09-27T17:53:12","guid":{"rendered":"https:\/\/www.europesays.com\/es\/142703\/"},"modified":"2025-09-27T17:53:12","modified_gmt":"2025-09-27T17:53:12","slug":"hay-muchas-formas-de-hacer-una-cantera-del-cb-breogan-factible","status":"publish","type":"post","link":"https:\/\/www.europesays.com\/es\/142703\/","title":{"rendered":"Hay muchas formas de hacer una cantera del CB Breog\u00e1n factible"},"content":{"rendered":"<p><strong>Rub\u00e9n Engroba<\/strong> (Lugo, 1981) anhela traer alg\u00fan d\u00eda a la selecci\u00f3n espa\u00f1ola de baloncesto a la ciudad de la muralla y, sobre todo, ver jugar en el Pazo a alguno de los ni\u00f1os a los que ha puesto el bal\u00f3n en las manos por primera vez. Lleva cinco lustros consagrado a esa tarea, am\u00e9n de a organizar eventos que trascienden fronteras.<\/p>\n<p><strong>\u00bfC\u00f3mo empez\u00f3 la vinculaci\u00f3n de la Asociaci\u00f3n Xuvenil Sagrado Coraz\u00f3n (AXSC) con el b\u00e1squet?<\/strong><br \/>La asociaci\u00f3n data del a\u00f1o 90 y surgi\u00f3 en un barrio deprimido en aquel tiempo. Como la juventud de la \u00e9poca no ten\u00eda muchas ofertas de ocio; no como ahora, en la que tiene acceso al mundo digital y dem\u00e1s, se fund\u00f3 para generar actividades para la mocedad del barrio. Poco despu\u00e9s se cre\u00f3 el club deportivo dentro de la asociaci\u00f3n, con las secciones de f\u00fatbol sala y baloncesto. En el momento en el que el f\u00fatbol sala empez\u00f3 a crecer, la gente que llevaba esa secci\u00f3n se fue para el Prone. Hubo quien se cambi\u00f3 al f\u00fatbol, para la Milagrosa, el Sagrado Coraz\u00f3n&#8230;<\/p>\n<p><strong>\u00bfY el baloncesto?<\/strong><br \/>Ha ido creciendo progresivamente. Primero se entrenaba en el colegio; despu\u00e9s, se empez\u00f3 a salir y a aspirar a tener jugadores de toda la ciudad; y finalmente, ya nos fuimos especializando m\u00e1s en el tema de organizaci\u00f3n de eventos relacionados con el b\u00e1squet desde que la secci\u00f3n la cogimos mi hermano (\u00d3scar) y yo a principios de este siglo.<\/p>\n<p><strong>\u00bfQu\u00e9 pas\u00f3 entonces?<\/strong><br \/>Ya empezamos con la creaci\u00f3n de los campus aquellos de septiembre, que despu\u00e9s derivaron en campus de verano y dem\u00e1s. Y comenzamos tambi\u00e9n pronto con los cl\u00ednics, en el a\u00f1o 2006. El primero fue una charla de Moncho L\u00f3pez (por entonces t\u00e9cnico del CB Breog\u00e1n) con otros entrenados que trajimos en colaboraci\u00f3n con la Fundaci\u00f3n Breog\u00e1n. Como ten\u00edamos que buscar un nombre que no identificara el evento ni con el Sagrado Coraz\u00f3n ni con el Breog\u00e1n, se me ocurri\u00f3 una copia de un lema que ten\u00eda el Unicaja, &#8216;Baloncesto es vida&#8217;, y se qued\u00f3 &#8216;Lugo \u00e9 b\u00e1squet&#8217;. Y desde aquellas&#8230;<\/p>\n<p><strong>\u00bfC\u00f3mo ha resultado la \u00faltima edici\u00f3n del cl\u00ednic Lugo \u00e9 B\u00e1squet, que tuvo lugar el domingo pasado?<\/strong><br \/>Llev\u00e1bamos a\u00f1os sin hacerlo porque los cl\u00ednics son productos muy interesantes, pero \u00a1claro!, la inscripci\u00f3n que pagan los que participan ni de broma cubre los gastos que se generan. Esta edici\u00f3n pudimos contar con el apoyo de la Xunta y, despu\u00e9s de mucho haberlo intentado anteriormente con estos dos ponentes, finalmente pudimos traer pese a sus agendas a Xavi Pascual y Chus Mateo. Son gente muy cercana y agradecida, que entiende que todo lo que el baloncesto les ha dado de llegar a la \u00e9lite, despu\u00e9s ellos lo tienen que devolver.<\/p>\n<blockquote>\n<p>\u00abSe dice que Lugo es una ciudad de baloncesto, pero lo es de Breog\u00e1n, porque el resto de clubes pasa penurias econ\u00f3micas\u00bb<\/p>\n<\/blockquote>\n<p><strong>\u00bfY la mesa redonda?<\/strong><br \/>Es una inversi\u00f3n para vincular a los aficionados en general, para que tuvieran acceso gratis a una parte un poco menos t\u00e9cnica. El tema elegido fue c\u00f3mo aconsejar a los chicos que empiezan en el patio del colegio, que se lo pasan bien con el baloncesto y empiezan a destacar, para llegar a la \u00e9lite. Mucha gente se pierde por el camino en esos pasos intermedios por malos consejos o por cosas de este tipo.<\/p>\n<p><strong>\u00bfC\u00f3mo resultaron ser Pascual y Mateo en la distancia corta?<\/strong><br \/>Chus Mateo lleg\u00f3 el s\u00e1bado y estuve con \u00e9l desde la una del mediod\u00eda hasta no voy a decir qu\u00e9 hora, pero tampoco muy tarde (sonr\u00ede). Por el centro estuvo sac\u00e1ndose fotos y encantador. Xavi tuvo que venir el domingo y despu\u00e9s se arrepinti\u00f3. Aun as\u00ed, pudimos compartir la comida.<\/p>\n<p><strong>Usted entrena desde 1999. \u00bfCu\u00e1l es su trabajo diario con la cantera?<\/strong><br \/>Nosotros ahora mismo tenemos un club, el Sagrado Coraz\u00f3n, y aparte gestionamos escuelas deportivas en cuatro colegios \u2014Divina Pastora, Maristas, Rosal\u00eda de Castro y Sagrado Coraz\u00f3n\u2014. Desde hace unos a\u00f1os, en los que tuvimos buenas generaciones, fuimos capaces de ser campeones gallegos en preinfantil e infantil. Unimos esa generaci\u00f3n a un club m\u00e1s profesional para reforzar esa cantera y desde aquellas coordinamos las categor\u00edas masculinas de base del Ensino Lugo, aparte de los eventos que realizamos alrededor de baloncesto.<\/p>\n<p><strong>\u00bfTiene fama de ser un gran descubridor de talentos, verbigracia el p\u00edvot mal\u00ed Cheik?<\/strong><br \/>Tenemos una generaci\u00f3n muy buena de jugadores de 2008 y entonces lleg\u00f3 un momento en que nosotros aqu\u00ed, a nivel deportivo, no pod\u00edamos ofrecerles m\u00e1s y no se quedaban en el equipo. Algunos ficharon por el Obradoiro, porque es el club de Galicia que ofrece una mejor estructura de cantera. Entonces necesit\u00e1bamos reforzar al equipo con alguien importante para poder competir y nos pusimos manos a la obra en eso.<\/p>\n<p><strong>Cuente, cuente&#8230;<\/strong><br \/>Me puse a buscar jugadores de ese perfil. Ten\u00edamos apalabrado a un ucraniano y el club me hab\u00eda dado la posibilidad de sufragar los costes; de hecho, ya ten\u00edamos plaza en la residencia Lug2 y matr\u00edcula en Maristas. Sin embargo, el chico se ech\u00f3 para atr\u00e1s al final.<\/p>\n<p><strong>\u00a1Vaya!<\/strong><br \/>Como ya ten\u00edamos todo estructurado y el s\u00ed del club y del colegio&#8230; cre\u00ed oportuno intentar ayudar a un chico que viniera de \u00c1frica. Bueno, ayudarnos mutuamente; \u00e9l a nosotros a nivel competitivo y nosotros a \u00e9l, a salir de all\u00ed y a hacer una carrera. Nos pusimos en contacto con la familia de Cheik por medio de un intermediario que tiene \u00e9l en Senegal y en dos meses y medio el chico ya estaba aqu\u00ed. Tras solucionar diversos problemas burocr\u00e1ticos con la Fiba para que pudiera jugar, el primer partido hizo veintipico puntos. Ese a\u00f1o ganamos la final del Gallego cadete en casa al Obradoiro por 20 puntos. Recuerdo que tras ese partido, los chicos se pegaron una ducha y salimos precipitadamente para Huelva v\u00eda Portugal. Conduje todo el d\u00eda para llegar all\u00e1 por la noche y poder jugar el campeonato de Espa\u00f1a j\u00fanior (sonr\u00ede).<\/p>\n<p><strong>\u00bfY qu\u00e9 paso despu\u00e9s?<\/strong><br \/>Adem\u00e1s del Gallego cadete, fuimos subcampeones gallegos j\u00fanior, ganamos el \u00a0Auton\u00f3mico 3&#215;3, acudimos a varios campeonatos de Espa\u00f1a&#8230; Este verano Cheik se fue a un \u00a0high school en Estados Unidos, pues le ofrecieron all\u00ed tres a\u00f1os y \u00a0la posibilidad de seguir creciendo. Con nosotros, esta ser\u00eda su \u00faltima temporada como j\u00fanior y cerrar\u00eda ciclo. Adem\u00e1s, como \u00e9l lleg\u00f3 en febrero de su segundo a\u00f1o como cadete, nunca podr\u00eda ser jugador cupo de formaci\u00f3n y eso le reduc\u00eda much\u00edsimo las posibilidades. En consecuencia, yo creo que con buen criterio se busc\u00f3 la vida de otra manera.<\/p>\n<p><strong>\u00bfQu\u00e9 siente cuando ve a chicos a los que ve crecer cumplir sus sue\u00f1os?<\/strong><br \/>A ver, est\u00e1n lejos todav\u00eda de cumplir sus sue\u00f1os. Siempre les digo a los chicos que se deber\u00edan dedicar a pasarlo bien con sus amigos y a jugar al m\u00e1ximo; nosotros ya nos encargamos de dar nivel de entrenamiento. Los problemas surgen cuando empiezan a pensar cosas fuera de eso, comienza a meterse gente por el medio que a veces da malos consejos, otros que buscan en ellos un inter\u00e9s comercial&#8230;\u00a0<\/p>\n<blockquote>\n<p>\u201cMi ilusi\u00f3n es ver a alg\u00fan jugador de los que fuimos sacando jugar en la \u00e9lite en el Pazo\u00bb<\/p>\n<\/blockquote>\n<p><strong>\u00bfTan dif\u00edcil es el camino?<\/strong><br \/>En las chicas es diferente, porque la que destaque en j\u00fanior puede estar preparada para entrar en el primer equipo, pero en los chicos no. Todo esto deber\u00eda estar acompa\u00f1ado de una estructura que le permitiese ir dando saltos \u00a0progresivamente de categor\u00eda para acabar arriba.<\/p>\n<p><strong>\u00bfLa Liga U (sub-22) de la ACB contribuir\u00e1 a esto?\u00a0<\/strong><br \/>A ver c\u00f3mo sale. No creo que sea tampoco la soluci\u00f3n pero, bueno, por lo menos es una iniciativa para defender un poco m\u00e1s a este tipo de jugadores, porque lo tienen muy complicado para llegar a la \u00e9lite.<\/p>\n<p><strong>\u00bfY en clave lucense?<\/strong><br \/>En la ACB hay veintitantos jugadores espa\u00f1oles. Para ser uno de esos veintitantos y salir de una ciudad como Lugo, de 100.000 habitantes&#8230; Ya a nivel gallego competimos con A Coru\u00f1a, Vigo, etc. Cuando yo hablo de una cantera del Breog\u00e1n hay quien cree que destrozar\u00eda el resto de los clubes de aqu\u00ed, pero hay muchas formas de hacerla factible. Yo entiendo una cantera del Breog\u00e1n como un equipo que parte de la Minicopa, en la que ya se tiene que hacer una selecci\u00f3n, y que posea un equipo en Primera Divisi\u00f3n cadete y j\u00fanior y otro sub-22. \u00bfPor qu\u00e9? Como coment\u00e9, para que esos jugadores pudieran ir escalonadamente y aprovech\u00e1ndose de la estructura del Breog\u00e1n para seguir creciendo. Despu\u00e9s de ese sub-22 probablemente no estar\u00edan ni preparados para jugar en la \u00e9lite, pero gente de Lugo podr\u00eda tener su oportunidad, y para eso tiene que haber mucho trabajo detr\u00e1s.<\/p>\n<p><strong>H\u00e1bleme del torneo Lugo \u00e9 B\u00e1sket del domingo en el Pazo (12.30 horas) que enfrentar\u00e1 a Breog\u00e1n y San Pablo Burgos.<\/strong><br \/>En los \u00faltimos a\u00f1os organizamos la Copa Galicia y en este \u00a0volvi\u00f3 a surgir la oportunidad de hacer el torneo. Se lo propusimos al Breog\u00e1n y, aunque nuestra idea inicial era hacer un triangular, por fechas solo pudo ser a un \u00fanico partido. Creo que va a ser el t\u00edpico partido de pretemporada, pero un poco m\u00e1s, porque aunque evidentemente no tiene categor\u00eda de torneo oficial como ten\u00eda la Copa Galicia, a todos les gusta competir, ganar y llegar en las mejores condiciones posibles para el inicio de Liga. Como rival escogimos el San Pablo Burgos porque geogr\u00e1ficamente es el que m\u00e1s cerca est\u00e1 de Lugo, a unos 350 kil\u00f3metros, es decir, tres horas y media o cuatro en bus, y el trato con ellos fue muy bueno.\u00a0<\/p>\n<p><strong>El eterno h\u00e1ndicap de las comunicaciones&#8230;<\/strong><br \/>No es f\u00e1cil traer a gente a Lugo. Con los ponentes nos acontece lo mismo, porque llegar hasta aqu\u00ed para algunos es una odisea.<\/p>\n<p><strong>\u00bfFinancieramente, c\u00f3mo lo pueden afrontar?<\/strong><br \/>Para este partido hay una subvenci\u00f3n nominativa de la Diputaci\u00f3n. No va expresamente para este torneo, sino con cargo a las actividades que realizamos y nosotros las escogemos. B\u00e1sicamente es una inversi\u00f3n: t\u00fa organizas este torneo y esperas que el &#8216;ticketing&#8217; que generas sea mayor que los gastos que ocasiona. Cuando est\u00e1 el Breog\u00e1n sabemos que las opciones de \u00e9xito son grandes.<\/p>\n<p><strong>\u00bfC\u00f3mo va la venta de entradas?<\/strong><br \/>Ven\u00edamos de organizar la Copa Galicia, que era un t\u00edtulo oficial y el a\u00f1o pasado hab\u00eda morbo con el Obradoiro y tambi\u00e9n el Coru\u00f1a estaba en la ACB. Ahora mismo van casi mil entradas vendidas, incluyendo las invitaciones, y esperamos que la gente se anime o bien para adquirirlas en la plataforma web (entradas.lugobasket.es) o en la taquilla del Pazo el domingo.<\/p>\n<p><strong>Para concluir, \u00bfc\u00f3mo ve el futuro de la AXSC y del baloncesto lucense en general?<\/strong><br \/>La gente dice mucho que \u00abLugo es ciudad de baloncesto\u00bb y yo siempre digo que Lugo es ciudad del Breog\u00e1n, porque el Ensino por ejemplo pasa penurias econ\u00f3micas para juntar un presupuesto competitivo ya que no tiene mucha masa social. Y los dem\u00e1s clubes, pues tambi\u00e9n; los gastos federativos suben, hay falta de entrenadores&#8230; Quiz\u00e1 no estemos en el mejor momento. Lo que nos gustar\u00eda es que los jugadores que fuimos sacando y haciendo progresar los podamos ver alg\u00fan d\u00eda jugando en la \u00e9lite en nuestros torneos all\u00ed, en el medio de la pista del Pazo. Esa es mi ilusi\u00f3n.\u00a0<\/p>\n<p><strong>\u00bfY en cuanto a organizaci\u00f3n?<\/strong><br \/>Tambi\u00e9n me gustar\u00eda que \u00a0viniera a Lugo la selecci\u00f3n espa\u00f1ola de baloncesto, ahora que el seleccionador (Chus Mateo) es amigo, pero las condiciones que pone la Federaci\u00f3n son leoninas: hay que depositar un canon muy alto y se quedan con la gesti\u00f3n del &#8216;ticketing&#8217;. Por eso, o alguna instituci\u00f3n quiere patrocinarlo, que va a fondo perdido, o realmente no podemos aspirar a organizarla; pero bueno, seguro que en un futuro podremos intentarlo.<\/p>\n","protected":false},"excerpt":{"rendered":"Rub\u00e9n Engroba (Lugo, 1981) anhela traer alg\u00fan d\u00eda a la selecci\u00f3n espa\u00f1ola de baloncesto a la ciudad de&hellip;\n","protected":false},"author":2,"featured_media":142704,"comment_status":"","ping_status":"","sticky":false,"template":"","format":"standard","meta":{"footnotes":""},"categories":[269],"tags":[299,298,2512,8778,168,25,24,44232,44231,23,167],"class_list":{"0":"post-142703","1":"post","2":"type-post","3":"status-publish","4":"format-standard","5":"has-post-thumbnail","7":"category-baloncesto","8":"tag-baloncesto","9":"tag-basketball","10":"tag-cantera","11":"tag-cb-breogan","12":"tag-deportes","13":"tag-es","14":"tag-espana","15":"tag-lugo-e-basket","16":"tag-ruben-engroba","17":"tag-spain","18":"tag-sports"},"share_on_mastodon":{"url":"","error":""},"_links":{"self":[{"href":"https:\/\/www.europesays.com\/es\/wp-json\/wp\/v2\/posts\/142703","targetHints":{"allow":["GET"]}}],"collection":[{"href":"https:\/\/www.europesays.com\/es\/wp-json\/wp\/v2\/posts"}],"about":[{"href":"https:\/\/www.europesays.com\/es\/wp-json\/wp\/v2\/types\/post"}],"author":[{"embeddable":true,"href":"https:\/\/www.europesays.com\/es\/wp-json\/wp\/v2\/users\/2"}],"replies":[{"embeddable":true,"href":"https:\/\/www.europesays.com\/es\/wp-json\/wp\/v2\/comments?post=142703"}],"version-history":[{"count":0,"href":"https:\/\/www.europesays.com\/es\/wp-json\/wp\/v2\/posts\/142703\/revisions"}],"wp:featuredmedia":[{"embeddable":true,"href":"https:\/\/www.europesays.com\/es\/wp-json\/wp\/v2\/media\/142704"}],"wp:attachment":[{"href":"https:\/\/www.europesays.com\/es\/wp-json\/wp\/v2\/media?parent=142703"}],"wp:term":[{"taxonomy":"category","embeddable":true,"href":"https:\/\/www.europesays.com\/es\/wp-json\/wp\/v2\/categories?post=142703"},{"taxonomy":"post_tag","embeddable":true,"href":"https:\/\/www.europesays.com\/es\/wp-json\/wp\/v2\/tags?post=142703"}],"curies":[{"name":"wp","href":"https:\/\/api.w.org\/{rel}","templated":true}]}}