{"id":142725,"date":"2025-09-27T18:06:16","date_gmt":"2025-09-27T18:06:16","guid":{"rendered":"https:\/\/www.europesays.com\/es\/142725\/"},"modified":"2025-09-27T18:06:16","modified_gmt":"2025-09-27T18:06:16","slug":"ucrania-denuncio-que-la-central-nuclear-de-zaporizhzhia-lleva-cuatro-dias-fuera-de-servicio-por-las-acciones-rusas","status":"publish","type":"post","link":"https:\/\/www.europesays.com\/es\/142725\/","title":{"rendered":"Ucrania denunci\u00f3 que la central nuclear de Zaporizhzhia lleva cuatro d\u00edas fuera de servicio por las acciones rusas"},"content":{"rendered":"<p><img alt=\"Un militar con una bandera\" class=\"global-image\" decoding=\"async\" fetchpriority=\"high\" height=\"543\" loading=\"eager\" src=\"https:\/\/www.europesays.com\/es\/wp-content\/uploads\/2025\/09\/R4WP6AFVMCRK2R3LRPHHFY5UCM.jpg\" width=\"800\"\/>Un militar con una bandera rusa en su uniforme monta guardia cerca de la central nuclear de Zaporizhzhia en el transcurso del conflicto entre Ucrania y Rusia, a las afueras de la ciudad de Enerhodar, controlada por Rusia. REUTERS\/Alexander Ermochenko<\/p>\n<p class=\"paragraph\">La central nuclear de Zaporizhzhia, ocupada por Rusia, lleva cuatro d\u00edas consecutivos sin suministro el\u00e9ctrico, seg\u00fan informaron Ucrania y Rusia el s\u00e1bado, acus\u00e1ndose mutuamente de atacar las l\u00edneas de suministro el\u00e9ctrico.<\/p>\n<p class=\"paragraph\">Aunque los apagones en la mayor central nuclear de Europa son frecuentes debido a su proximidad a la l\u00ednea del frente, el actual es el m\u00e1s prolongado hasta la fecha, lo que, seg\u00fan los expertos, aumenta el riesgo de incidentes.<\/p>\n<p class=\"paragraph\"><b>\u201cComo resultado de las acciones rusas, la central nuclear de Zaporizhzhia lleva cuatro d\u00edas sin suministro el\u00e9ctrico\u201d<\/b>, declar\u00f3 el ministro de Asuntos Exteriores, Andriy Sybiga, en X.<\/p>\n<p class=\"paragraph\">Rusia indic\u00f3 que la central ha estado recibiendo suministro el\u00e9ctrico de emergencia desde el martes, cuando, seg\u00fan inform\u00f3, Ucrania atac\u00f3 la red.<\/p>\n<p class=\"paragraph\"><b>\u201cA partir del 23 de septiembre de 2025, el suministro el\u00e9ctrico para las necesidades de la central nuclear de Zaporizhzhia se proporcionar\u00e1 mediante generadores di\u00e9sel de emergencia\u201d<\/b>, declar\u00f3 en Telegram el operador de la central, respaldado por Mosc\u00fa.<\/p>\n<p class=\"paragraph\">A\u00f1adi\u00f3 que exist\u00edan reservas \u201csuficientes\u201d de di\u00e9sel para operar \u201cdurante un per\u00edodo prolongado\u201d, sin especificar cu\u00e1nto tiempo exactamente.<\/p>\n<p class=\"paragraph\"><b>\u201cLos generadores di\u00e9sel de emergencia se consideran una \u00faltima l\u00ednea de defensa que solo se debe utilizar en circunstancias extremas\u201d<\/b>, declar\u00f3 la ONG Greenpeace Ucrania.<\/p>\n<p class=\"paragraph\">El grupo afirm\u00f3 que Mosc\u00fa podr\u00eda aprovechar la crisis \u201cpara intentar reconectarse a la red el\u00e9ctrica temporal de Ucrania, ocupada por Rusia\u201d, para reiniciar uno de los reactores posteriormente.<\/p>\n<p class=\"paragraph\">El director del OIEA, <b>Rafael Grossi<\/b>, estuvo en Mosc\u00fa esta semana para conversar con el presidente Vladimir Putin y la agencia nuclear rusa Rosatom sobre la seguridad en Zaporizhzhia.<\/p>\n<p><img alt=\"El Director General del Organismo\" class=\"global-image\" decoding=\"async\" fetchpriority=\"low\" height=\"3321\" loading=\"lazy\" src=\"https:\/\/www.europesays.com\/es\/wp-content\/uploads\/2025\/09\/Y7RQOUXLU5CGXMXNVIAB7JAVAA.JPG\" width=\"4950\"\/>El Director General del Organismo Internacional de Energ\u00eda At\u00f3mica (OIEA), Rafael Grossi. REUTERS\/Ramil Sitdikov\/Pool\/File Photo<\/p>\n<p class=\"paragraph\">Los seis reactores de la planta, que antes de la guerra produc\u00edan alrededor de una quinta parte de la electricidad de Ucrania, han estado cerrados desde que Mosc\u00fa tom\u00f3 el control de la planta en las primeras semanas de la guerra en 2022.<\/p>\n<p class=\"paragraph\">Sin embargo, la planta necesita energ\u00eda para mantener los sistemas de refrigeraci\u00f3n y seguridad, que evitan la fusi\u00f3n de los reactores, un proceso que podr\u00eda desencadenar un incidente nuclear. Desde el comienzo de la guerra, Zaporiyia ha sufrido m\u00faltiples amenazas a su seguridad, incluyendo frecuentes bombardeos en las inmediaciones, repetidos cortes de electricidad y escasez de personal.<\/p>\n<p class=\"paragraph\">Ubicada cerca de la ciudad de Enerhodar, a orillas del r\u00edo Dni\u00e9per, la central nuclear de Zaporiyia est\u00e1 cerca de la l\u00ednea del frente. Tanto Mosc\u00fa como Kiev se han acusado mutuamente en repetidas ocasiones de arriesgarse a un desastre nuclear potencialmente devastador al atacar la central.<\/p>\n<p class=\"paragraph\">(Con informaci\u00f3n de AFP)<\/p>\n","protected":false},"excerpt":{"rendered":"Un militar con una bandera rusa en su uniforme monta guardia cerca de la central nuclear de Zaporizhzhia&hellip;\n","protected":false},"author":2,"featured_media":142726,"comment_status":"","ping_status":"","sticky":false,"template":"","format":"standard","meta":{"footnotes":""},"categories":[42],"tags":[17,18,13,14,11,61,62,63,64,19,20,9,10,15,16,12,21,22,65,66,67],"class_list":{"0":"post-142725","1":"post","2":"type-post","3":"status-publish","4":"format-standard","5":"has-post-thumbnail","7":"category-internacional","8":"tag-breaking-news","9":"tag-breakingnews","10":"tag-featured-news","11":"tag-featurednews","12":"tag-headlines","13":"tag-internacional","14":"tag-international","15":"tag-international-news","16":"tag-internationalnews","17":"tag-latest-news","18":"tag-latestnews","19":"tag-news","20":"tag-noticias","21":"tag-noticias-destacadas","22":"tag-noticiasdestacadas","23":"tag-titulares","24":"tag-ultimas-noticias","25":"tag-ultimasnoticias","26":"tag-world","27":"tag-world-news","28":"tag-worldnews"},"share_on_mastodon":{"url":"","error":""},"_links":{"self":[{"href":"https:\/\/www.europesays.com\/es\/wp-json\/wp\/v2\/posts\/142725","targetHints":{"allow":["GET"]}}],"collection":[{"href":"https:\/\/www.europesays.com\/es\/wp-json\/wp\/v2\/posts"}],"about":[{"href":"https:\/\/www.europesays.com\/es\/wp-json\/wp\/v2\/types\/post"}],"author":[{"embeddable":true,"href":"https:\/\/www.europesays.com\/es\/wp-json\/wp\/v2\/users\/2"}],"replies":[{"embeddable":true,"href":"https:\/\/www.europesays.com\/es\/wp-json\/wp\/v2\/comments?post=142725"}],"version-history":[{"count":0,"href":"https:\/\/www.europesays.com\/es\/wp-json\/wp\/v2\/posts\/142725\/revisions"}],"wp:featuredmedia":[{"embeddable":true,"href":"https:\/\/www.europesays.com\/es\/wp-json\/wp\/v2\/media\/142726"}],"wp:attachment":[{"href":"https:\/\/www.europesays.com\/es\/wp-json\/wp\/v2\/media?parent=142725"}],"wp:term":[{"taxonomy":"category","embeddable":true,"href":"https:\/\/www.europesays.com\/es\/wp-json\/wp\/v2\/categories?post=142725"},{"taxonomy":"post_tag","embeddable":true,"href":"https:\/\/www.europesays.com\/es\/wp-json\/wp\/v2\/tags?post=142725"}],"curies":[{"name":"wp","href":"https:\/\/api.w.org\/{rel}","templated":true}]}}