{"id":142727,"date":"2025-09-27T18:07:11","date_gmt":"2025-09-27T18:07:11","guid":{"rendered":"https:\/\/www.europesays.com\/es\/142727\/"},"modified":"2025-09-27T18:07:11","modified_gmt":"2025-09-27T18:07:11","slug":"el-ingreso-minimo-vital-no-puede-ser-efecto-llamada","status":"publish","type":"post","link":"https:\/\/www.europesays.com\/es\/142727\/","title":{"rendered":"el ingreso m\u00ednimo vital no puede ser \u00abefecto llamada\u00bb"},"content":{"rendered":"<p>El secretario general del Partido Popular, <strong>Miguel Tellado<\/strong>, ha dicho este s\u00e1bado que el ingreso m\u00ednimo vital no naci\u00f3 \u00abpara convertirse en un efecto llamada y un agravio para las familias que cotizan\u00bb a la Seguridad Social, sino para proteger a quienes lo necesitan. <\/p>\n<p>\u00abLas ayudas no pueden convertirse en un efecto llamada a la ilegalidad\u00bb, ha afirmado a las puertas de un restaurante en Murcia donde este fin de semana se re\u00fanen los presidentes auton\u00f3micos del PP para redefinir su estrategia en el reto migratorio. \u00abNos guiar\u00e1 una m\u00e1xima; contribuir tiene que ser condici\u00f3n para permanecer\u00bb, ha recalcado. <\/p>\n<p>A su juicio, la gesti\u00f3n de la inmigraci\u00f3n del Gobierno supone un \u00abagravio\u00bb para las familias que cotizan, para los aut\u00f3nomos, para los parados que han contribuido al sistema. \u00abEs injusto para los que siempre han tirado del carro\u00bb, ha considerado, as\u00ed como para \u00ablos cientos de miles de inmigrantes que se esfuerzan cada d\u00eda\u00bb. <\/p>\n<p>En este sentido, ha reiterado el compromiso de su partido para \u00abrecuperar el orden y la ley, proteger las fronteras, luchar contra las mafias, expulsar a los que vengan a delinquir y garantizar la integraci\u00f3n de quien viene a sumar\u00bb. <\/p>\n<p>Asegura que la citaci\u00f3n de G\u00f3mez es una \u00abverg\u00fcenza internacional\u00bb<\/p>\n<p>En cuanto a <a href=\"https:\/\/www.rtve.es\/noticias\/20240424\/juzgado-abre-diligencias-contra-begona-gomez-presunto-trafico-influencias-corrupcion-negocios\/16074318.shtml\" rel=\"nofollow noopener\" target=\"_blank\">la citaci\u00f3n esta tarde de Bego\u00f1a G\u00f3mez<\/a>, la mujer del presidente del Gobierno, ha opinado que \u00abes citada una vez m\u00e1s, para escarnio de S\u00e1nchez y todo su s\u00e9quito, para verg\u00fcenza internacional\u00bb . Asimismo, ha recordado que se trata \u00abde hasta cinco delitos que se habr\u00edan cometido al calor de la presidencia del Gobierno, y Espa\u00f1a no se merece esta degradaci\u00f3n\u00bb.<\/p>\n<p>Adem\u00e1s, ha criticado <a href=\"https:\/\/www.rtve.es\/noticias\/20250918\/oposicion-acusa-gobierno-desproteger-mujeres-fallos-pulseras-antimaltrato\/16734190.shtml\" rel=\"nofollow noopener\" target=\"_blank\">el fallo de las pulseras antimaltrato<\/a> y, por ello, <strong>ha exigido la dimisi\u00f3n de la ministra de Igualdad, Ana Redondo,<\/strong> y la realizaci\u00f3n de una auditor\u00eda externa del sistema empleado, as\u00ed como que se trasladen los resultados a las comunidades aut\u00f3nomas. \u00abPrometemos devolver al Gobierno de Espa\u00f1a la lucha por la igualdad real\u00bb, ha manifestado en un v\u00eddeo difundido por la formaci\u00f3n, dado que el encuentro se celebra a puerta cerrada.<\/p>\n<p>Otra  de las cuestiones que est\u00e1n siendo tratadas en este encuentro es el <strong>transporte ferroviario. <\/strong>En este sentido ha avanzado que est\u00e1n trabajando en<strong> un cat\u00e1logo integral de soluciones <\/strong>que incluye un plan de contingencia para el servicio ferroviario, recuperar las indemnizaciones por retrasos en el AVE y, tambi\u00e9n, un Plan Nacional de Infraestructuras de Movilidad que vuelva a activar la \u00abinversi\u00f3n perdida en estos a\u00f1os sin presupuestos\u00bb. <\/p>\n<p>PSOE y Sumar critican las propuestas del PP<\/p>\n<p>Sobre inmigraci\u00f3n tambi\u00e9n han tratado este s\u00e1bado <strong>PSOE y Sumar<\/strong>. En palabras del ministro para la Transformaci\u00f3n Digital y de la Funci\u00f3n P\u00fablica, <strong>\u00d3scar L\u00f3pez<\/strong>, las propuestas del PP solo tienen un objetivo: \u00abVolver a alimentar la xenofobia, copiar a Vox y hacer un discurso de ultraderecha\u00bb. <\/p>\n<p>La vicepresidenta primera y ministra de Hacienda, <strong>Mar\u00eda Jes\u00fas Montero<\/strong>, por su parte, ha acusado al PP de criminalizar a los migrantes. \u00abEl PP no se diferencia de Vox. Alimenta a la bestia y como siga aliment\u00e1ndolo se comen a todo lo que se ponga por delante\u00bb, ha dicho en un mitin desde Granada. <\/p>\n<p>Desde Sumar tambi\u00e9n acusan a los populares de hacer que la inmigraci\u00f3n sea percibida como uno de los grandes problemas del pa\u00eds.<\/p>\n<p>\t\tEl PSOE cree que Bego\u00f1a G\u00f3mez sufre una persecuci\u00f3n injusta y el PP lo califica de verg\u00fcenza internacional\t<\/p>\n","protected":false},"excerpt":{"rendered":"El secretario general del Partido Popular, Miguel Tellado, ha dicho este s\u00e1bado que el ingreso m\u00ednimo vital no&hellip;\n","protected":false},"author":2,"featured_media":142728,"comment_status":"","ping_status":"","sticky":false,"template":"","format":"standard","meta":{"footnotes":""},"categories":[8],"tags":[17,18,25,24,13,14,11,19,20,9,10,15,16,23,12,21,22],"class_list":{"0":"post-142727","1":"post","2":"type-post","3":"status-publish","4":"format-standard","5":"has-post-thumbnail","7":"category-espana","8":"tag-breaking-news","9":"tag-breakingnews","10":"tag-es","11":"tag-espana","12":"tag-featured-news","13":"tag-featurednews","14":"tag-headlines","15":"tag-latest-news","16":"tag-latestnews","17":"tag-news","18":"tag-noticias","19":"tag-noticias-destacadas","20":"tag-noticiasdestacadas","21":"tag-spain","22":"tag-titulares","23":"tag-ultimas-noticias","24":"tag-ultimasnoticias"},"share_on_mastodon":{"url":"","error":""},"_links":{"self":[{"href":"https:\/\/www.europesays.com\/es\/wp-json\/wp\/v2\/posts\/142727","targetHints":{"allow":["GET"]}}],"collection":[{"href":"https:\/\/www.europesays.com\/es\/wp-json\/wp\/v2\/posts"}],"about":[{"href":"https:\/\/www.europesays.com\/es\/wp-json\/wp\/v2\/types\/post"}],"author":[{"embeddable":true,"href":"https:\/\/www.europesays.com\/es\/wp-json\/wp\/v2\/users\/2"}],"replies":[{"embeddable":true,"href":"https:\/\/www.europesays.com\/es\/wp-json\/wp\/v2\/comments?post=142727"}],"version-history":[{"count":0,"href":"https:\/\/www.europesays.com\/es\/wp-json\/wp\/v2\/posts\/142727\/revisions"}],"wp:featuredmedia":[{"embeddable":true,"href":"https:\/\/www.europesays.com\/es\/wp-json\/wp\/v2\/media\/142728"}],"wp:attachment":[{"href":"https:\/\/www.europesays.com\/es\/wp-json\/wp\/v2\/media?parent=142727"}],"wp:term":[{"taxonomy":"category","embeddable":true,"href":"https:\/\/www.europesays.com\/es\/wp-json\/wp\/v2\/categories?post=142727"},{"taxonomy":"post_tag","embeddable":true,"href":"https:\/\/www.europesays.com\/es\/wp-json\/wp\/v2\/tags?post=142727"}],"curies":[{"name":"wp","href":"https:\/\/api.w.org\/{rel}","templated":true}]}}