{"id":142729,"date":"2025-09-27T18:08:06","date_gmt":"2025-09-27T18:08:06","guid":{"rendered":"https:\/\/www.europesays.com\/es\/142729\/"},"modified":"2025-09-27T18:08:06","modified_gmt":"2025-09-27T18:08:06","slug":"carvajal-este-resultado-tiene-que-picarnos-para-sacar-el-coraje-en-los-proximos-partidos-real-madrid","status":"publish","type":"post","link":"https:\/\/www.europesays.com\/es\/142729\/","title":{"rendered":"Carvajal: \u201cEste resultado tiene que picarnos para sacar el coraje en los pr\u00f3ximos partidos&quot; &#8211; Real Madrid"},"content":{"rendered":"<ol>\n<li><a href=\"https:\/\/news.google.com\/rss\/articles\/CBMi2gFBVV95cUxQd0dhVGJUX2hSRlI0blc5SjdhbGtsODV1U1BjTHdMazl2MnEwcVZRWTVESHY5N0JDQmJka1gwYldtZlprRVhlZlFNX1BSSEFCTDZKYk1UUzBCMjE4eVlLcEhxTEJrM2Vja21RN0tqOVd4LWtMUWNFU1hLWUV3R09xU0ZuZlEzUjNCbDQwUmF5MXVQX3RCbmhJc1Z3Y0FERzU3N1lneWQtTlNFNFdNVGw5SXFZX08yN0R2MVd2X2E1OWl3UVZLaDFyUTQ5VG1VOXNKRlQ4c2hKTDEtZw?oc=5\" target=\"_blank\" rel=\"nofollow noopener\">Carvajal: \u201cEste resultado tiene que picarnos para sacar el coraje en los pr\u00f3ximos partidos\u00bb<\/a>&nbsp;&nbsp;Real Madrid<\/li>\n<li><a href=\"https:\/\/news.google.com\/rss\/articles\/CBMi1AFBVV95cUxOZ3RVenVDdjZ2NnRVSUw0SFdJWmRNRkVRNHRkSExMZU5FWU9RMFE0MFlsLWYwbDY2QnRKRFNNSHF0WXVDWXhWeGNpMnZsTlFzb2ZDTDM3WEx6bEtvOE5yWGRNREtjN0JiYW9xemIyX2Y5ako1N2ZPZ2ZfM2tGSkdQWFFXV3IxeHd0U0JnQmRva2tFcVZGeG5TbFdnX195Z0dhVkxRa3gwZkR6Wm0xXzFaUDV6MXJYcnYyU3lCdkJOTmR3MGV4ajMtcmU3cGF2Ukw5MnoyMtIB6AFBVV95cUxQejF3TVlfSkF4TnRDUnJPNndCZERzdFZ2c19Qb0duczg0WnJvdDlqYVVFVkthNF9jUWRvSXhNRmxybHd2eEJGNjFuTll1TTZYaDVfd2JYLXMwUDdNMGJweE9Cb0dOU0dPdElQRXNiRVJjeFFyeWZvM0VjdFRWbXJ6dS1MVC1QQ2tBcnRLZ3dBUnQxUzlEcnRDNUE0cm83SUtEZXVybWFVdkNJV0NLVjFuaFJaVmpMUXh3QnVWVUw0clAxVXNSU1U5OVQ0N1N0Rk9zS2ZfWk1fSlF2S3E0TUFQVVk1dmV4djRx?oc=5\" target=\"_blank\" rel=\"nofollow noopener\">Las pol\u00e9micas de la jornada 7 en LaLiga EA Sports: todos los penaltis, expulsiones y jugadas controvertidas<\/a>&nbsp;&nbsp;Diario AS<\/li>\n<li><a href=\"https:\/\/news.google.com\/rss\/articles\/CBMirwFBVV95cUxOcFpZUHNiWWFRWUtyM0UzeUhTbGJyVFVWMVh5WEctNk56ZHRZd2h0aFAwdGVZQUFtdEUwZEhYenNtOEhHNkpvcGpWZldhcUN3M205YzBuNE5YdzFURk9nbjRvLUszeTU3cU9aQkVqUkFkZy15V2FzMzc4ZXhCVjl3S0R3dDA0MVRIMHFmeWlhc24zTlplM0QzSEtwSWhBYXlaYWhVZVl0X1d2M1JGQnpJ0gGvAUFVX3lxTE9uWkhVUjJnX2tnV3ROQy1rVXg5dXpYSmQycHpYVnRld2Y1X0hhazZYUTljNEZ3SnJWcDBKWmdPNERMSmdBb3pRcjRtTl9ZdjAwSjVqaGg4QVhJaEdNa2M1WEZCQ3NXdVR4bnJ2bEkzRWxJUy1OWS1MWi14b3hmMEFIZEhyalc1dFJ4ejlvZWwzdVRGTVpoSzQweS04OHJCb1MyNU5FcnVYVi1ubTItRWs?oc=5\" target=\"_blank\" rel=\"nofollow noopener\">Carvajal: \u00abLo de Sorloth a ver si nos lo explican as\u00ed al empezar la competici\u00f3n\u00bb<\/a>&nbsp;&nbsp;MARCA<\/li>\n<li><a href=\"https:\/\/news.google.com\/rss\/articles\/CBMi6wFBVV95cUxOX1FqRGJaYUtDUk1aVXhrbDFRVWlBRm4wZmtoNjA5dGJlcmdBNG82aUhSQmlsVC1QbEpJT1dXa3dYR2NTS0E3bzRVbUJrSzVYMEdna25hbGxyd1JTS0ZUMHZ0eF8xeVpsaWtyVmxoSzFubGRzanptXzVoUzhpZW1aTDFzQmRuelg3T3lJdXpGNUxGV1lJYjVGalU4NVdyRC03cTBZaXZZSmdfSm0xR3FtZEt3aE5mUVdpcU9XbmhJMVhXdGJqV3puRkJPT0FZXzFJcF84al9LcXYzOXIwajNHdUZFajg2YndiZ19v?oc=5\" target=\"_blank\" rel=\"nofollow noopener\">\u00bfPor qu\u00e9 no fue segunda amarilla a Alexander Sorloth por celebrar con la grada? Esto dice el reglamento<\/a>&nbsp;&nbsp;DAZN<\/li>\n<li><a href=\"https:\/\/news.google.com\/rss\/articles\/CBMiigJBVV95cUxPZjlOU2F1Sm16eEpPYWpjUloxaXZLVkRtNWNqakxfVXZmT3poaUNlY0d2UEdJV3BtQWlGRi16S0lMTWQ3MkRHTklZX24zVm8xUl9FM1ZnYlByUlkxSHdodm5LUmpVNEE2MWJvVnpiNkE1RWFEaXNqTllUdHF6ZElmUElwTzdQQjF1QzJMYTJjVERrc015RUZPaDU2ZjFfSXJ3S1FfSlJsNE1RODROdTNhdS01Q2NVc254U3N4R0pwRnJqVzI5TzNPZ1FTTDFjeDhXb2Z2X0h6OGItOFBFSGVaQlp0dzNQTms5dlBkWkdQamdsN1pNODVQNmgyVVo2NkhadjJoUVJSWkJnQdIBngJBVV95cUxNZVlGV0tLcmpWY01pYjNuWFFQU0E2ZktmbTk1aGRNYTZkY1dIUGcxVzlyVmpBcEdNbnN0bzU4N1pfc0FOZDdlTWpFRzEyblAtTTBvdnYtdXJsUFFLM2hvZm5kVHQ4cnUzRjBqVnF2Nld2MEZia3hQYlAyanRxc3JXclFZbUFETS0zcE5iYmpuaFF5YTU0V2FJMDJwOFRnazFzS0hTVmI4WVA5TW50Y182b0RfdTNJNDlWWXRSUDBHOEVpamNLdzJxalUxc2FoeHY2ekpaZWVwcnFMZGRGRTRJSDFVSTZtQlZWOVRzcHppd0VoQTExb0RxcnFFVENkOFVMcGcyN2hxVGVkREFKSHRlbXh2WW8wQUZqeU16M0pR?oc=5\" target=\"_blank\" rel=\"nofollow noopener\">Iturralde Gonz\u00e1lez, ex \u00e1rbitro, sobre si Sorloth debi\u00f3 ver la segunda amarilla por celebrar con el p\u00fablico: &amp;q<\/a>&nbsp;&nbsp;La Raz\u00f3n<\/li>\n<\/ol>\n","protected":false},"excerpt":{"rendered":"Carvajal: \u201cEste resultado tiene que picarnos para sacar el coraje en los pr\u00f3ximos partidos\u00bb&nbsp;&nbsp;Real Madrid Las pol\u00e9micas de&hellip;\n","protected":false},"author":2,"featured_media":135830,"comment_status":"","ping_status":"","sticky":false,"template":"","format":"standard","meta":{"footnotes":""},"categories":[5],"tags":[17,18,25,24,13,14,11,6523,19,20,9,10,15,16,3048,23,12,21,22],"class_list":{"0":"post-142729","1":"post","2":"type-post","3":"status-publish","4":"format-standard","5":"has-post-thumbnail","7":"category-titulares","8":"tag-breaking-news","9":"tag-breakingnews","10":"tag-es","11":"tag-espana","12":"tag-featured-news","13":"tag-featurednews","14":"tag-headlines","15":"tag-home","16":"tag-latest-news","17":"tag-latestnews","18":"tag-news","19":"tag-noticias","20":"tag-noticias-destacadas","21":"tag-noticiasdestacadas","22":"tag-real-madrid","23":"tag-spain","24":"tag-titulares","25":"tag-ultimas-noticias","26":"tag-ultimasnoticias"},"share_on_mastodon":{"url":"","error":""},"_links":{"self":[{"href":"https:\/\/www.europesays.com\/es\/wp-json\/wp\/v2\/posts\/142729","targetHints":{"allow":["GET"]}}],"collection":[{"href":"https:\/\/www.europesays.com\/es\/wp-json\/wp\/v2\/posts"}],"about":[{"href":"https:\/\/www.europesays.com\/es\/wp-json\/wp\/v2\/types\/post"}],"author":[{"embeddable":true,"href":"https:\/\/www.europesays.com\/es\/wp-json\/wp\/v2\/users\/2"}],"replies":[{"embeddable":true,"href":"https:\/\/www.europesays.com\/es\/wp-json\/wp\/v2\/comments?post=142729"}],"version-history":[{"count":0,"href":"https:\/\/www.europesays.com\/es\/wp-json\/wp\/v2\/posts\/142729\/revisions"}],"wp:featuredmedia":[{"embeddable":true,"href":"https:\/\/www.europesays.com\/es\/wp-json\/wp\/v2\/media\/135830"}],"wp:attachment":[{"href":"https:\/\/www.europesays.com\/es\/wp-json\/wp\/v2\/media?parent=142729"}],"wp:term":[{"taxonomy":"category","embeddable":true,"href":"https:\/\/www.europesays.com\/es\/wp-json\/wp\/v2\/categories?post=142729"},{"taxonomy":"post_tag","embeddable":true,"href":"https:\/\/www.europesays.com\/es\/wp-json\/wp\/v2\/tags?post=142729"}],"curies":[{"name":"wp","href":"https:\/\/api.w.org\/{rel}","templated":true}]}}