{"id":142744,"date":"2025-09-27T18:20:11","date_gmt":"2025-09-27T18:20:11","guid":{"rendered":"https:\/\/www.europesays.com\/es\/142744\/"},"modified":"2025-09-27T18:20:11","modified_gmt":"2025-09-27T18:20:11","slug":"tuvo-que-cerrar-dos-empresas-se-reinvento-y-fundo-otras-dos-con-una-de-ellas-vende-libros-en-paises-como-suecia-alemania-australia-y-espana","status":"publish","type":"post","link":"https:\/\/www.europesays.com\/es\/142744\/","title":{"rendered":"Tuvo que cerrar dos empresas, se reinvent\u00f3 y fund\u00f3 otras dos; con una de ellas vende libros en pa\u00edses como Suecia, Alemania, Australia y Espa\u00f1a"},"content":{"rendered":"<p>Adriana P\u00e1ez repite que no hay que hacer caso si alguien dice que uno no es capaz de algo. No es su \u00fanico lema.<\/p>\n<p class=\"default__StyledText-sc-oqc75h-0 eboBmv body-paragraph\">Dos veces y en momentos distintos vio crecer a sus empresas de pijamas infantiles Nana\u2019s Collection y Chikis &amp; Moms. Luego tuvo que cerrarlas. <\/p>\n<p class=\"default__StyledText-sc-oqc75h-0 eboBmv body-paragraph\">En el \u00ednterin estuvo en firmas internacionales. Al ver que ya no tendr\u00eda esas oportunidades, se enfoc\u00f3 en sus dos actuales negocios: Nana\u2019s Collection Books de libros terap\u00e9uticos y The Magnets Lab.CR de fotoimanes. Est\u00e1n en pleno crecimiento.<\/p>\n<p class=\"default__StyledText-sc-oqc75h-0 eboBmv body-paragraph\">\u201cRenazco con dos proyectos que reflejan lo que soy hoy: una mujer con cicatrices, madurez y aprendizajes. Una mujer que atraves\u00f3 el dolor de cerrar, endeudarse y ser rechazada\u201c, dijo Adriana.<\/p>\n<p class=\"default__StyledText-sc-oqc75h-0 eboBmv body-paragraph\">Nada de eso apacigua su optimismo, extroversi\u00f3n y alegr\u00eda.<\/p>\n<p><img decoding=\"async\" data-chromatic=\"ignore\" alt=\"Adriana P\u00e1ez, emprender, libros para colorear, fotoimanes\" class=\"c-image\" loading=\"lazy\" src=\"https:\/\/www.europesays.com\/es\/wp-content\/uploads\/2025\/09\/WVZOQAOQQJAD7DHTBDIOGQNDR4.jpg\"  width=\"4032\" height=\"3024\"\/>Adriana P\u00e1ez se concentra en expandir la venta de sus libros terap\u00e9uticos para colorear y de fotoimanes. (Foto Carlos Cordero) (Carlos Cordero P\u00e9rez\/Carlos Cordero) <b>En firmas top<\/b><\/p>\n<p class=\"default__StyledText-sc-oqc75h-0 eboBmv body-paragraph\">Adriana vivi\u00f3 en Desamparados y San Francisco de Dos R\u00edos. Estuvo en la Escuela Joaqu\u00edn Garc\u00eda Monge y el Colegio Rosario (Zapote).<\/p>\n<p class=\"default__StyledText-sc-oqc75h-0 eboBmv body-paragraph\">Junto a su pasi\u00f3n por la lectura, de ni\u00f1a se dio cuenta de sus habilidades para vender de todo. Vend\u00eda lapiceros, papel carta y cualquier cosa que se le pusiera a mano.<\/p>\n<p class=\"default__StyledText-sc-oqc75h-0 eboBmv body-paragraph\">Ingres\u00f3 a la Universidad de Costa Rica (UCR) en 1993 y empez\u00f3 administraci\u00f3n. Tuvo que trabajar y sigui\u00f3 en la Universidad Aut\u00f3noma de Centroam\u00e9rica (UACA). <\/p>\n<p class=\"default__StyledText-sc-oqc75h-0 eboBmv body-paragraph\">M\u00e1s tarde, en la farmac\u00e9utica GSK, estuvo en recursos humanos. Fue cuando se cas\u00f3 y nacieron su hija, Mariana, y su hijo, Diego. Se dedic\u00f3 a la familia. Pero descubri\u00f3 pronto un negocio.<\/p>\n<p class=\"default__StyledText-sc-oqc75h-0 eboBmv body-paragraph\">Como no encontraba pijamas de piecito (mamelucos, de una sola pieza), las encarg\u00f3 a una costurera y fund\u00f3 Nana\u2019s Collection Pijamas en 2003. <\/p>\n<p class=\"default__StyledText-sc-oqc75h-0 eboBmv body-paragraph\">Sal\u00eda de Moravia, donde viv\u00eda entonces, a visitar las tiendas en un viejo autom\u00f3vil, todav\u00eda con Mariana de tres a\u00f1os y Diego en brazos.<\/p>\n<p class=\"default__StyledText-sc-oqc75h-0 eboBmv body-paragraph\">Con los anuncios econ\u00f3micos logr\u00f3 colocar sus productos en tiendas de Guanacaste, Puntarenas y Lim\u00f3n. Iba a las ferias de las asociaciones solidaristas. <\/p>\n<p class=\"default__StyledText-sc-oqc75h-0 eboBmv body-paragraph\">La crisis financiera de 2008, la inundaci\u00f3n de productos fabricados en China y las cadenas comerciales de art\u00edculos de bajo precio acabaron con el negocio.<\/p>\n<p class=\"default__StyledText-sc-oqc75h-0 eboBmv body-paragraph\">Adriana prepar\u00f3 su curriculum y actualiz\u00f3 su perfil de LinkedIn. Ingres\u00f3 a HP en reclutamiento de talento. Despu\u00e9s la llamaron de Avantica, Deloitte y PwC.<\/p>\n<p class=\"default__StyledText-sc-oqc75h-0 eboBmv body-paragraph\">En esa \u00e9poca complet\u00f3 su carrera y una maestr\u00eda en recursos humanos. Se cas\u00f3 por segunda vez. Mariana y Diego ya iban encaminados: en la actualidad estudian en el Instituto Tecnol\u00f3gico de Costa Rica.<\/p>\n<p><img decoding=\"async\" data-chromatic=\"ignore\" alt=\"Adriana P\u00e1ez, emprender, libros para colorear, fotoimanes\" class=\"c-image\" loading=\"lazy\" src=\"https:\/\/www.europesays.com\/es\/wp-content\/uploads\/2025\/09\/Q43KWTULWBAYXHXWXEPQHI6DRE.jpg\"  width=\"4032\" height=\"3024\"\/>Antes del cierre cada uno de sus proyectos, Adriana se fue preparando para cada nuevo paso profesional o emprendedor. (Foto Carlos Cordero) (Carlos Cordero P\u00e9rez\/Carlos Cordero) <b>Accidente<\/b><\/p>\n<p class=\"default__StyledText-sc-oqc75h-0 eboBmv body-paragraph\">Adriana estaba en PwC, una de las consultoras m\u00e1s importantes junto a Deloitte y otras firmas.<\/p>\n<p class=\"default__StyledText-sc-oqc75h-0 eboBmv body-paragraph\">Un d\u00eda, al asistir a una reuni\u00f3n con un cliente, estacion\u00f3 en el parqueo, baj\u00f3 y no vio un charco de aceite. Se resbal\u00f3 y se lesion\u00f3: siete meses de incapacidad. Al reincoporarse, su puesto estaba ocupado. Ella lo intu\u00eda.<\/p>\n<p class=\"default__StyledText-sc-oqc75h-0 eboBmv body-paragraph\">Cre\u00f3 Chikis &amp; Moms. En lugar de pijamas, fabricaba mediante maquila y vend\u00eda almohadas de embarazo y lactancia, s\u00e1banas y protectores para cunas, entre otros. <\/p>\n<p class=\"default__StyledText-sc-oqc75h-0 eboBmv body-paragraph\">Llev\u00f3 cursos para pymes, se dio a conocer en Facebook (tuvo 52.000 seguidores) y lanz\u00f3 su sitio web. Lleg\u00f3 a enviar productos hasta Talamanca. Le dieron un reconocimiento de Pymexpress, el servicio de entregas de Correos de Costa Rica. <\/p>\n<p class=\"default__StyledText-sc-oqc75h-0 eboBmv body-paragraph\">Para la pandemia las ventas se mantuvieron y luego crecieron. Contrat\u00f3 costureras y dos asistentes.<\/p>\n<p class=\"default__StyledText-sc-oqc75h-0 eboBmv body-paragraph\">Adriana se plante\u00f3 entrar en grandes tiendas. En una cadena, el encargado de proveedur\u00eda la recibi\u00f3 y le prometi\u00f3 comprarle.<\/p>\n<p class=\"default__StyledText-sc-oqc75h-0 eboBmv body-paragraph\">Ella se inscribi\u00f3 como proveedora. No quer\u00eda quedar mal cuando llegara la orden de compra. Con un cr\u00e9dito de \u00a210 millones compr\u00f3 m\u00e1quinas (planas, overlock y cortadora industrial) e insumos (tela, hilo y accesorios). Esper\u00f3. \u201cMe embarqu\u00e9\u201d, dijo. \u201cEra el negocio de mi vida\u201d.<\/p>\n<p class=\"default__StyledText-sc-oqc75h-0 eboBmv body-paragraph\">Los meses pasaron. Adriana cumpli\u00f3 (todav\u00eda lo hace) las mensualidades del cr\u00e9dito. La inflaci\u00f3n del 2022, la ca\u00edda del tipo de cambio, la saturaci\u00f3n de productos chinos y de outlets y la baja natalidad, que se sent\u00eda ya en el mercado, dieron el golpe final. <\/p>\n<p class=\"default__StyledText-sc-oqc75h-0 eboBmv body-paragraph\">Vend\u00eda una quinta parte de lo usual y el saldo daba negativo. Era insostenible. Vendi\u00f3 el autom\u00f3vil que sac\u00f3 de agencia, las m\u00e1quinas y la materia prima. Cerr\u00f3 en octubre de 2024.<\/p>\n<p><img decoding=\"async\" data-chromatic=\"ignore\" alt=\"Adriana P\u00e1ez, emprender, libros para colorear, fotoimanes\" class=\"c-image\" loading=\"lazy\" src=\"https:\/\/www.europesays.com\/es\/wp-content\/uploads\/2025\/09\/WPUD4HVC3JAA7BHTCRPR7IBWMQ.jpg\"  width=\"4032\" height=\"3024\"\/>Empez\u00f3 en 2024 con un libro terap\u00e9utico para colorear. Ahora su portafolio abarca una docena de t\u00edtulos. (Foto Carlos Cordero) (Carlos Cordero P\u00e9rez\/Carlos Cordero) <img decoding=\"async\" data-chromatic=\"ignore\" alt=\"Adriana P\u00e1ez, emprender, libros para colorear, fotoimanes\" class=\"c-image\" loading=\"lazy\" src=\"https:\/\/www.europesays.com\/es\/wp-content\/uploads\/2025\/09\/YI3RLFU4TNBQNMVU2UAEE2QGJM.jpg\"  width=\"4032\" height=\"3024\"\/>Adriana muestra las fotoimanes que crea en diferentes formatos. Inici\u00f3 con el rectangular. (Foto Carlos Cordero) (Carlos Cordero P\u00e9rez\/Carlos Cordero) <img decoding=\"async\" data-chromatic=\"ignore\" alt=\"Adriana P\u00e1ez, emprender, libros para colorear, fotoimanes\" class=\"c-image\" loading=\"lazy\" src=\"https:\/\/www.europesays.com\/es\/wp-content\/uploads\/2025\/09\/KTHVMPQMNFFO5PVKDEYK3JMN3U.jpg\"  width=\"4032\" height=\"3024\"\/>El proyecto de Adriana es crear una franquicia para que otras personas produzcan y comercialicen los fotoimanes. (Foto Carlos Cordero) (Carlos Cordero P\u00e9rez\/Carlos Cordero) <b>Nueva reinvenci\u00f3n<\/b><\/p>\n<p class=\"default__StyledText-sc-oqc75h-0 eboBmv body-paragraph\">Unos meses antes, acompa\u00f1aba a su esposo Fernando Ram\u00edrez, especializado en finanzas y a quien ella le reconoce su ayuda en esta \u00e1rea, en el hospital tras una operaci\u00f3n.<\/p>\n<p class=\"default__StyledText-sc-oqc75h-0 eboBmv body-paragraph\">Adriana hab\u00eda actualizado el curriculum y el perfil de LinkedIn. Aplic\u00f3 a dos vacantes. Nada. Compet\u00eda con nuevas generaciones de profesionales. La experiencia jugaba en contra.<\/p>\n<p class=\"default__StyledText-sc-oqc75h-0 eboBmv body-paragraph\">En el hospital empez\u00f3 a dibujar para bajar la ansiedad y vio que eso podr\u00eda ser su siguiente negocio. \u201cMe contrato\u201d, se dijo. <\/p>\n<p class=\"default__StyledText-sc-oqc75h-0 eboBmv body-paragraph\">Investig\u00f3, aprendi\u00f3 y entren\u00f3 con los videos en YouTube y en TikTok. Con la marca Nana\u2019s Collection Books cre\u00f3 su primer libro terap\u00e9utico de colorear con motivos ambientales de Costa Rica y lo subi\u00f3 a Amazon, que imprime cada ejemplar y lo env\u00eda al comprador.<\/p>\n<p class=\"default__StyledText-sc-oqc75h-0 eboBmv body-paragraph\">A la semana se empez\u00f3 a vender. Cuando se dio cuenta, eran 25 libros vendidos en Suecia, Alemania, Australia y Espa\u00f1a. En la actualidad vende 110 unidades por mes. Tom\u00f3 confianza.<\/p>\n<p class=\"default__StyledText-sc-oqc75h-0 eboBmv body-paragraph\">Para el fin de a\u00f1o busc\u00f3 una imprenta local para producirlos y comerciarlos en Costa Rica. Los promovi\u00f3 en redes sociales. Le fue bien.<\/p>\n<p class=\"default__StyledText-sc-oqc75h-0 eboBmv body-paragraph\">Con esos resultados fue a Librer\u00eda Internacional a principios de este 2025. Ya lleva varias \u00f3rdenes de compra. Tambi\u00e9n se los pidieron de House of Colors, ubicada en Montes de Oca, y en una librer\u00eda de Naranjo. <\/p>\n<p class=\"default__StyledText-sc-oqc75h-0 eboBmv body-paragraph\">En redes sociales encontr\u00f3 una nueva idea de negocio: fotoimanes personalizados. Investig\u00f3 y compr\u00f3 la m\u00e1quina para fotoimanes rectangulares. M\u00e1s tarde incorpor\u00f3 otras: de coraz\u00f3n, cuadrados y circulares. Cre\u00f3 The Magnets Lab.<\/p>\n<p class=\"default__StyledText-sc-oqc75h-0 eboBmv body-paragraph\">Los clientes le env\u00edan las fotograf\u00edas y ella las encapsula. Las usan de recuerdo. Las colocan en superficies adherentes, como en las puertas de las refrigeradoras. Para el 14 de febrero de este 2025 vendi\u00f3 30. Los d\u00edas del padre y de la madre fueron buenos.<\/p>\n<p class=\"default__StyledText-sc-oqc75h-0 eboBmv body-paragraph\">De pronto le llegaron pedidos de empresas e instituciones como BAC, Florida Ice &amp; Farm Company (Fifco) y las universidades Hispanoamericana y Earth. Ah\u00ed los colocan en pizarras para destacar a los empleados del mes, por ejemplo. O los obsequ\u00edan. Las ventas saltaron 10 veces.<\/p>\n<p class=\"default__StyledText-sc-oqc75h-0 eboBmv body-paragraph\">En la actualidad, los ingresos llegan a casi al monto del mejor momento de ventas de Chikis &amp; Moms. <\/p>\n<p class=\"default__StyledText-sc-oqc75h-0 eboBmv body-paragraph\">Adriana quiere fortalecer la venta de libros terap\u00e9uticos en librer\u00edas locales, para no tener que desgastarse en la venta de uno en uno a trav\u00e9s de redes sociales, y quiere franquiciar la producci\u00f3n de fotoimanes.<\/p>\n<p class=\"default__StyledText-sc-oqc75h-0 eboBmv body-paragraph\">Para ella lo central es conectar con sus audiencias y las nuevas generaciones a trav\u00e9s de Facebook, Instagram y Tik Tok. Asi como consolidar su presencia en LinkedIn, para ganar la confianza y que la contacten las compa\u00f1\u00edas. Se capacit\u00f3 para eso.<\/p>\n<p class=\"default__StyledText-sc-oqc75h-0 eboBmv body-paragraph\">Las expectativas son positivas. \u201cMire, me acaba de llegar una nueva orden de compra de la librer\u00eda\u201d, dice Adriana, mientras me ense\u00f1a el correo electr\u00f3nico.<\/p>\n<tr>Datos claves<\/tr>\n<tr>\n<td>Emprendedora: Adriana P\u00e1ez<\/td>\n<\/tr>\n<tr>\n<td>Nana\u2019s Collection Books &#8211; Libros de colorear con enfoque terap\u00e9utico para brindar calma, color y bienestar. Se vende en Amazon, Librer\u00eda Internacional y House of Colors a \u00a28.500. Fundada en 2024.<\/td>\n<\/tr>\n<tr>\n<td>The Magnets Lab.CR &#8211; Fotoimanes personalizados y regalos corporativos. Sistema de cinco capas para que las fotos queden protegidas a prueba del tiempo y humedad. Desde \u00a21.500. Fundada en 2025.<\/td>\n<\/tr>\n","protected":false},"excerpt":{"rendered":"Adriana P\u00e1ez repite que no hay que hacer caso si alguien dice que uno no es capaz de&hellip;\n","protected":false},"author":2,"featured_media":142745,"comment_status":"","ping_status":"","sticky":false,"template":"","format":"standard","meta":{"footnotes":""},"categories":[172],"tags":[44239,224,146,147,25,24,225,23],"class_list":{"0":"post-142744","1":"post","2":"type-post","3":"status-publish","4":"format-standard","5":"has-post-thumbnail","7":"category-libros","8":"tag-adriana-paez","9":"tag-books","10":"tag-entertainment","11":"tag-entretenimiento","12":"tag-es","13":"tag-espana","14":"tag-libros","15":"tag-spain"},"share_on_mastodon":{"url":"","error":""},"_links":{"self":[{"href":"https:\/\/www.europesays.com\/es\/wp-json\/wp\/v2\/posts\/142744","targetHints":{"allow":["GET"]}}],"collection":[{"href":"https:\/\/www.europesays.com\/es\/wp-json\/wp\/v2\/posts"}],"about":[{"href":"https:\/\/www.europesays.com\/es\/wp-json\/wp\/v2\/types\/post"}],"author":[{"embeddable":true,"href":"https:\/\/www.europesays.com\/es\/wp-json\/wp\/v2\/users\/2"}],"replies":[{"embeddable":true,"href":"https:\/\/www.europesays.com\/es\/wp-json\/wp\/v2\/comments?post=142744"}],"version-history":[{"count":0,"href":"https:\/\/www.europesays.com\/es\/wp-json\/wp\/v2\/posts\/142744\/revisions"}],"wp:featuredmedia":[{"embeddable":true,"href":"https:\/\/www.europesays.com\/es\/wp-json\/wp\/v2\/media\/142745"}],"wp:attachment":[{"href":"https:\/\/www.europesays.com\/es\/wp-json\/wp\/v2\/media?parent=142744"}],"wp:term":[{"taxonomy":"category","embeddable":true,"href":"https:\/\/www.europesays.com\/es\/wp-json\/wp\/v2\/categories?post=142744"},{"taxonomy":"post_tag","embeddable":true,"href":"https:\/\/www.europesays.com\/es\/wp-json\/wp\/v2\/tags?post=142744"}],"curies":[{"name":"wp","href":"https:\/\/api.w.org\/{rel}","templated":true}]}}