{"id":142746,"date":"2025-09-27T18:21:09","date_gmt":"2025-09-27T18:21:09","guid":{"rendered":"https:\/\/www.europesays.com\/es\/142746\/"},"modified":"2025-09-27T18:21:09","modified_gmt":"2025-09-27T18:21:09","slug":"marc-giro-ironiza-con-el-diputado-de-vox-que-amenaza-con-despedirle-era-divertido-y-dicharachero","status":"publish","type":"post","link":"https:\/\/www.europesays.com\/es\/142746\/","title":{"rendered":"Marc Gir\u00f3 ironiza con el diputado de Vox que amenaza con despedirle: \u00abEra divertido y dicharachero\u00bb"},"content":{"rendered":"<p class=\"article-text\">\n        Pocos d\u00edas despu\u00e9s de que un diputado de <strong>Vox <\/strong>amenazara con \u201cdespedir\u201d a <strong>Marc Gir\u00f3<\/strong> en cuando su partido llegue a <strong>RTVE<\/strong>, el presentador de<strong> Late Xou<\/strong> le ha respondido desde los micr\u00f3fonos de Onda Cero.\n    <\/p>\n<p>    <a href=\"https:\/\/www.eldiario.es\/vertele\/noticias\/cachitos-fecha-estreno-nueva-temporada-rtve-la2-horario-dia_1_12637513.html\" data-mrf-recirculation=\"saber-mas\" data-dl-event=\"saber-mas\" rel=\"nofollow noopener\" target=\"_blank\"><\/p>\n<p class=\"know-more__title\">&#8216;Cachitos&#8217; anuncia por sorpresa cu\u00e1ndo estrenar\u00e1 su nueva temporada en RTVE<\/p>\n<p>            <img decoding=\"async\" class=\"lazy\" loading=\"lazy\" data-src=\"https:\/\/static.eldiario.es\/clip\/dd58ec6c-6a3f-4d8a-8710-1cba4a1a1e86_16-9-aspect-ratio_default_0.jpg\" src=\"data:image\/svg+xml,%3Csvg xmlns=\" http:=\"\" viewbox=\"0 0 880 495\" alt=\"'Cachitos' anuncia por sorpresa cu\u00e1ndo estrenar\u00e1 su nueva temporada en RTVE\"\/><\/p>\n<p>                        <\/a><\/p>\n<p class=\"article-text\">\n        A <strong>Manuel Mariscal Zabala<\/strong> no le hizo demasiada gracia uno de los mon\u00f3logos del humorista. Concretamente, ese en el que Gir\u00f3 hablaba del \u201cvar\u00f3n espa\u00f1ol\u201d y daba voz a \u00d2scar Camps, el capit\u00e1n del barco que rescata inmigrantes en el Mediterr\u00e1neo. \u201cMarc Gir\u00f3 cobra 3.800 euros por programa con dinero procedente de las arcas p\u00fablicas. Cuando Vox llegue a RTVE ser\u00e1 despedido fulminantemente por re\u00edrse de los espa\u00f1oles\u201d, escribi\u00f3 el diputado de ultraderecha <a href=\"https:\/\/www.eldiario.es\/vertele\/noticias\/diputado-vox-manuel-mariscal-zabala-marc-giro-despedido-late-xou-rtve-varon-espanol_1_12630138.html\" target=\"_blank\" data-mrf-recirculation=\"links-noticia\" class=\"link\" rel=\"nofollow noopener\">en las redes sociales<\/a>.\n    <\/p>\n<p class=\"article-text\">\n        Preguntado por estas declaraciones, Gir\u00f3 ha hecho una curiosa revelaci\u00f3n sobre este pol\u00edtico que estuvo en el PP antes de llegar a Vox. <strong>\u201cResulta que este se\u00f1or ha estudiado la carrera con una muy buen amiga nuestra y sabemos todas sus aventuras universitarias\u201d<\/strong>, ha comentado en el programa radiof\u00f3nico <a href=\"https:\/\/www.ondacero.es\/programas\/julia-en-la-onda\/audios-podcast\/entrevistas\/marc-giro-garamendi-cualquier-empresario-sabe-que-hay-que-reducir-jornada-laboral-pagar-mas-que-pasa-que-hacen-locos_2025092768d7bec716355c411da7ba00.html\" target=\"_blank\" data-mrf-recirculation=\"links-noticia\" class=\"link\" rel=\"nofollow noopener\">Julia en la Onda<\/a>.\n    <\/p>\n<p>            <img decoding=\"async\" class=\"lazy\" loading=\"lazy\" data-src=\"https:\/\/static.eldiario.es\/clip\/9ff3186c-c327-43fe-9c3c-cb86a2deb020_16-9-discover-aspect-ratio_default_0.jpg\" src=\"data:image\/svg+xml,%3Csvg xmlns=\" http:=\"\" viewbox=\"0 0 1200 675\" alt=\"Jos\u00e9 Pablo L\u00f3pez y Manuel Mariscal Zabala\"\/><\/p>\n<p class=\"article-text\">\n        Al c\u00f3mico le extra\u00f1a que Mariscal Zabala tenga ahora este comportamiento que, seg\u00fan dice, en nada se parece al que ten\u00eda antes. \u201cNo sabemos que le ha pasado, porque era un se\u00f1or divertido y dicharachero y en alguna otra ocasi\u00f3n o circunstancia nos podr\u00edamos entender perfect\u00edsimamente con \u00e9l\u201d, ha a\u00f1adido entre risas.\n    <\/p>\n<p>    <a href=\"https:\/\/www.eldiario.es\/vertele\/noticias\/terelu-de-viernes-advertencia-mar-flores-beatriz-archidona_1_12637301.html\" data-mrf-recirculation=\"saber-mas-abajo\" data-dl-event=\"saber-mas-abajo\" rel=\"nofollow noopener\" target=\"_blank\"><\/p>\n<p class=\"know-more__title\">Terelu sorprendi\u00f3 en &#8216;De Viernes&#8217; con una advertencia dirigida a Mar Flores: \u201cY solo Beatriz Archidona sabe por qu\u00e9\u201d<\/p>\n<p>            <img decoding=\"async\" class=\"lazy\" loading=\"lazy\" data-src=\"https:\/\/static.eldiario.es\/clip\/c539bc60-a130-4999-91ef-c4be27186074_16-9-aspect-ratio_default_0.jpg\" src=\"data:image\/svg+xml,%3Csvg xmlns=\" http:=\"\" viewbox=\"0 0 880 495\" alt=\"Terelu sorprendi\u00f3 en 'De Viernes' con una advertencia dirigida a Mar Flores: &quot;Y solo Beatriz Archidona sabe por qu\u00e9&quot;\"\/><\/p>\n<p>                        <\/a><\/p>\n<p class=\"article-text\">\n        Pudiera parecer que se ha tomado a broma la amenaza del partido ultraderechista, pero asegura que es consciente de la gravedad de la situaci\u00f3n. \u201cMe sorprende que se haya instalado en Espa\u00f1a y en el mundo la idea de que esto es plausible, que es posible que llegue un r\u00e9gimen autoritario, violento y arruinador\u201d, ha argumentado en presencia de <strong>Julia Otero<\/strong>.\n    <\/p>\n","protected":false},"excerpt":{"rendered":"Pocos d\u00edas despu\u00e9s de que un diputado de Vox amenazara con \u201cdespedir\u201d a Marc Gir\u00f3 en cuando su&hellip;\n","protected":false},"author":2,"featured_media":142747,"comment_status":"","ping_status":"","sticky":false,"template":"","format":"standard","meta":{"footnotes":""},"categories":[171],"tags":[44240,44241,146,147,25,24,7957,36593,6489,44242,23,214],"class_list":{"0":"post-142746","1":"post","2":"type-post","3":"status-publish","4":"format-standard","5":"has-post-thumbnail","7":"category-tv","8":"tag-despedido-rtve","9":"tag-diputado-vox","10":"tag-entertainment","11":"tag-entretenimiento","12":"tag-es","13":"tag-espana","14":"tag-giro","15":"tag-late-xou","16":"tag-marc","17":"tag-mariscal-zabala","18":"tag-spain","19":"tag-tv"},"share_on_mastodon":{"url":"","error":""},"_links":{"self":[{"href":"https:\/\/www.europesays.com\/es\/wp-json\/wp\/v2\/posts\/142746","targetHints":{"allow":["GET"]}}],"collection":[{"href":"https:\/\/www.europesays.com\/es\/wp-json\/wp\/v2\/posts"}],"about":[{"href":"https:\/\/www.europesays.com\/es\/wp-json\/wp\/v2\/types\/post"}],"author":[{"embeddable":true,"href":"https:\/\/www.europesays.com\/es\/wp-json\/wp\/v2\/users\/2"}],"replies":[{"embeddable":true,"href":"https:\/\/www.europesays.com\/es\/wp-json\/wp\/v2\/comments?post=142746"}],"version-history":[{"count":0,"href":"https:\/\/www.europesays.com\/es\/wp-json\/wp\/v2\/posts\/142746\/revisions"}],"wp:featuredmedia":[{"embeddable":true,"href":"https:\/\/www.europesays.com\/es\/wp-json\/wp\/v2\/media\/142747"}],"wp:attachment":[{"href":"https:\/\/www.europesays.com\/es\/wp-json\/wp\/v2\/media?parent=142746"}],"wp:term":[{"taxonomy":"category","embeddable":true,"href":"https:\/\/www.europesays.com\/es\/wp-json\/wp\/v2\/categories?post=142746"},{"taxonomy":"post_tag","embeddable":true,"href":"https:\/\/www.europesays.com\/es\/wp-json\/wp\/v2\/tags?post=142746"}],"curies":[{"name":"wp","href":"https:\/\/api.w.org\/{rel}","templated":true}]}}