{"id":142748,"date":"2025-09-27T18:22:13","date_gmt":"2025-09-27T18:22:13","guid":{"rendered":"https:\/\/www.europesays.com\/es\/142748\/"},"modified":"2025-09-27T18:22:13","modified_gmt":"2025-09-27T18:22:13","slug":"sabrina-carpenter-hablo-de-su-relacion-con-los-hombres-y-fue-letal-me-siento-adorada-y-ridiculizada","status":"publish","type":"post","link":"https:\/\/www.europesays.com\/es\/142748\/","title":{"rendered":"Sabrina Carpenter habl\u00f3 de su relaci\u00f3n con los hombres y fue letal: \u201cMe siento adorada y ridiculizada\u201d"},"content":{"rendered":"<p class=\"left paragraph font__body-regular\"><a href=\"https:\/\/tn.com.ar\/musica\/noticias\/2025\/07\/07\/sabrina-carpenter-versiono-el-clasico-hungry-like-the-wolf-con-duran-duran-como-invitados\/\" target=\"_self\" rel=\"nofollow noopener\" title=\"https:\/\/tn.com.ar\/musica\/noticias\/2025\/07\/07\/sabrina-carpenter-versiono-el-clasico-hungry-like-the-wolf-con-duran-duran-como-invitados\/\"><b>Sabrina Carpenter<\/b><\/a> es una de las estrellas pop femeninas con m\u00e1s relevancia en la actualidad. D\u00edas atr\u00e1s, estren\u00f3 su nuevo disco, Man\u2019s Best Friend y ahora <b>habl\u00f3 de cu\u00e1l es su v\u00ednculo con los hombres.<\/b><\/p>\n<p class=\"left paragraph font__body-regular\">Lo cierto es que la artista tiene un gran sentido del humor, el cual plasma tanto en las letras de sus canciones como en sus videoclips, en los que <b>suele morir un hombre y tienen m\u00faltiples referencias a cl\u00e1sicos del cine de terror<\/b>, como sucede en el reciente \u201cTears\u201d, que es un homenaje a The Rocky Horror Picture Show.<\/p>\n<p class=\"left paragraph font__body-regular\"><b>Le\u00e9 tambi\u00e9n: <\/b><a href=\"https:\/\/tn.com.ar\/musica\/noticias\/2025\/09\/23\/esta-vez-aceptara-adele-es-una-de-las-candidatas-para-actuar-en-el-entretiempo-del-super-bowl-2026\/\" target=\"_self\" rel=\"nofollow noopener\" title=\"https:\/\/tn.com.ar\/musica\/noticias\/2025\/09\/23\/esta-vez-aceptara-adele-es-una-de-las-candidatas-para-actuar-en-el-entretiempo-del-super-bowl-2026\/\"><b>\u00bfEsta vez aceptar\u00e1? Adele es una de las candidatas para actuar en el entretiempo del Super Bowl 2026<\/b><\/a><\/p>\n<p class=\"left paragraph font__body-regular\">Fue en una entrevista con Vogue Italia que la cantante revel\u00f3: <b>\u201cCreo que los hombres son una especie divertida de observar. Me siento adorada por algunos.<\/b>.. ridiculizada por otros\u00bb.<\/p>\n<p class=\"left paragraph font__body-regular\">Adem\u00e1s, habl\u00f3 de la importancia de una mirada femenina en la crianza de un var\u00f3n: \u201cCuando una de mis amigas anuncia que va a tener un hijo, <b>me alegro por ese ni\u00f1o porque s\u00e9 que ser\u00e1 criado bien<\/b>\u201d. <\/p>\n<p class=\"left paragraph font__body-regular\">Y sum\u00f3: \u201cCorr\u00edgeme si me equivoco, solo llevo 26 a\u00f1os en la Tierra, pero siento que <b>deber\u00edamos haberlos criado desde siempre<\/b>. Desafortunadamente, es una historia tan vieja como el tiempo mismo\u00bb.<\/p>\n<p class=\"left paragraph font__body-regular\">Su visi\u00f3n cr\u00edtica sobre el mundo masculino y el machismo qued\u00f3<b> plasmada tambi\u00e9n en su videoclip \u201cTaste\u201d<\/b> -un homenaje a La muerte le sienta bien- y en el reciente \u201cManchild\u201d.<\/p>\n<p>La controversial portada por la que acusaron a Sabrina Carpenter de machista<\/p>\n<p class=\"left paragraph font__body-regular\">La tapa del nuevo disco de la estadounidense <b>la muestra en cuatro patas y siendo tomada del cabello por un hombre<\/b>, en s\u00edmbolo de dominaci\u00f3n. Adem\u00e1s, hace referencia al t\u00edtulo del disco que, en espa\u00f1ol significa \u201cEl mejor amigo del hombre\u201d.<\/p>\n<p class=\"left paragraph font__body-regular\">Fue en una entrevista con CBS que le consultaron sobre las cr\u00edticas hacia la portada, apuntando sobre el contenido sexista y que<b> ir\u00eda <\/b><a href=\"https:\/\/tn.com.ar\/musica\/noticias\/2025\/09\/01\/sabrina-carpenter-respondio-a-las-criticas-por-la-provocativa-portada-de-su-disco-se-a-lo-que-me-expongo\/\" target=\"_self\" rel=\"nofollow noopener\" title=\"https:\/\/tn.com.ar\/musica\/noticias\/2025\/09\/01\/sabrina-carpenter-respondio-a-las-criticas-por-la-provocativa-portada-de-su-disco-se-a-lo-que-me-expongo\/\"><b>en contra del empoderamiento de la mujer<\/b><\/a>.<\/p>\n<p><img decoding=\"async\" loading=\"lazy\" fetchpriority=\"low\" data-testid=\"loading-testid\" class=\"image content-image image_placeholder\" alt=\"La portada de su nuevo disco. (Fuente: Instagram\/sabrinacarpenter)\" width=\"767\" height=\"764\" src=\"https:\/\/www.europesays.com\/es\/wp-content\/uploads\/2025\/09\/1758997333_978_la-portada-de-su-nuevo-disco-fuente-instagramsabrinacarpenter-MDN6HWZN2FFIZNM3AZZL2I2QWA.jpg\"\/><\/p>\n<p>La portada de su nuevo disco. (Fuente: Instagram\/sabrinacarpenter)<\/p>\n<p class=\"left paragraph font__body-regular\">\u201c<b>Necesitan salir un poco m\u00e1s<\/b>\u201d, dijo de manera ir\u00f3nica la cantante de \u201cTaste\u201d. Y luego revel\u00f3 su reacci\u00f3n: \u201cLa verdad me shocke\u00f3, porque entre mis amigos, mi familia y las personas con las que comparto mi m\u00fasica y mi arte desde el principio, <b>ni siquiera fue una conversaci\u00f3n<\/b>\u201d.<\/p>\n<p class=\"left paragraph font__body-regular\">\u201cMi interpretaci\u00f3n es que es tener el control, tambi\u00e9n <b>la falta de control y cuando quieres tener el control<\/b>\u201d, agreg\u00f3 la cantante sobre el aspecto er\u00f3tico que sugiere el disco.<\/p>\n","protected":false},"excerpt":{"rendered":"Sabrina Carpenter es una de las estrellas pop femeninas con m\u00e1s relevancia en la actualidad. D\u00edas atr\u00e1s, estren\u00f3&hellip;\n","protected":false},"author":2,"featured_media":142749,"comment_status":"","ping_status":"","sticky":false,"template":"","format":"standard","meta":{"footnotes":""},"categories":[170],"tags":[146,147,25,24,184,185,18815,23],"class_list":{"0":"post-142748","1":"post","2":"type-post","3":"status-publish","4":"format-standard","5":"has-post-thumbnail","7":"category-musica","8":"tag-entertainment","9":"tag-entretenimiento","10":"tag-es","11":"tag-espana","12":"tag-music","13":"tag-musica","14":"tag-sabrina-carpenter","15":"tag-spain"},"share_on_mastodon":{"url":"","error":""},"_links":{"self":[{"href":"https:\/\/www.europesays.com\/es\/wp-json\/wp\/v2\/posts\/142748","targetHints":{"allow":["GET"]}}],"collection":[{"href":"https:\/\/www.europesays.com\/es\/wp-json\/wp\/v2\/posts"}],"about":[{"href":"https:\/\/www.europesays.com\/es\/wp-json\/wp\/v2\/types\/post"}],"author":[{"embeddable":true,"href":"https:\/\/www.europesays.com\/es\/wp-json\/wp\/v2\/users\/2"}],"replies":[{"embeddable":true,"href":"https:\/\/www.europesays.com\/es\/wp-json\/wp\/v2\/comments?post=142748"}],"version-history":[{"count":0,"href":"https:\/\/www.europesays.com\/es\/wp-json\/wp\/v2\/posts\/142748\/revisions"}],"wp:featuredmedia":[{"embeddable":true,"href":"https:\/\/www.europesays.com\/es\/wp-json\/wp\/v2\/media\/142749"}],"wp:attachment":[{"href":"https:\/\/www.europesays.com\/es\/wp-json\/wp\/v2\/media?parent=142748"}],"wp:term":[{"taxonomy":"category","embeddable":true,"href":"https:\/\/www.europesays.com\/es\/wp-json\/wp\/v2\/categories?post=142748"},{"taxonomy":"post_tag","embeddable":true,"href":"https:\/\/www.europesays.com\/es\/wp-json\/wp\/v2\/tags?post=142748"}],"curies":[{"name":"wp","href":"https:\/\/api.w.org\/{rel}","templated":true}]}}