{"id":142756,"date":"2025-09-27T18:26:20","date_gmt":"2025-09-27T18:26:20","guid":{"rendered":"https:\/\/www.europesays.com\/es\/142756\/"},"modified":"2025-09-27T18:26:20","modified_gmt":"2025-09-27T18:26:20","slug":"la-periodista-marivi-fernandez-palacios-se-habia-divorciado-de-su-marido-julian-ruiz-tiempo-antes-de-morir-los-detalles","status":"publish","type":"post","link":"https:\/\/www.europesays.com\/es\/142756\/","title":{"rendered":"La periodista Mariv\u00ed Fern\u00e1ndez Palacios se hab\u00eda divorciado de su marido, Juli\u00e1n Ruiz, tiempo antes de morir: los detalles"},"content":{"rendered":"<p class=\"paragraph\" id=\"paragraph_1\">Fue el pasado 21 de septiembre cuando falleci\u00f3 una de las colaboradoras m\u00e1s emblem\u00e1ticas del extinto espacio D\u00eda a d\u00eda, presentado por <strong>Mar\u00eda Teresa Campos<\/strong>: la periodista <strong><a href=\"https:\/\/www.elespanol.com\/corazon\/famosos\/20250923\/ultimo-sueno-no-pudo-cumplir-periodista-marivi-fernandez-palacios\/1003743936773_0.html?utm_cmp_rs=linksinline\" rel=\"nofollow noopener\" target=\"_blank\">Mariv\u00ed Fern\u00e1ndez Palacios<\/a><\/strong>. La tambi\u00e9n escritora perdi\u00f3 la vida en Madrid, donde resid\u00eda.<\/p>\n<p class=\"paragraph\" id=\"paragraph_2\">Seg\u00fan la informaci\u00f3n que controla <strong>EL ESPA\u00d1OL<\/strong>, la periodista llevaba a\u00f1os retirada de la primera l\u00ednea period\u00edstica, \u00abdesde la pandemia\u00bb, lo sit\u00faan a este medio personas bien informadas. Dedicaba su tiempo libre, tras una suerte de jubilaci\u00f3n de facto, a <strong>escribir<\/strong> y a<strong> pintar<\/strong>.<\/p>\n<p class=\"paragraph\" id=\"paragraph_3\">Le apasionaban ambos pasatiempos y, de hecho, este peri\u00f3dico ha podido conocer, d\u00edas atr\u00e1s, que Mar\u00eda Victoria pereci\u00f3 con un sue\u00f1o sin cumplir:<strong> escribir un libro<\/strong>, un proyecto personal. Acud\u00eda a la Escuela de Escritores y encontraba en las palabras inspiraci\u00f3n y solaz.<\/p>\n<p><img loading=\"lazy\" decoding=\"async\" alt=\"La periodista Mariv\u00ed Fern\u00e1ndez Palacios.\" height=\"180\" src=\"https:\/\/www.europesays.com\/es\/wp-content\/uploads\/2025\/09\/1003743936684_258918170_320x180.jpg\" width=\"320\" data-lazy-status=\"processed\" data-lazy-info=\"remove loading item 1\"\/><\/p>\n<p><img decoding=\"async\" alt=\"Mariv\u00ed durante una reciente entrevista en Estudio 8 con Juan de Dios Rodr\u00edguez Pariente.\" data-imgm=\"true\" height=\"180\" loading=\"lazy\"  src=\"https:\/\/www.europesays.com\/es\/wp-content\/uploads\/2025\/09\/1003743936984_258923958_1024x576.jpg\"  width=\"320\"\/><\/p>\n<p>                                                            Mariv\u00ed durante una reciente entrevista en Estudio 8 con Juan de Dios Rodr\u00edguez Pariente.<\/p>\n<p class=\"paragraph\" id=\"paragraph_4\">Viv\u00eda, de acuerdo a los datos cotejados por EL ESPA\u00d1OL, en la zona de <strong>Nueva Espa\u00f1a<\/strong>, dentro del distrito de Chamart\u00edn, en Madrid. Es una v\u00eda residencial y tranquila, cercana a la avenida de <strong>Alfonso XIII<\/strong>, ubicada en uno de los barrios m\u00e1s cotizados al norte de la ciudad.<\/p>\n<p class=\"paragraph\" id=\"paragraph_5\">Resid\u00eda en un chalet y lo hac\u00eda sola. Una informaci\u00f3n que este medio ha podido contrastar. Pese a que en otro art\u00edculo se puso de relieve que Mariv\u00ed estaba casada -y no ten\u00eda hijos-, ahora EL ESPA\u00d1OL puede confirmar que<strong> se divorci\u00f3<\/strong> de su esposo, <strong>Juli\u00e1n Ruiz<\/strong>.<\/p>\n<p class=\"paragraph\" id=\"paragraph_6\">Fern\u00e1ndez Palacios y su marido,\u00a0locutor y uno de los productores musicales m\u00e1s importantes del pop espa\u00f1ol, hab\u00edan tomado <strong>caminos separados<\/strong> tiempo antes del deceso de la periodista.<\/p>\n<p class=\"paragraph\" id=\"paragraph_7\">Mariv\u00ed, as\u00ed la describen quienes la trataron, siempre fue una mujer muy \u00ab<strong>reservada<\/strong>\u00bb y \u00ab<strong>herm\u00e9tica<\/strong>\u00bb con su vida privada.<\/p>\n<p class=\"paragraph\" id=\"paragraph_8\">Mariv\u00ed levaba una vida muy discreta y, sobre todo,\u00a0<strong>cargada de proyectos vitales<\/strong>, a pesar de que en su tramo final su \u00e1nimo no era el m\u00e1s \u00f3ptimo. Su \u00faltimo trabajo profesional fue en el programa El Patio, de Castilla-La Mancha TV, donde colaboraba. <\/p>\n<p class=\"paragraph\" id=\"paragraph_9\">Quien la conoc\u00eda dice de ella que fue una mujer <strong>apasionada de su trabajo e inquieta<\/strong>. Le gustaba aprender y, am\u00e9n de un<strong> fuerte car\u00e1cter humanitario<\/strong>, la literatura era la otra gran pasi\u00f3n que rigi\u00f3 su vida hasta su \u00faltimo h\u00e1lito.<\/p>\n<p class=\"paragraph\" id=\"paragraph_10\">No en vano, escribi\u00f3 una biograf\u00eda -no autorizada- sobre el cantante\u00a0<strong>Pablo Albor\u00e1n<\/strong> (36) y, como dec\u00edamos unas l\u00edneas arriba, se qued\u00f3 con la ilusi\u00f3n sin cumplir de escribir una obra literaria. Asisti\u00f3 a dos cursos de relato breve y a uno de gui\u00f3n cinematogr\u00e1fico en <strong>la Escuela de Escritores<\/strong>. <\/p>\n<p><img decoding=\"async\" alt=\"Mariv\u00ed Fern\u00e1ndez Palacios, en una imagen de archivo.\" data-imgm=\"true\" height=\"854\" loading=\"lazy\"  src=\"https:\/\/www.europesays.com\/es\/wp-content\/uploads\/2025\/09\/1003743936780_259016565_1280x1706.jpg\"  width=\"640\"\/><\/p>\n<p>                                                            Mariv\u00ed Fern\u00e1ndez Palacios, en una imagen de archivo.<\/p>\n<p class=\"paragraph\" id=\"paragraph_12\">Fern\u00e1ndez Palacios dej\u00f3 una <strong>huella profunda<\/strong> en el mundo de la comunicaci\u00f3n en Espa\u00f1a. Su trayectoria, marcada por la pasi\u00f3n, la cercan\u00eda y una curiosidad incansable, abarc\u00f3 <strong>radio<\/strong>,<strong> televisi\u00f3n y prensa escrita<\/strong>, convirti\u00e9ndola en una figura clave del periodismo.<\/p>\n<p class=\"paragraph\" id=\"paragraph_13\"><strong>Licenciada en Periodismo por la Universidad Complutense<\/strong> de Madrid, Mariv\u00ed comenz\u00f3 su carrera en la radio casi por casualidad. En una entrevista concedida en 2024, relataba c\u00f3mo respondi\u00f3 a un anuncio y acab\u00f3 rodeada de leyendas como <strong>Matilde Vilari\u00f1o<\/strong>, <strong>Matilde Conesa<\/strong> y <strong>Juana Ginzo<\/strong>.<\/p>\n<p class=\"paragraph\" id=\"paragraph_14\">Su paso por programas como Cita a las 5 de <strong>Basilio Rogado<\/strong> y Hoy por Hoy con <strong>I\u00f1aki Gabilondo<\/strong> (82) en la Cadena SER fue decisivo: \u00abLa SER era el Real Madrid de la radio; \u00e9ramos los mejores\u00bb, recordaba con orgullo.<\/p>\n<p class=\"paragraph\" id=\"paragraph_15\">Tambi\u00e9n trabaj\u00f3 en Radio Nacional y Onda Cero, donde se consolid\u00f3 como una <strong>voz c\u00e1lida y reconocible<\/strong>, especializada en temas de sociedad, cultura y cr\u00f3nica rosa.<\/p>\n<p class=\"paragraph\" id=\"paragraph_16\">Su salto a la televisi\u00f3n la convirti\u00f3 en rostro habitual de programas como <strong>D\u00eda a D\u00eda<\/strong> en Telecinco, bajo la direcci\u00f3n de Mar\u00eda Teresa Campos, quien la consideraba parte de su c\u00edrculo m\u00e1s cercano.<\/p>\n<p class=\"paragraph\" id=\"paragraph_17\">Tambi\u00e9n colabor\u00f3 con<strong> Carlos Herrera<\/strong> (68), con quien comparti\u00f3 momentos memorables en radio y televisi\u00f3n.<\/p>\n<p class=\"paragraph\" id=\"paragraph_18\">Mariv\u00ed pas\u00f3 por TVE, Antena 3, Canal+ y Telemadrid, destacando especialmente en El Palco de Canal+, un espacio taurino ideado por <strong>Alfredo Rela\u00f1o<\/strong> que ella defin\u00eda como \u00ab<strong>hecho a mi medida<\/strong>\u00ab.<\/p>\n<p class=\"paragraph\" id=\"paragraph_19\">Adem\u00e1s de su labor como comunicadora, Mariv\u00ed fue autora de la biograf\u00eda no autorizada de Pablo Albor\u00e1n, y<strong> cubri\u00f3 grandes eventos internacionales como las bodas de la Familia Real espa\u00f1ola<\/strong> y las ceremonias de los Premios \u00d3scar.<\/p>\n<p class=\"paragraph\" id=\"paragraph_20\">Su estilo combinaba rigor informativo con sensibilidad narrativa, <strong>lo que le permiti\u00f3 conectar con el p\u00fablico sin caer en el sensacionalismo<\/strong>.<\/p>\n<p class=\"paragraph\" id=\"paragraph_21\">En sus \u00faltimos a\u00f1os, Mariv\u00ed se retir\u00f3 del foco medi\u00e1tico y se dedic\u00f3, tambi\u00e9n, <strong>a la pintura<\/strong>. Viajera incansable, en 2024 relataba que acababa de regresar de Senegal y planeaba visitar Namibia, reflejo de una vitalidad que la acompa\u00f1\u00f3 hasta el final.<\/p>\n<p>Su \u00faltima entrevista<\/p>\n<p class=\"paragraph\" id=\"paragraph_22\">En una de sus \u00faltimas entrevistas, concedida en 2024 a<strong> Juan de Dios Rodr\u00edguez Pariente<\/strong>, Mariv\u00ed reflexionaba con lucidez sobre el periodismo actual y su trayectoria.<\/p>\n<p class=\"paragraph\" id=\"paragraph_23\">Con esa mezcla de<strong> orgullo y humor<\/strong> que la caracterizaba, recordaba sus a\u00f1os junto a figuras como Matilde Conesa, Juana Ginzo o I\u00f1aki Gabilondo, y lamentaba el rumbo de la televisi\u00f3n contempor\u00e1nea.<\/p>\n<p class=\"paragraph\" id=\"paragraph_24\">\u00ab<strong>Hoy quieren tus informaciones y al d\u00eda siguiente no<\/strong>. Hoy les pareces bien lo que haces y a la semana siguiente te quitan para poner a un mendrugo\u00bb.<\/p>\n<p class=\"paragraph\" id=\"paragraph_25\">Estas palabras, recogidas por su amiga y colega Paloma Barrientos en una emotiva carta publicada tras su muerte, reflejan el desencanto de Mariv\u00ed con el medio televisivo, pero tambi\u00e9n su fidelidad al <strong>periodismo riguroso<\/strong>.<\/p>\n","protected":false},"excerpt":{"rendered":"Fue el pasado 21 de septiembre cuando falleci\u00f3 una de las colaboradoras m\u00e1s emblem\u00e1ticas del extinto espacio D\u00eda&hellip;\n","protected":false},"author":2,"featured_media":142757,"comment_status":"","ping_status":"","sticky":false,"template":"","format":"standard","meta":{"footnotes":""},"categories":[91],"tags":[44244,146,147,25,24,256,18905,4809,23,1145],"class_list":{"0":"post-142756","1":"post","2":"type-post","3":"status-publish","4":"format-standard","5":"has-post-thumbnail","7":"category-entretenimiento","8":"tag-divorcios","9":"tag-entertainment","10":"tag-entretenimiento","11":"tag-es","12":"tag-espana","13":"tag-famosos","14":"tag-maria-teresa-campos","15":"tag-muertes","16":"tag-spain","17":"tag-terelu-campos"},"share_on_mastodon":{"url":"","error":""},"_links":{"self":[{"href":"https:\/\/www.europesays.com\/es\/wp-json\/wp\/v2\/posts\/142756","targetHints":{"allow":["GET"]}}],"collection":[{"href":"https:\/\/www.europesays.com\/es\/wp-json\/wp\/v2\/posts"}],"about":[{"href":"https:\/\/www.europesays.com\/es\/wp-json\/wp\/v2\/types\/post"}],"author":[{"embeddable":true,"href":"https:\/\/www.europesays.com\/es\/wp-json\/wp\/v2\/users\/2"}],"replies":[{"embeddable":true,"href":"https:\/\/www.europesays.com\/es\/wp-json\/wp\/v2\/comments?post=142756"}],"version-history":[{"count":0,"href":"https:\/\/www.europesays.com\/es\/wp-json\/wp\/v2\/posts\/142756\/revisions"}],"wp:featuredmedia":[{"embeddable":true,"href":"https:\/\/www.europesays.com\/es\/wp-json\/wp\/v2\/media\/142757"}],"wp:attachment":[{"href":"https:\/\/www.europesays.com\/es\/wp-json\/wp\/v2\/media?parent=142756"}],"wp:term":[{"taxonomy":"category","embeddable":true,"href":"https:\/\/www.europesays.com\/es\/wp-json\/wp\/v2\/categories?post=142756"},{"taxonomy":"post_tag","embeddable":true,"href":"https:\/\/www.europesays.com\/es\/wp-json\/wp\/v2\/tags?post=142756"}],"curies":[{"name":"wp","href":"https:\/\/api.w.org\/{rel}","templated":true}]}}