{"id":142760,"date":"2025-09-27T18:28:08","date_gmt":"2025-09-27T18:28:08","guid":{"rendered":"https:\/\/www.europesays.com\/es\/142760\/"},"modified":"2025-09-27T18:28:08","modified_gmt":"2025-09-27T18:28:08","slug":"el-dividendo-de-iberdrola-deja-al-mercado-con-reacciones-tibias-tras-su-cmd","status":"publish","type":"post","link":"https:\/\/www.europesays.com\/es\/142760\/","title":{"rendered":"El dividendo de Iberdrola deja al mercado con reacciones tibias tras su CMD"},"content":{"rendered":"<p>berdrola anunci\u00f3 en su Capital Markets Day una mejora considerable en sus beneficios netos de cara a 2028, aunque estos estaban en l\u00ednea con las expectativas que ten\u00eda el mercado de cara a este evento de la entidad. <strong>El dividendo es uno de los puntos que han tomado con m\u00e1s tibieza los inversores<\/strong>. \u00a0<\/p>\n<p>A pesar de que se ha puesto un suelo para la retribuci\u00f3n del dividendo en los <a href=\"https:\/\/www.finanzas.com\/ibex-35\/iberdrola-dividendo-minimo.html\" target=\"_blank\" rel=\"noreferrer noopener nofollow\">64 c\u00e9ntimos de euro<\/a>, el mercado apenas ha tenido reacciones positivas y tampoco sorprende a los analistas significativamente, al mantener el pay out entre el 65% y 75%. \u00a0<\/p>\n<p>No obstante, esta es una noticia positiva de cara a los pr\u00f3ximos a\u00f1os, ya que se esperan unos periodos significativamente fruct\u00edferos para la entidad en materia de ganancias, <strong>tras una reconfiguraci\u00f3n en su negocio<\/strong>, enfoc\u00e1ndose en las redes, dejando de lado en cierta parte los proyectos de renovables. \u00a0<\/p>\n<p>Este es un <a href=\"https:\/\/www.finanzas.com\/ibex-35\/iberdrola-seducir-mercado-redes-cmd.html\" target=\"_blank\" rel=\"noreferrer noopener nofollow\">cambio de estrategia<\/a> que adelant\u00f3 finanzas.com la semana pasada. Iberdrola espera aumentar su inversi\u00f3n en 55.000 millones de euros para el periodo entre 2026 y 2031, un aumento en la base de activos regulados del grupo hasta los 90.000 millones de euros para la fecha l\u00edmite. \u00a0<\/p>\n<p><strong>Una mejora del 5% de la rentabilidad por dividendo<\/strong>\u00a0<\/p>\n<p>Ar\u00e1nzazu Bueno, analista de Bankinter, explica que estas son buenas noticias para <a href=\"https:\/\/www.finanzas.com\/ibex-35\/iberdrola-invertira-58-000me-en-redes-de-eeuu-y-reino-unido.html\" target=\"_blank\" rel=\"noreferrer noopener nofollow\">Iberdrola<\/a> que supondr\u00e1n \u201cm\u00e1s beneficios y m\u00e1s dividendos para periodo 2024-2028 gracias a las inversiones en redes\u201d. \u00a0<\/p>\n<p>Adem\u00e1s, Buena espera que ya en este 2025 mejore la retribuci\u00f3n a los accionistas de la utility<strong>, con\u00a0un aumento del 5% de la rentabilidad por dividendo de la firma hasta el 4,3%<\/strong>, desde el 4,09% actual. \u00a0<\/p>\n<p>\u201cEl beneficio neto crecer\u00e1 a un ritmo medio anual de d\u00edgito simple alto en el periodo (m\u00e1s del 8%). Iberdrola es capaz de ofrecer este crecimiento a pesar a pesar de la depreciaci\u00f3n del d\u00f3lar (15% EBITDA en Estados Unidos en 2024) y del real brasile\u00f1o (15% EBITDA en Brasil en 2024), del par\u00f3n en e\u00f3lica marina en EE. UU. o del posible cierre de la central de Almaraz en Espa\u00f1a\u201d, se\u00f1ala la experta.\u00a0<\/p>\n<p>Lo que demuestra la fortaleza y positivo comportamiento de Iberdrola, a trav\u00e9s de la diversificaci\u00f3n que ha hecho en grupo con este nuevo posicionamiento a nivel de estrategia, que llevar\u00e1<strong> hasta los 7.600 millones de euros las ganancias en 2028<\/strong>, una mejora frente a los 7.200 y 7.300 millones de euros.\u00a0<\/p>\n<p><strong>Iberdrola, inversi\u00f3n defensiva con catalizadores globales<\/strong>\u00a0<\/p>\n<p>El analista de Renta 4, \u00c1ngel P\u00e9rez Llamazares,\u00a0destaca que, aunque no hay una mejora directa del dividendo, ya que mantiene su pol\u00edtica de retribuci\u00f3n<strong>, el aumento de beneficios que espera la entidad para los pr\u00f3ximos a\u00f1os motivar\u00e1 el aumento del cup\u00f3n a los accionistas<\/strong>. \u00a0<\/p>\n<p>El experto se\u00f1ala que aun as\u00ed Iberdrola se consolida como una propuesta de inversi\u00f3n defensiva, pero con \u201cexposici\u00f3n directa a los grandes catalizadores de la electrificaci\u00f3n global, con una combinaci\u00f3n equilibrada de crecimiento y resiliencia\u201d. \u00a0<\/p>\n<p>Adem\u00e1s, \u201cel plan 2025\u20132028 <strong>refuerza el giro hacia negocios regulados y contratos a largo plazo<\/strong>, lo que aporta visibilidad en flujos y dividendos en un contexto de elevada volatilidad macro y energ\u00e9tica\u201d, se\u00f1ala P\u00e9rez, por lo que han puesto en revisi\u00f3n los t\u00edtulos de la firma, que estaban en mantener y en los 16,6 euros.\u00a0<\/p>\n<p>Aunque no ha habido grandes reacciones, <a href=\"https:\/\/www.finanzas.com\/ibex-35\/iberdrola-mejor-valoracion.html\" target=\"_blank\" rel=\"noreferrer noopener nofollow\">Iberdrola persiste con la mejor valoraci\u00f3n de su historia<\/a>, algo significativo para la firma el\u00e9ctrica ante los vientos de cola que la amenazaban, especialmente con las nuevas pol\u00edticas de Donald Trump. \u00a0<\/p>\n<p>Si esta noticia ha sido \u00fatil para ti, <a href=\"https:\/\/acumbamail.com\/newform\/web\/3jZ0nArv6A93H10fMx9ib5grSQsEDDKjJ\/53685\/\" target=\"_blank\" rel=\"noopener nofollow\">ap\u00fantate a nuestros boletines<\/a> \u00a1No te decepcionaremos! Tambi\u00e9n puedes a\u00f1adir las alertas de <strong>finanzas.com<\/strong> a tus redes y apps: <a href=\"https:\/\/twitter.com\/finanzascom\" target=\"_blank\" rel=\"noopener nofollow\">Twitter<\/a> | <a href=\"https:\/\/www.facebook.com\/finanzas.inversion\" target=\"_blank\" rel=\"noopener nofollow\">Facebook<\/a> | <a href=\"https:\/\/www.linkedin.com\/company\/finanzascom\/\" target=\"_blank\" rel=\"noopener nofollow\">LinkedIn<\/a> | <a rel=\"noreferrer noopener nofollow\" href=\"https:\/\/www.whatsapp.com\/channel\/0029VaFw9rZGehEEjsKS2O3C\" target=\"_blank\">Whatsapp<\/a> | <a href=\"https:\/\/flipboard.com\/@Finanzascom\" target=\"_blank\" rel=\"noopener nofollow\">Flipboard<\/a>. Y sigue los mejores videos financieros de <a href=\"https:\/\/www.youtube.com\/@fcom\" target=\"_blank\" rel=\"noopener nofollow\">Youtube<\/a>.<\/p>\n<p>\t\t\t\t<script async src=\"https:\/\/platform.twitter.com\/widgets.js\" charset=\"utf-8\"><\/script><\/p>\n","protected":false},"excerpt":{"rendered":"berdrola anunci\u00f3 en su Capital Markets Day una mejora considerable en sus beneficios netos de cara a 2028,&hellip;\n","protected":false},"author":2,"featured_media":142761,"comment_status":"","ping_status":"","sticky":false,"template":"","format":"standard","meta":{"footnotes":""},"categories":[80],"tags":[82,95,94,25,24,3501,23],"class_list":{"0":"post-142760","1":"post","2":"type-post","3":"status-publish","4":"format-standard","5":"has-post-thumbnail","7":"category-economia","8":"tag-business","9":"tag-economia","10":"tag-economy","11":"tag-es","12":"tag-espana","13":"tag-ibex-35","14":"tag-spain"},"share_on_mastodon":{"url":"","error":""},"_links":{"self":[{"href":"https:\/\/www.europesays.com\/es\/wp-json\/wp\/v2\/posts\/142760","targetHints":{"allow":["GET"]}}],"collection":[{"href":"https:\/\/www.europesays.com\/es\/wp-json\/wp\/v2\/posts"}],"about":[{"href":"https:\/\/www.europesays.com\/es\/wp-json\/wp\/v2\/types\/post"}],"author":[{"embeddable":true,"href":"https:\/\/www.europesays.com\/es\/wp-json\/wp\/v2\/users\/2"}],"replies":[{"embeddable":true,"href":"https:\/\/www.europesays.com\/es\/wp-json\/wp\/v2\/comments?post=142760"}],"version-history":[{"count":0,"href":"https:\/\/www.europesays.com\/es\/wp-json\/wp\/v2\/posts\/142760\/revisions"}],"wp:featuredmedia":[{"embeddable":true,"href":"https:\/\/www.europesays.com\/es\/wp-json\/wp\/v2\/media\/142761"}],"wp:attachment":[{"href":"https:\/\/www.europesays.com\/es\/wp-json\/wp\/v2\/media?parent=142760"}],"wp:term":[{"taxonomy":"category","embeddable":true,"href":"https:\/\/www.europesays.com\/es\/wp-json\/wp\/v2\/categories?post=142760"},{"taxonomy":"post_tag","embeddable":true,"href":"https:\/\/www.europesays.com\/es\/wp-json\/wp\/v2\/tags?post=142760"}],"curies":[{"name":"wp","href":"https:\/\/api.w.org\/{rel}","templated":true}]}}