{"id":142762,"date":"2025-09-27T18:29:07","date_gmt":"2025-09-27T18:29:07","guid":{"rendered":"https:\/\/www.europesays.com\/es\/142762\/"},"modified":"2025-09-27T18:29:07","modified_gmt":"2025-09-27T18:29:07","slug":"moscu-senala-en-la-onu-que-cualquier-agresion-tendra-una-respuesta-decisiva","status":"publish","type":"post","link":"https:\/\/www.europesays.com\/es\/142762\/","title":{"rendered":"Mosc\u00fa se\u00f1ala en la ONU que cualquier agresi\u00f3n tendr\u00e1 una respuesta decisiva"},"content":{"rendered":"<p>El ministro de Asuntos Exteriores ruso, Sergei Lavrov, ha advertido este s\u00e1bado a la OTAN y a la Uni\u00f3n Europea que cualquier agresi\u00f3n contra Rusia \u00abtendr\u00e1 una respuesta decisiva\u00bb. Lo ha dicho durante su intervenci\u00f3n en la Asamblea General de la ONU.<\/p>\n<p>Mientras la guerra de Rusia se intensifica en Ucrania, la tensi\u00f3n ha aumentado en el flanco oriental de la OTAN en las \u00faltimas semanas, ya que Estonia ha acusado a Mosc\u00fa de <a href=\"https:\/\/www.rtve.es\/noticias\/20250919\/estonia-afirma-tres-cazas-rusos-violado-espacio-aereo-incursion-descarada-sin-precedentes\/16736787.shtml\" target=\"_blank\" rel=\"nofollow noopener\">enviar tres aviones de combate a su espacio a\u00e9reo<\/a> y aeronaves de la OTAN han derribado drones rusos en el espacio a\u00e9reo polaco. \u00ab<strong>Rusia est\u00e1 siendo acusada de casi planear un ataque<\/strong> a la Alianza del Atl\u00e1ntico Norte y a los pa\u00edses de la Uni\u00f3n Europea. El presidente (Vlad\u00edmir) <strong>Putin ha desmentido repetidamente estas provocaciones<\/strong>\u00ab, ha declarado Lavrov ante la Asamblea General de las Naciones Unidas.<\/p>\n<p>La OTAN ha anunciado este s\u00e1bado que <a href=\"https:\/\/www.rtve.es\/noticias\/20250923\/otan-dice-rusia-defendera-cualquier-amenaza-respondera-manera-oportuna\/16740726.shtml\" target=\"_blank\" rel=\"nofollow noopener\">intensificar\u00e1 a\u00fan m\u00e1s la vigilancia<\/a> con nuevos activos multidominio en la regi\u00f3n del Mar B\u00e1ltico tras los recientes incidentes con <a href=\"https:\/\/www.rtve.es\/noticias\/20250926\/aeropuerto-aalborg-cierra-sospecha-actividad-drones-segunda-noche-consecutiva\/16745100.shtml\" target=\"_blank\" rel=\"nofollow noopener\">drones tambi\u00e9n en Dinamarca<\/a>. En un comunicado, la Alianza indica que los nuevos activos incluyen plataformas de inteligencia, vigilancia y reconocimiento, y al menos una fragata de defensa a\u00e9rea<\/p>\n<p>El presidente estadounidense, <strong>Donald Trump<\/strong>, declar\u00f3 esta semana que respalda la idea de derribar aviones rusos que violen el espacio a\u00e9reo de la OTAN, como parte de un cambio ret\u00f3rico que lo llev\u00f3 a <a href=\"https:\/\/www.rtve.es\/noticias\/20250924\/rusia-ve-error-trump-aliente-ucrania-a-recuperar-territorios-ocupados\/16742329.shtml\" target=\"_blank\" rel=\"nofollow noopener\">burlarse de la actuaci\u00f3n militar de Rusia en Ucrania<\/a> y a calificarla de tigre de papel. Estados Unidos tambi\u00e9n declar\u00f3 ante el Consejo de Seguridad de la ONU que \u00abdefender\u00e1 cada cent\u00edmetro del territorio de la OTAN\u00bb.<\/p>\n<p>Lavrov ha afirmado que Mosc\u00fa est\u00e1 alarmado por las declaraciones de algunos pol\u00edticos en las capitales de la UE y la OTAN sobre una inminente Tercera Guerra Mundial como un \u00abescenario probable\u00bb. \u00abEstas cifras socavan cualquier esfuerzo por encontrar un equilibrio justo de intereses entre todos los miembros de la comunidad internacional al intentar imponer sus enfoques unilaterales a todos los dem\u00e1s\u00bb, ha indicado Lavrov. <\/p>\n<p>El ministro ruso se reuni\u00f3 el mi\u00e9rcoles con el secretario de Estado estadounidense, <strong>Marco Rubio<\/strong>, en el marco de la reuni\u00f3n anual de l\u00edderes mundiales en la Asamblea General de la ONU. \u00abEn el enfoque de la actual administraci\u00f3n estadounidense, vemos un deseo de facilitar no solo la b\u00fasqueda de soluciones realistas a la crisis ucraniana, sino tambi\u00e9n de <strong>desarrollar una cooperaci\u00f3n pragm\u00e1tica sin adoptar una postura ideol\u00f3gica<\/strong>\u00ab, ha resumido Lavrov.<\/p>\n<p>Lavrov no ve inter\u00e9s en la paz por parte de Kiev<\/p>\n<p>Sobre el conflicto en Ucrania, Lavrov no ve inter\u00e9s en Kiev ni en los pa\u00edses europeos para negociar un \u00abacuerdo de paz justo\u00bb. \u00abHasta ahora, <strong>ni Kiev ni sus patrocinadores europeos parecen comprender la urgencia de la situaci\u00f3n<\/strong> y no est\u00e1n dispuestos a negociar un acuerdo de paz justo\u00bb, ha declarado el jefe de la diplomacia rusa ante la Asamblea General de la ONU.<\/p>\n<p>Seg\u00fan Lavrov, Europa \u00abest\u00e1 obsesionada con el ut\u00f3pico objetivo de asestar una derrota estrat\u00e9gica a Rusia\u00bb. Mientas Rusia, ha afirmado, busca <strong>resolver las \u00abcausas originales\u00bb del conflicto<\/strong> y garantizar su seguridad. <\/p>\n<p>\u00abLa seguridad de Rusia y sus intereses vitales deben garantizarse de forma segura. Los derechos de los rusos y los rusohablantes en los territorios que permanecen bajo el control del r\u00e9gimen de Kiev deben restablecerse\u00bb, ha dicho el ministro ruso, quien ha agregado que solo sobre esta base Mosc\u00fa debatir\u00eda unas garant\u00edas de seguridad para Ucrania. <\/p>\n","protected":false},"excerpt":{"rendered":"El ministro de Asuntos Exteriores ruso, Sergei Lavrov, ha advertido este s\u00e1bado a la OTAN y a la&hellip;\n","protected":false},"author":2,"featured_media":142763,"comment_status":"","ping_status":"","sticky":false,"template":"","format":"standard","meta":{"footnotes":""},"categories":[42],"tags":[17,18,13,14,11,61,62,63,64,19,20,9,10,15,16,12,21,22,65,66,67],"class_list":{"0":"post-142762","1":"post","2":"type-post","3":"status-publish","4":"format-standard","5":"has-post-thumbnail","7":"category-internacional","8":"tag-breaking-news","9":"tag-breakingnews","10":"tag-featured-news","11":"tag-featurednews","12":"tag-headlines","13":"tag-internacional","14":"tag-international","15":"tag-international-news","16":"tag-internationalnews","17":"tag-latest-news","18":"tag-latestnews","19":"tag-news","20":"tag-noticias","21":"tag-noticias-destacadas","22":"tag-noticiasdestacadas","23":"tag-titulares","24":"tag-ultimas-noticias","25":"tag-ultimasnoticias","26":"tag-world","27":"tag-world-news","28":"tag-worldnews"},"share_on_mastodon":{"url":"","error":""},"_links":{"self":[{"href":"https:\/\/www.europesays.com\/es\/wp-json\/wp\/v2\/posts\/142762","targetHints":{"allow":["GET"]}}],"collection":[{"href":"https:\/\/www.europesays.com\/es\/wp-json\/wp\/v2\/posts"}],"about":[{"href":"https:\/\/www.europesays.com\/es\/wp-json\/wp\/v2\/types\/post"}],"author":[{"embeddable":true,"href":"https:\/\/www.europesays.com\/es\/wp-json\/wp\/v2\/users\/2"}],"replies":[{"embeddable":true,"href":"https:\/\/www.europesays.com\/es\/wp-json\/wp\/v2\/comments?post=142762"}],"version-history":[{"count":0,"href":"https:\/\/www.europesays.com\/es\/wp-json\/wp\/v2\/posts\/142762\/revisions"}],"wp:featuredmedia":[{"embeddable":true,"href":"https:\/\/www.europesays.com\/es\/wp-json\/wp\/v2\/media\/142763"}],"wp:attachment":[{"href":"https:\/\/www.europesays.com\/es\/wp-json\/wp\/v2\/media?parent=142762"}],"wp:term":[{"taxonomy":"category","embeddable":true,"href":"https:\/\/www.europesays.com\/es\/wp-json\/wp\/v2\/categories?post=142762"},{"taxonomy":"post_tag","embeddable":true,"href":"https:\/\/www.europesays.com\/es\/wp-json\/wp\/v2\/tags?post=142762"}],"curies":[{"name":"wp","href":"https:\/\/api.w.org\/{rel}","templated":true}]}}