{"id":142764,"date":"2025-09-27T18:30:16","date_gmt":"2025-09-27T18:30:16","guid":{"rendered":"https:\/\/www.europesays.com\/es\/142764\/"},"modified":"2025-09-27T18:30:16","modified_gmt":"2025-09-27T18:30:16","slug":"leonor-se-interesa-por-uno-de-sus-lugares-mas-singulares","status":"publish","type":"post","link":"https:\/\/www.europesays.com\/es\/142764\/","title":{"rendered":"Leonor se interesa por uno de sus lugares m\u00e1s singulares"},"content":{"rendered":"<p>El<strong> Palacio de Olite<\/strong> es uno de los lugares m\u00e1s reconocibles y m\u00e1s representativos de <strong>Navarra<\/strong>. De ah\u00ed, la importancia de la visita real de este s\u00e1bado al castillo. De hecho, la <strong>Reina<\/strong>, al saludar a la corporaci\u00f3n en el patio a la entrada ha dicho que no le extra\u00f1a que sea el monumento m\u00e1s visitado de Navarra.<\/p>\n<p>El recorrido previsto inclu\u00eda una visita por la Galer\u00eda Real y el jard\u00edn de la Reina.\u00a0Durante su visita, los monarcas han hecho varios comentarios recordando el momento en el que visitaron el palacio durante su viaje de novios.<\/p>\n<p>El <strong>Rey<\/strong> se ha interesado tambi\u00e9n por la experiencia de realidad virtual puesta en marcha en el Palacio y se ha probado las gafas unos instantes.\u00a0<\/p>\n<p>Tambi\u00e9n se han sacado los Reyes una foto en la torre de los Cuatro Vientos , en el mismo lugar donde se fotografiaron la \u00faltima vez que estuvieron en Olite y han repetido la instant\u00e1nea junto a su primog\u00e9nita.<\/p>\n<p>Como curiosidad, y &#8216;fuera de carta&#8217;, Leonor ha pedido ver la \u00abnevera\u00bb del palacio real, que no estaba entre lo previsto en la visita. La princesa ha visto satisfecho su deseo y la han acompa\u00f1ado a ver esta singular construcci\u00f3n en el exterior de la muralla.<\/p>\n","protected":false},"excerpt":{"rendered":"El Palacio de Olite es uno de los lugares m\u00e1s reconocibles y m\u00e1s representativos de Navarra. De ah\u00ed,&hellip;\n","protected":false},"author":2,"featured_media":142765,"comment_status":"","ping_status":"","sticky":false,"template":"","format":"standard","meta":{"footnotes":""},"categories":[8],"tags":[17,18,2471,25,24,13,14,8471,11,19,20,9,10,15,16,29614,6481,23,12,21,22,938],"class_list":{"0":"post-142764","1":"post","2":"type-post","3":"status-publish","4":"format-standard","5":"has-post-thumbnail","7":"category-espana","8":"tag-breaking-news","9":"tag-breakingnews","10":"tag-carta","11":"tag-es","12":"tag-espana","13":"tag-featured-news","14":"tag-featurednews","15":"tag-fuera","16":"tag-headlines","17":"tag-latest-news","18":"tag-latestnews","19":"tag-news","20":"tag-noticias","21":"tag-noticias-destacadas","22":"tag-noticiasdestacadas","23":"tag-olite","24":"tag-palacio","25":"tag-spain","26":"tag-titulares","27":"tag-ultimas-noticias","28":"tag-ultimasnoticias","29":"tag-visita"},"share_on_mastodon":{"url":"","error":""},"_links":{"self":[{"href":"https:\/\/www.europesays.com\/es\/wp-json\/wp\/v2\/posts\/142764","targetHints":{"allow":["GET"]}}],"collection":[{"href":"https:\/\/www.europesays.com\/es\/wp-json\/wp\/v2\/posts"}],"about":[{"href":"https:\/\/www.europesays.com\/es\/wp-json\/wp\/v2\/types\/post"}],"author":[{"embeddable":true,"href":"https:\/\/www.europesays.com\/es\/wp-json\/wp\/v2\/users\/2"}],"replies":[{"embeddable":true,"href":"https:\/\/www.europesays.com\/es\/wp-json\/wp\/v2\/comments?post=142764"}],"version-history":[{"count":0,"href":"https:\/\/www.europesays.com\/es\/wp-json\/wp\/v2\/posts\/142764\/revisions"}],"wp:featuredmedia":[{"embeddable":true,"href":"https:\/\/www.europesays.com\/es\/wp-json\/wp\/v2\/media\/142765"}],"wp:attachment":[{"href":"https:\/\/www.europesays.com\/es\/wp-json\/wp\/v2\/media?parent=142764"}],"wp:term":[{"taxonomy":"category","embeddable":true,"href":"https:\/\/www.europesays.com\/es\/wp-json\/wp\/v2\/categories?post=142764"},{"taxonomy":"post_tag","embeddable":true,"href":"https:\/\/www.europesays.com\/es\/wp-json\/wp\/v2\/tags?post=142764"}],"curies":[{"name":"wp","href":"https:\/\/api.w.org\/{rel}","templated":true}]}}