{"id":142766,"date":"2025-09-27T18:31:23","date_gmt":"2025-09-27T18:31:23","guid":{"rendered":"https:\/\/www.europesays.com\/es\/142766\/"},"modified":"2025-09-27T18:31:23","modified_gmt":"2025-09-27T18:31:23","slug":"el-mensaje-de-inaki-lopez-a-garamendi-por-su-polemica-comparacion-entre-los-trabajadores-y-carlos-alcaraz","status":"publish","type":"post","link":"https:\/\/www.europesays.com\/es\/142766\/","title":{"rendered":"El mensaje de I\u00f1aki L\u00f3pez a Garamendi por su pol\u00e9mica comparaci\u00f3n entre los trabajadores y Carlos Alcaraz"},"content":{"rendered":"<p class=\"article-text\">\n        Las palabras del presidente de la <strong>CEOE <\/strong>sobre la reducci\u00f3n de la jornada laboral han dado lugar a un intenso debate. <strong>Antonio Garamendi<\/strong> no ve conveniente recortar horas de trabajo (37,5 a la semana propone la ministra Yolanda D\u00edaz) porque eso va contra la \u201ccultura del esfuerzo\u201d. De hecho, incluso ha tomado como ejemplo a Rafa Nadal y Carlos Alcaraz:<strong> \u201c\u00bfT\u00fa crees que Carlitos trabaja 37 horas y media a la semana?\u201d<\/strong>, dijo hace unos d\u00edas <a href=\"https:\/\/www.eldiario.es\/economia\/garamendi-reduccion-jornada-laboral-crees-alcaraz-trabaja-37-horas-media-semana-no_1_12633800.html\" target=\"_blank\" data-mrf-recirculation=\"links-noticia\" class=\"link\" rel=\"nofollow noopener\">en un evento<\/a> el m\u00e1ximo representante de los empresarios espa\u00f1oles.\n    <\/p>\n<p>    <a href=\"https:\/\/www.eldiario.es\/vertele\/audiencias-tv\/pelea-mananas-primer-mes-temporada-2025-2026-silvia-intxaurrondo-arus-mananeros-ana-rosa-quintana-al-rojo-vivo_1_12625812.html\" data-mrf-recirculation=\"saber-mas\" data-dl-event=\"saber-mas\" rel=\"nofollow noopener\" target=\"_blank\"><\/p>\n<p class=\"know-more__title\">As\u00ed va la pelea por las audiencias de las ma\u00f1anas tras el primer mes de la temporada 2025\/2026<\/p>\n<p>            <img decoding=\"async\" class=\"lazy\" loading=\"lazy\" data-src=\"https:\/\/static.eldiario.es\/clip\/b8c5e9ba-eef2-4589-b103-75d833e55d35_16-9-aspect-ratio_default_0.jpg\" src=\"data:image\/svg+xml,%3Csvg xmlns=\" http:=\"\" viewbox=\"0 0 880 495\" alt=\"As\u00ed va la pelea por las audiencias de las ma\u00f1anas tras el primer mes de la temporada 2025\/2026\"\/><\/p>\n<p>                        <\/a><\/p>\n<p class=\"article-text\">\n        La comparativa ha dado mucho que hablar, pero a <strong>I\u00f1aki L\u00f3pez <\/strong>no le extra\u00f1a que Garamendi vaya con la queja por delante.\n    <\/p>\n<p class=\"article-text\">\n        \u201cLos empresarios siempre se han quejado con las subidas del salario m\u00ednimo, con las bajas laborales, etc\u201d, record\u00f3 este viernes el presentador de <strong>M\u00e1s Vale Tarde<\/strong> (laSexta). Y es que, \u201ccada vez que se incrementan los derechos de los trabajadores, los empresarios siempre se han quejado\u201d, insisti\u00f3.\n    <\/p>\n<p class=\"article-text\">\n        Adem\u00e1s, la econom\u00eda espa\u00f1ola sigue <a href=\"https:\/\/www.eldiario.es\/economia\/ocde-eleva-2-6-prevision-crecimiento-espana-mantiene-cabeza-grandes-economias_1_12624353.html\" target=\"_blank\" data-mrf-recirculation=\"links-noticia\" class=\"link\" rel=\"nofollow noopener\">liderando el crecimiento<\/a> entre las grandes potencias, a pesar de todas las reformas laborales que fueron criticadas por las organizaciones empresariales: \u201cEl pa\u00eds sigue creciendo, pero quejarse es lo primero\u201d, lament\u00f3 el periodista de laSexta, acostumbrado ya al discurso de siempre.\n    <\/p>\n<p>    <a href=\"https:\/\/www.eldiario.es\/vertele\/noticias\/terelu-de-viernes-advertencia-mar-flores-beatriz-archidona_1_12637301.html\" data-mrf-recirculation=\"saber-mas-abajo\" data-dl-event=\"saber-mas-abajo\" rel=\"nofollow noopener\" target=\"_blank\"><\/p>\n<p class=\"know-more__title\">Terelu sorprendi\u00f3 en &#8216;De Viernes&#8217; con una advertencia dirigida a Mar Flores: \u201cY solo Beatriz Archidona sabe por qu\u00e9\u201d<\/p>\n<p>            <img decoding=\"async\" class=\"lazy\" loading=\"lazy\" data-src=\"https:\/\/static.eldiario.es\/clip\/c539bc60-a130-4999-91ef-c4be27186074_16-9-aspect-ratio_default_0.jpg\" src=\"data:image\/svg+xml,%3Csvg xmlns=\" http:=\"\" viewbox=\"0 0 880 495\" alt=\"Terelu sorprendi\u00f3 en 'De Viernes' con una advertencia dirigida a Mar Flores: &quot;Y solo Beatriz Archidona sabe por qu\u00e9&quot;\"\/><\/p>\n<p>                        <\/a><\/p>\n<p class=\"article-text\">\n        <a href=\"https:\/\/www.eldiario.es\/economia\/pp-junts-vox-tumban-ley-reducir-jornada-laboral-37-horas-media_1_12593008.html\" target=\"_blank\" data-mrf-recirculation=\"links-noticia\" class=\"link\" rel=\"nofollow noopener\">PP, Junts y Vox han impedido<\/a> que el Congreso apruebe la reducci\u00f3n de la jornada laboral, una de las medidas estrella de Sumar.\n    <\/p>\n","protected":false},"excerpt":{"rendered":"Las palabras del presidente de la CEOE sobre la reducci\u00f3n de la jornada laboral han dado lugar a&hellip;\n","protected":false},"author":2,"featured_media":142767,"comment_status":"","ping_status":"","sticky":false,"template":"","format":"standard","meta":{"footnotes":""},"categories":[5],"tags":[17,18,545,7743,17505,25,24,13,14,44245,11,6616,19,20,7355,8079,9,10,15,16,6894,23,12,21,22],"class_list":{"0":"post-142766","1":"post","2":"type-post","3":"status-publish","4":"format-standard","5":"has-post-thumbnail","7":"category-titulares","8":"tag-breaking-news","9":"tag-breakingnews","10":"tag-carlos-alcaraz","11":"tag-derechos","12":"tag-empresarios","13":"tag-es","14":"tag-espana","15":"tag-featured-news","16":"tag-featurednews","17":"tag-garamendi","18":"tag-headlines","19":"tag-inaki","20":"tag-latest-news","21":"tag-latestnews","22":"tag-lopez","23":"tag-mensaje","24":"tag-news","25":"tag-noticias","26":"tag-noticias-destacadas","27":"tag-noticiasdestacadas","28":"tag-rafa-nadal","29":"tag-spain","30":"tag-titulares","31":"tag-ultimas-noticias","32":"tag-ultimasnoticias"},"share_on_mastodon":{"url":"","error":""},"_links":{"self":[{"href":"https:\/\/www.europesays.com\/es\/wp-json\/wp\/v2\/posts\/142766","targetHints":{"allow":["GET"]}}],"collection":[{"href":"https:\/\/www.europesays.com\/es\/wp-json\/wp\/v2\/posts"}],"about":[{"href":"https:\/\/www.europesays.com\/es\/wp-json\/wp\/v2\/types\/post"}],"author":[{"embeddable":true,"href":"https:\/\/www.europesays.com\/es\/wp-json\/wp\/v2\/users\/2"}],"replies":[{"embeddable":true,"href":"https:\/\/www.europesays.com\/es\/wp-json\/wp\/v2\/comments?post=142766"}],"version-history":[{"count":0,"href":"https:\/\/www.europesays.com\/es\/wp-json\/wp\/v2\/posts\/142766\/revisions"}],"wp:featuredmedia":[{"embeddable":true,"href":"https:\/\/www.europesays.com\/es\/wp-json\/wp\/v2\/media\/142767"}],"wp:attachment":[{"href":"https:\/\/www.europesays.com\/es\/wp-json\/wp\/v2\/media?parent=142766"}],"wp:term":[{"taxonomy":"category","embeddable":true,"href":"https:\/\/www.europesays.com\/es\/wp-json\/wp\/v2\/categories?post=142766"},{"taxonomy":"post_tag","embeddable":true,"href":"https:\/\/www.europesays.com\/es\/wp-json\/wp\/v2\/tags?post=142766"}],"curies":[{"name":"wp","href":"https:\/\/api.w.org\/{rel}","templated":true}]}}