{"id":142770,"date":"2025-09-27T18:33:07","date_gmt":"2025-09-27T18:33:07","guid":{"rendered":"https:\/\/www.europesays.com\/es\/142770\/"},"modified":"2025-09-27T18:33:07","modified_gmt":"2025-09-27T18:33:07","slug":"el-torero-aragones-aaron-palacio-gana-el-trofeo-ciudad-de-logrono-2025-de-la-feria-de-san-mateo","status":"publish","type":"post","link":"https:\/\/www.europesays.com\/es\/142770\/","title":{"rendered":"El torero aragon\u00e9s Aar\u00f3n Palacio gana el Trofeo Ciudad de Logro\u00f1o 2025 de la Feria de San Mateo"},"content":{"rendered":"<p class=\"paragraph\">El torero aragon\u00e9s <a href=\"https:\/\/www.heraldo.es\/noticias\/ocio-y-cultura\/2025\/09\/23\/aaron-palacio-vuelve-a-salir-por-la-puerta-grande-de-logrono-1856347.html\" title=\"El torero aragon\u00e9s Aar\u00f3n Palacio vuelve a abrir la puerta grande de Logro\u00f1o\" rel=\"nofollow noopener\" target=\"_blank\">Aar\u00f3n Palacio<\/a> ha ganado el Trofeo Ciudad de Logro\u00f1o a <b>la mejor lidia de 2025<\/b> por su faena al toro &#8216;Naranjero&#8217;, en la Feria Taurina de San Mateo de Logro\u00f1o.<\/p>\n<p class=\"paragraph\">Seg\u00fan ha informado este s\u00e1bado el Club, en una nota, su Junta Directiva ha acordado conceder a Palacio este trofeo por su lidia al toro casta\u00f1o, herrado con el n\u00famero 68 de nombre &#8216;Naranjero&#8217;, de la Ganader\u00eda N\u00fa\u00f1ez del Cuvillo, lidiado en sexto lugar, el pasado 23 de septiembre, <b>en un mano a mano con el torero riojano Diego Urdiales.<\/b><\/p>\n<p class=\"paragraph\">En la exigente plaza de Logro\u00f1o, <b>Aar\u00f3n Palacio sali\u00f3 por la puerta grande<\/b>, con una rotunda faena a &#8216;Naranjero&#8217;, su sexto toro, el tercero de su lote, lo que consolida su extraordinaria irrupci\u00f3n en la jerarqu\u00eda del toreo.<\/p>\n<p class=\"paragraph\">La expectaci\u00f3n ya es m\u00e1xima en Zaragoza <b>en la Feria del Pilar<\/b> para ver al torero aragon\u00e9s, con un esperado mano a mano con Sebasti\u00e1n Castella programado para el jueves d\u00eda 9 de octubre. Adem\u00e1s, ser\u00e1 con reses bravas de Jandilla, el mismo hierro con el que abri\u00f3 la Puerta de los C\u00f3nsules en Nimes el pasado s\u00e1bado en su debut como matador de toros.<\/p>\n<p class=\"paragraph\">El club taurino logro\u00f1\u00e9s y el Ayuntamiento de Logro\u00f1o organizan cada feria de San Mateo este trofeo que ahora recae en el diestro aragon\u00e9s. <b>Se se concede a la mejor lidia de la feria<\/b>, un galard\u00f3n que consiste en una r\u00e9plica de la muralla de &#8216;El Revell\u00edn&#8217; de la capital riojana.<\/p>\n<p class=\"paragraph\">Entre los <b>ganadores de este trofeo<\/b> figuran C\u00e9sar Jim\u00e9nez, Juan Jos\u00e9 Padilla, Sebasti\u00e1n Castella, El Juli, El Cid, Iv\u00e1n Fandi\u00f1o, Roca Rey, Juan Bautista, Jos\u00e9 Garrido y el rejoneador Pablo Hermoso de Mendoza.\u00a0Los diestros que en m\u00e1s ocasiones han recibido este galard\u00f3n son el extreme\u00f1o Miguel \u00c1ngel Perera, y Diego Urdiales.<\/p>\n","protected":false},"excerpt":{"rendered":"El torero aragon\u00e9s Aar\u00f3n Palacio ha ganado el Trofeo Ciudad de Logro\u00f1o a la mejor lidia de 2025&hellip;\n","protected":false},"author":2,"featured_media":142771,"comment_status":"","ping_status":"","sticky":false,"template":"","format":"standard","meta":{"footnotes":""},"categories":[277],"tags":[373,168,25,24,35449,23,167,374],"class_list":{"0":"post-142770","1":"post","2":"type-post","3":"status-publish","4":"format-standard","5":"has-post-thumbnail","7":"category-toreo","8":"tag-bullfighting","9":"tag-deportes","10":"tag-es","11":"tag-espana","12":"tag-ocio-y-cultura","13":"tag-spain","14":"tag-sports","15":"tag-toreo"},"share_on_mastodon":{"url":"","error":""},"_links":{"self":[{"href":"https:\/\/www.europesays.com\/es\/wp-json\/wp\/v2\/posts\/142770","targetHints":{"allow":["GET"]}}],"collection":[{"href":"https:\/\/www.europesays.com\/es\/wp-json\/wp\/v2\/posts"}],"about":[{"href":"https:\/\/www.europesays.com\/es\/wp-json\/wp\/v2\/types\/post"}],"author":[{"embeddable":true,"href":"https:\/\/www.europesays.com\/es\/wp-json\/wp\/v2\/users\/2"}],"replies":[{"embeddable":true,"href":"https:\/\/www.europesays.com\/es\/wp-json\/wp\/v2\/comments?post=142770"}],"version-history":[{"count":0,"href":"https:\/\/www.europesays.com\/es\/wp-json\/wp\/v2\/posts\/142770\/revisions"}],"wp:featuredmedia":[{"embeddable":true,"href":"https:\/\/www.europesays.com\/es\/wp-json\/wp\/v2\/media\/142771"}],"wp:attachment":[{"href":"https:\/\/www.europesays.com\/es\/wp-json\/wp\/v2\/media?parent=142770"}],"wp:term":[{"taxonomy":"category","embeddable":true,"href":"https:\/\/www.europesays.com\/es\/wp-json\/wp\/v2\/categories?post=142770"},{"taxonomy":"post_tag","embeddable":true,"href":"https:\/\/www.europesays.com\/es\/wp-json\/wp\/v2\/tags?post=142770"}],"curies":[{"name":"wp","href":"https:\/\/api.w.org\/{rel}","templated":true}]}}